{"id":48269,"date":"2025-09-12T22:05:29","date_gmt":"2025-09-12T22:05:29","guid":{"rendered":"https:\/\/historiografija.hr\/?p=48269"},"modified":"2025-09-12T22:05:29","modified_gmt":"2025-09-12T22:05:29","slug":"predstavljena-fotomonografija-domovinski-rat-prica-o-pobjedi-objavljena-u-povodu-30-obljetnice-vojno-redarstvenih-operacija-bljesak-i-oluja","status":"publish","type":"post","link":"https:\/\/historiografija.hr\/?p=48269","title":{"rendered":"Predstavljena fotomonografija &#8220;Domovinski rat &#8211; Pri\u010da o pobjedi&#8221; objavljena u povodu 30. obljetnice vojno-redarstvenih operacija Bljesak i Oluja"},"content":{"rendered":"\n<p>U Nacionalnoj i sveu\u010dili\u0161noj knji\u017enici u Zagrebu predstavljena je 11. rujna 2025. rasko\u0161na dvojezi\u010dna fotomonografija \u201eDomovinski rat &#8211; Pri\u010da o pobjedi\u201c objavljena u izdanju Hrvatskoga memorijalno-dokumentacijskog centra Domovinskog rata i Mozaik knjige u povodu 30. obljetnice vojno-redarstvenih operacija Bljesak i Oluja.<\/p>\n\n\n\n<p>Izdanje su predstavili ravnateljica Hrvatskog povijesnog muzeja Matea Brstilo Re\u0161etar, ravnatelj Hrvatskog memorijalno-dokumentacijskog centra Domovinskog rata Ante Nazor, ratni izvjestitelji Stanko Feri\u0107 i&nbsp;Dinko Neskusil te urednik Vid Jak\u0161a Opa\u010di\u0107, a me\u0111u okupljenima bila je i izaslanica ministrice kulture i medija dr. sc. Nine Obuljen Kor\u017einek, Anu\u0161ka Deranja Crnoki\u0107, ovla\u0161tena za obavljanje poslova ravnatelja Uprave za arhive, knji\u017enice i muzeje Ministarstva kulture i medija.<br>&nbsp;<br>Nastala u suradnji s Hrvatskim povijesnim muzejom, ta knjiga donosi prikaz hrvatske borbe za neovisnost iz objektiva vi\u0161e od trideset ratnih fotografa koji su svjedo\u010dili klju\u010dnim trenucima na prvoj crti boji\u0161ta. Njihove kamere bile su mo\u0107no oru\u017eje u borbi za istinu, dokumenti i svjedo\u010danstva agresije na Hrvatsku i hrvatski narod kojemu je tada osporavano pravo na samostalnost.<br>&nbsp;<br>Fotomonografija kroz autenti\u010dne i sna\u017ene fotografije donosi kronolo\u0161ki prikaz doga\u0111aja koji su prethodili Domovinskom ratu, klju\u010dnih trenutaka tijekom ratnih godina (1991. &#8211; 1995.) i razdoblja neposredno nakon njegovoga zavr\u0161etka. Osim velike dokumentarne vrijednosti, knjiga prenosi sna\u017ene poruke o ustrajnosti ljudskog duha, solidarnosti te svjedo\u010danstvo o hrabrosti i povijesnoj pobjedi Hrvatske u Domovinskom ratu.<br>&nbsp;<br>U fotomonografiji zastupljene su fotografije sljede\u0107ih autora: Ivana Asi\u0107, Darko Bavoljak, Josip Bistrovi\u0107, Bo\u017eo Bi\u0161kupi\u0107, Predrag Bosnar, Renato Bran\u0111olica, Stanko Feri\u0107, Mario Filipi, Zoran Filipovi\u0107, Ivica Galovi\u0107, \u017deljko Ga\u0161parovi\u0107, Steve Gaunt, Mladen Genc, Drago Havranek, Stanko Herceg, Mario Jareb, Ljubomir Ka\u010di\u0107, Zlatko Kalle, Klub veterana 119. brigade HV-a, Aleksandar Korka, Svebor Labura, Mi\u0161o Li\u0161anin, Hrvoje Matanovi\u0107, Ivica Mato\u0161evi\u0107, Jadran Mimica, Gojko Miti\u0107, Dinko Neskusil, Goran Novotny, Goran Paveli\u0107, Marko Peri\u0107, \u017darko Pe\u0161a, Planinska satnija Velebit, Vilson Poli\u0107, Ivan Posavec, Zdenko Pu\u0161i\u0107, Damir Radni\u0107, Zdravko Sen\u010dar, Antun Smaji\u0107, Sre\u0107ko Stipovi\u0107, Zvonimir Tanocki, Marin Topi\u0107, Du\u0161ka Trgo, Pavo Urban, Davorin Vi\u0161nji\u0107, Ivo Vrtari\u0107 i Srdjan (\u017diga) \u017divulovi\u0107.<\/p>\n\n\n\n<hr class=\"wp-block-separator has-alpha-channel-opacity\"\/>\n\n\n\n<p>Izvor:<\/p>\n\n\n\n<p><a href=\"https:\/\/min-kulture.gov.hr\/vijesti-8\/predstavljena-fotomonografija-domovinski-rat-prica-o-pobjedi-objavljena-u-povodu-30-obljetnice-vojno-redarstvenih-operacija-bljesak-i-oluja\/28562\">https:\/\/min-kulture.gov.hr\/vijesti-8\/predstavljena-fotomonografija-domovinski-rat-prica-o-pobjedi-objavljena-u-povodu-30-obljetnice-vojno-redarstvenih-operacija-bljesak-i-oluja\/28562<\/a><\/p>\n\n\n\n<hr class=\"wp-block-separator has-alpha-channel-opacity\"\/>\n\n\n\n<p>Iz medija:<\/p>\n\n\n\n<p><a href=\"https:\/\/www.hina.hr\/vijest\/12051299\">https:\/\/www.hina.hr\/vijest\/12051299<\/a><\/p>\n\n\n\n<p><a href=\"https:\/\/magazin.hrt.hr\/kultura\/predstavljena-fotomonografija-domovinski-rat-prica-o-pobjedi--12329626\">https:\/\/magazin.hrt.hr\/kultura\/predstavljena-fotomonografija-domovinski-rat-prica-o-pobjedi&#8211;12329626<\/a><\/p>\n\n\n\n<p><a href=\"https:\/\/www.vecernji.hr\/zagreb\/hrvatska-pobjeda-u-500-fotografija-u-nsk-predstavljena-fotomonografija-domovinski-rat-prica-o-pobjedi-1890176\">https:\/\/www.vecernji.hr\/zagreb\/hrvatska-pobjeda-u-500-fotografija-u-nsk-predstavljena-fotomonografija-domovinski-rat-prica-o-pobjedi-1890176<\/a><\/p>\n\n\n\n<hr class=\"wp-block-separator has-alpha-channel-opacity\"\/>\n","protected":false},"excerpt":{"rendered":"","protected":false},"author":2,"featured_media":48270,"comment_status":"open","ping_status":"open","sticky":false,"template":"","format":"standard","meta":{"_acf_changed":false,"jetpack_post_was_ever_published":false,"_jetpack_newsletter_access":"","_jetpack_dont_email_post_to_subs":false,"_jetpack_newsletter_tier_id":0,"_jetpack_memberships_contains_paywalled_content":false,"_jetpack_memberships_contains_paid_content":false,"footnotes":"","jetpack_publicize_message":"","jetpack_publicize_feature_enabled":true,"jetpack_social_post_already_shared":true,"jetpack_social_options":{"image_generator_settings":{"template":"highway","default_image_id":0,"font":"","enabled":false},"version":2}},"categories":[3],"tags":[],"class_list":["post-48269","post","type-post","status-publish","format-standard","has-post-thumbnail","hentry","category-novosti"],"acf":{"facebook_opis":""},"jetpack_publicize_connections":[],"jetpack_featured_media_url":"https:\/\/i0.wp.com\/historiografija.hr\/wp-content\/uploads\/2025\/09\/Domovinski_rat.jpg?fit=750%2C500&ssl=1","jetpack_sharing_enabled":true,"jetpack-related-posts":[],"_links":{"self":[{"href":"https:\/\/historiografija.hr\/index.php?rest_route=\/wp\/v2\/posts\/48269","targetHints":{"allow":["GET"]}}],"collection":[{"href":"https:\/\/historiografija.hr\/index.php?rest_route=\/wp\/v2\/posts"}],"about":[{"href":"https:\/\/historiografija.hr\/index.php?rest_route=\/wp\/v2\/types\/post"}],"author":[{"embeddable":true,"href":"https:\/\/historiografija.hr\/index.php?rest_route=\/wp\/v2\/users\/2"}],"replies":[{"embeddable":true,"href":"https:\/\/historiografija.hr\/index.php?rest_route=%2Fwp%2Fv2%2Fcomments&post=48269"}],"version-history":[{"count":1,"href":"https:\/\/historiografija.hr\/index.php?rest_route=\/wp\/v2\/posts\/48269\/revisions"}],"predecessor-version":[{"id":48271,"href":"https:\/\/historiografija.hr\/index.php?rest_route=\/wp\/v2\/posts\/48269\/revisions\/48271"}],"wp:featuredmedia":[{"embeddable":true,"href":"https:\/\/historiografija.hr\/index.php?rest_route=\/wp\/v2\/media\/48270"}],"wp:attachment":[{"href":"https:\/\/historiografija.hr\/index.php?rest_route=%2Fwp%2Fv2%2Fmedia&parent=48269"}],"wp:term":[{"taxonomy":"category","embeddable":true,"href":"https:\/\/historiografija.hr\/index.php?rest_route=%2Fwp%2Fv2%2Fcategories&post=48269"},{"taxonomy":"post_tag","embeddable":true,"href":"https:\/\/historiografija.hr\/index.php?rest_route=%2Fwp%2Fv2%2Ftags&post=48269"}],"curies":[{"name":"wp","href":"https:\/\/api.w.org\/{rel}","templated":true}]}}