{"id":48234,"date":"2025-09-10T21:50:00","date_gmt":"2025-09-10T21:50:00","guid":{"rendered":"https:\/\/historiografija.hr\/?p=48234"},"modified":"2025-09-12T23:04:25","modified_gmt":"2025-09-12T23:04:25","slug":"odrzano-javno-savjetovanje-antifasisticki-zagreb-bastina-antifasizma-u-suvremenim-obrazovnim-muzejskim-i-istrazivackim-praksama","status":"publish","type":"post","link":"https:\/\/historiografija.hr\/?p=48234","title":{"rendered":"Odr\u017eano javno savjetovanje \u201cAntifa\u0161isti\u010dki Zagreb \u2013 ba\u0161tina antifa\u0161izma u suvremenim obrazovnim, muzejskim i istra\u017eiva\u010dkim praksama\u201d"},"content":{"rendered":"\n<p>U srijedu, 10. rujna 2025., u Muzeju grada Zagreba odr\u017eano je javno savjetovanje <strong>\u201cAntifa\u0161isti\u010dki Zagreb \u2013 ba\u0161tina antifa\u0161izma u suvremenim obrazovnim, muzejskim i istra\u017eiva\u010dkim praksama\u201d<\/strong>. Doga\u0111anje je okupilo istra\u017eiva\u010de, muzejske djelatnike, nastavnike, predstavnike civilnog dru\u0161tva i zainteresiranu javnost.<\/p>\n\n\n\n<p>Savjetovanje je organizirano u okviru projekta <em>Antifa\u0161isti\u010dki Zagreb<\/em>, koji provode <em>Documenta<\/em> \u2013 Centar za suo\u010davanje s pro\u0161lo\u0161\u0107u, Muzej grada Zagreba i Antifa\u0161isti\u010dka liga Republike Hrvatske, uz podr\u0161ku Grada Zagreba. Predstavljeni su rezultati istra\u017eivanja o zastupljenosti tema antifa\u0161izma u osnovnim i srednjim \u0161kolama u Hrvatskoj te prijedlozi kako tu ba\u0161tinu u\u010diniti vidljivijom i prisutnijom u obrazovnim i muzejskim praksama.<\/p>\n\n\n\n<p>Izlaganje je otvorila <strong>dr. Aleksandra Berberih Slana<\/strong>, ravnateljica Muzeja grada Zagreba, govorom o suvremenim muzejskim i izlo\u017ebenim praksama u odnosu na antifa\u0161isti\u010dku ba\u0161tinu. Nakon nje, <strong>Mario \u0160imunkovi\u0107,<\/strong> doktorand Filozofskog fakulteta u Zagrebu, predstavio je umjetni\u010dko-istra\u017eiva\u010dke programe koje je kreirao ili na kojima je sudjelovao, uz preporuke za dostupnije kori\u0161tenje arhivskog materijala. Povjesni\u010dar <strong>Miljenko Hajdarovi\u0107<\/strong> izlo\u017eio je rezultate istra\u017eivanja <em>Obrazovne prakse \u2013 Antifa\u0161isti\u010dki Zagreb<\/em> i mogu\u0107nosti razvoja terenske nastave posve\u0107ene antifa\u0161isti\u010dkoj ba\u0161tini. Na njegove se zaklju\u010dke nadovezala povjesni\u010darka i istra\u017eiva\u010dica <em>Documente<\/em> <strong>Tena Banjeglav<\/strong>, koja je naglasila va\u017enost povezivanja obrazovnih sadr\u017eaja s neposrednim svjedo\u010danstvima u radu s mladima, predstaviv\u0161i pritom dosada\u0161nje aktivnosti i planove <em>Documente.<\/em><\/p>\n\n\n\n<p>Zaklju\u010deno je da je sustavan dijalog izme\u0111u obrazovnih institucija, muzeja, civilnog dru\u0161tva i lokalnih vlasti klju\u010dan za o\u010duvanje i afirmaciju antifa\u0161isti\u010dke ba\u0161tine te njezino preno\u0161enje novim generacijama.<\/p>\n\n\n\n<p>U privitku donosimo rezultate istra\u017eivanja \u201dObrazovne prakse \u2013 Antifa\u0161isti\u010dki Zagreb\u201d koje je proveo Miljenko Hajdarovi\u0107.<\/p>\n\n\n\n<p><a href=\"https:\/\/documenta.hr\/wp-content\/uploads\/2025\/09\/Obrazovne-prakse_Antifasisticki-Zagreb.pdf\" target=\"_blank\" rel=\"noreferrer noopener\">PDF Obrazovne prakse_Antifasisticki Zagreb<\/a><\/p>\n\n\n\n<hr class=\"wp-block-separator has-alpha-channel-opacity\"\/>\n\n\n\n<p>Izvor:<\/p>\n\n\n\n<figure class=\"wp-block-embed is-type-wp-embed is-provider-documenta wp-block-embed-documenta\"><div class=\"wp-block-embed__wrapper\">\n<blockquote class=\"wp-embedded-content\" data-secret=\"U3K5S1Pwpb\"><a href=\"https:\/\/documenta.hr\/novosti\/odrzano-javno-savjetovanje-antifasisticki-zagreb-bastina-antifasizma-u-suvremenim-obrazovnim-muzejskim-i-istrazivackim-praksama\/\">Odr\u017eano javno savjetovanje \u201cAntifa\u0161isti\u010dki Zagreb &#8211; ba\u0161tina antifa\u0161izma u suvremenim obrazovnim, muzejskim i istra\u017eiva\u010dkim praksama\u201d<\/a><\/blockquote><iframe loading=\"lazy\" class=\"wp-embedded-content\" sandbox=\"allow-scripts\" security=\"restricted\" style=\"position: absolute; visibility: hidden;\" title=\"&#8220;Odr\u017eano javno savjetovanje \u201cAntifa\u0161isti\u010dki Zagreb &#8211; ba\u0161tina antifa\u0161izma u suvremenim obrazovnim, muzejskim i istra\u017eiva\u010dkim praksama\u201d&#8221; &#8212; Documenta\" src=\"https:\/\/documenta.hr\/novosti\/odrzano-javno-savjetovanje-antifasisticki-zagreb-bastina-antifasizma-u-suvremenim-obrazovnim-muzejskim-i-istrazivackim-praksama\/embed\/#?secret=U3K5S1Pwpb\" data-secret=\"U3K5S1Pwpb\" width=\"600\" height=\"338\" frameborder=\"0\" marginwidth=\"0\" marginheight=\"0\" scrolling=\"no\"><\/iframe>\n<\/div><\/figure>\n\n\n\n<hr class=\"wp-block-separator has-alpha-channel-opacity\"\/>\n\n\n\n<p>Iz medija:<\/p>\n\n\n\n<p><a href=\"https:\/\/www.portalnovosti.com\/koristenje-arhivske-grade-u-nekomercijalne-svrhe-mora-biti-besplatno\">https:\/\/www.portalnovosti.com\/koristenje-arhivske-grade-u-nekomercijalne-svrhe-mora-biti-besplatno<\/a><\/p>\n\n\n\n<hr class=\"wp-block-separator has-alpha-channel-opacity\"\/>\n","protected":false},"excerpt":{"rendered":"","protected":false},"author":2,"featured_media":48235,"comment_status":"open","ping_status":"open","sticky":false,"template":"","format":"standard","meta":{"_acf_changed":false,"jetpack_post_was_ever_published":false,"_jetpack_newsletter_access":"","_jetpack_dont_email_post_to_subs":false,"_jetpack_newsletter_tier_id":0,"_jetpack_memberships_contains_paywalled_content":false,"_jetpack_memberships_contains_paid_content":false,"footnotes":"","jetpack_publicize_message":"","jetpack_publicize_feature_enabled":true,"jetpack_social_post_already_shared":true,"jetpack_social_options":{"image_generator_settings":{"template":"highway","default_image_id":0,"font":"","enabled":false},"version":2}},"categories":[3],"tags":[],"class_list":["post-48234","post","type-post","status-publish","format-standard","has-post-thumbnail","hentry","category-novosti"],"acf":{"facebook_opis":""},"jetpack_publicize_connections":[],"jetpack_featured_media_url":"https:\/\/i0.wp.com\/historiografija.hr\/wp-content\/uploads\/2025\/09\/Savjetovanje.jpg?fit=703%2C937&ssl=1","jetpack_sharing_enabled":true,"jetpack-related-posts":[],"_links":{"self":[{"href":"https:\/\/historiografija.hr\/index.php?rest_route=\/wp\/v2\/posts\/48234","targetHints":{"allow":["GET"]}}],"collection":[{"href":"https:\/\/historiografija.hr\/index.php?rest_route=\/wp\/v2\/posts"}],"about":[{"href":"https:\/\/historiografija.hr\/index.php?rest_route=\/wp\/v2\/types\/post"}],"author":[{"embeddable":true,"href":"https:\/\/historiografija.hr\/index.php?rest_route=\/wp\/v2\/users\/2"}],"replies":[{"embeddable":true,"href":"https:\/\/historiografija.hr\/index.php?rest_route=%2Fwp%2Fv2%2Fcomments&post=48234"}],"version-history":[{"count":2,"href":"https:\/\/historiografija.hr\/index.php?rest_route=\/wp\/v2\/posts\/48234\/revisions"}],"predecessor-version":[{"id":48288,"href":"https:\/\/historiografija.hr\/index.php?rest_route=\/wp\/v2\/posts\/48234\/revisions\/48288"}],"wp:featuredmedia":[{"embeddable":true,"href":"https:\/\/historiografija.hr\/index.php?rest_route=\/wp\/v2\/media\/48235"}],"wp:attachment":[{"href":"https:\/\/historiografija.hr\/index.php?rest_route=%2Fwp%2Fv2%2Fmedia&parent=48234"}],"wp:term":[{"taxonomy":"category","embeddable":true,"href":"https:\/\/historiografija.hr\/index.php?rest_route=%2Fwp%2Fv2%2Fcategories&post=48234"},{"taxonomy":"post_tag","embeddable":true,"href":"https:\/\/historiografija.hr\/index.php?rest_route=%2Fwp%2Fv2%2Ftags&post=48234"}],"curies":[{"name":"wp","href":"https:\/\/api.w.org\/{rel}","templated":true}]}}