{"id":48228,"date":"2025-09-10T21:42:58","date_gmt":"2025-09-10T21:42:58","guid":{"rendered":"https:\/\/historiografija.hr\/?p=48228"},"modified":"2025-09-10T21:42:58","modified_gmt":"2025-09-10T21:42:58","slug":"lupa-beograd-nije-jedini-bombardirani-grad-u-regiji-1941-kako-je-to-aleksandar-vucic-tumacio-xi-jinpingu","status":"publish","type":"post","link":"https:\/\/historiografija.hr\/?p=48228","title":{"rendered":"Lupa: Beograd nije jedini bombardirani grad u regiji 1941. kako je to Aleksandar Vu\u010di\u0107 tuma\u010dio Xi Jinpingu"},"content":{"rendered":"\n<p>Na portalu Lupa objavljen je 7. rujna 2025. prilog Dubravka Grakali\u0107a \u201eBeograd nije jedini bombardirani grad u regiji 1941. kako je to Aleksandar Vu\u010di\u0107 tuma\u010dio Xi Jinpingu\u201c.<\/p>\n\n\n\n<hr class=\"wp-block-separator has-alpha-channel-opacity\"\/>\n\n\n\n<p>Prilog je dostupan na sljede\u0107oj poveznici:<\/p>\n\n\n\n<p><a href=\"https:\/\/lupa.lupiga.com\/politika-i-drustvo\/beograd-nije-jedini-bombardirani-grad-u-regiji-1941-kako-je-to-aleksandar-vucic-tumacio-xi-jinpingu\">https:\/\/lupa.lupiga.com\/politika-i-drustvo\/beograd-nije-jedini-bombardirani-grad-u-regiji-1941-kako-je-to-aleksandar-vucic-tumacio-xi-jinpingu<\/a><\/p>\n\n\n\n<hr class=\"wp-block-separator has-alpha-channel-opacity\"\/>\n\n\n\n<p>Prilog je objavljen i na poveznici:<\/p>\n\n\n\n<p><a href=\"https:\/\/www.tocnotako.hr\/clanak\/Beograd-nije-jedini-bombardirani-grad-u-regiji-1941-kako-je-to-Aleksandar-Vucic-tumacio-Xi-Jinpingu_Lupa\/2074\">https:\/\/www.tocnotako.hr\/clanak\/Beograd-nije-jedini-bombardirani-grad-u-regiji-1941-kako-je-to-Aleksandar-Vucic-tumacio-Xi-Jinpingu_Lupa\/2074<\/a><\/p>\n\n\n\n<hr class=\"wp-block-separator has-alpha-channel-opacity\"\/>\n","protected":false},"excerpt":{"rendered":"","protected":false},"author":2,"featured_media":48229,"comment_status":"open","ping_status":"open","sticky":false,"template":"","format":"standard","meta":{"_acf_changed":false,"jetpack_post_was_ever_published":false,"_jetpack_newsletter_access":"","_jetpack_dont_email_post_to_subs":false,"_jetpack_newsletter_tier_id":0,"_jetpack_memberships_contains_paywalled_content":false,"_jetpack_memberships_contains_paid_content":false,"footnotes":"","jetpack_publicize_message":"","jetpack_publicize_feature_enabled":true,"jetpack_social_post_already_shared":true,"jetpack_social_options":{"image_generator_settings":{"template":"highway","default_image_id":0,"font":"","enabled":false},"version":2}},"categories":[3],"tags":[],"class_list":["post-48228","post","type-post","status-publish","format-standard","has-post-thumbnail","hentry","category-novosti"],"acf":{"facebook_opis":""},"jetpack_publicize_connections":[],"jetpack_featured_media_url":"https:\/\/i0.wp.com\/historiografija.hr\/wp-content\/uploads\/2025\/09\/big_velika2.jpg?fit=650%2C375&ssl=1","jetpack_sharing_enabled":true,"jetpack-related-posts":[],"_links":{"self":[{"href":"https:\/\/historiografija.hr\/index.php?rest_route=\/wp\/v2\/posts\/48228","targetHints":{"allow":["GET"]}}],"collection":[{"href":"https:\/\/historiografija.hr\/index.php?rest_route=\/wp\/v2\/posts"}],"about":[{"href":"https:\/\/historiografija.hr\/index.php?rest_route=\/wp\/v2\/types\/post"}],"author":[{"embeddable":true,"href":"https:\/\/historiografija.hr\/index.php?rest_route=\/wp\/v2\/users\/2"}],"replies":[{"embeddable":true,"href":"https:\/\/historiografija.hr\/index.php?rest_route=%2Fwp%2Fv2%2Fcomments&post=48228"}],"version-history":[{"count":1,"href":"https:\/\/historiografija.hr\/index.php?rest_route=\/wp\/v2\/posts\/48228\/revisions"}],"predecessor-version":[{"id":48230,"href":"https:\/\/historiografija.hr\/index.php?rest_route=\/wp\/v2\/posts\/48228\/revisions\/48230"}],"wp:featuredmedia":[{"embeddable":true,"href":"https:\/\/historiografija.hr\/index.php?rest_route=\/wp\/v2\/media\/48229"}],"wp:attachment":[{"href":"https:\/\/historiografija.hr\/index.php?rest_route=%2Fwp%2Fv2%2Fmedia&parent=48228"}],"wp:term":[{"taxonomy":"category","embeddable":true,"href":"https:\/\/historiografija.hr\/index.php?rest_route=%2Fwp%2Fv2%2Fcategories&post=48228"},{"taxonomy":"post_tag","embeddable":true,"href":"https:\/\/historiografija.hr\/index.php?rest_route=%2Fwp%2Fv2%2Ftags&post=48228"}],"curies":[{"name":"wp","href":"https:\/\/api.w.org\/{rel}","templated":true}]}}