{"id":48197,"date":"2025-09-09T20:09:01","date_gmt":"2025-09-09T20:09:01","guid":{"rendered":"https:\/\/historiografija.hr\/?p=48197"},"modified":"2025-09-09T20:09:48","modified_gmt":"2025-09-09T20:09:48","slug":"david-grossman-cijena-koju-placamo","status":"publish","type":"post","link":"https:\/\/historiografija.hr\/?p=48197","title":{"rendered":"David Grossman, \u201eCijena koju pla\u0107amo\u201c"},"content":{"rendered":"\n<p>Ugledni izraelski pisac i mirovni aktivist David Grossman razotkriva duboku moralnu krizu svoje domovine nakon teroristi\u010dkog napada 7. listopada 2023. Nezaobilazno \u0161tivo za sve koji \u017eele razumjeti slo\u017eenu dinamiku izraelsko-palestinskog sukoba.<\/p>\n\n\n\n<hr class=\"wp-block-separator has-alpha-channel-opacity\"\/>\n\n\n\n<p>Izraelski romanopisac David Grossman, dobitnik uglednih svjetskih knji\u017eevnih nagrada i priznanja, proveo je desetlje\u0107a bore\u0107i se za mir u Izraelu i Palestini. No nakon 7. listopada 2023., dana koji je obilje\u017eio najve\u0107i gubitak \u017eidovskih \u017eivota u ovom stolje\u0107u, povukao se u sebe kako bi beskompromisno zarezao u duboku emocionalnu i moralnu krizu koja je pogodila izraelsko dru\u0161tvo.<\/p>\n\n\n\n<p>Kako se ovaj masakr mogao dogoditi? Za\u0161to je Netanyahuova vlada, zapetljana u mre\u017eu skandala, propustila za\u0161tititi svoje gra\u0111ane? I jesu li 7. listopada i rat koji je uslijedio odnijeli posljednju nadu u rje\u0161enje s dvije dr\u017eave?<\/p>\n\n\n\n<p>Nezaobilazno \u0161tivo za sve koji \u017eele razumjeti slo\u017eenu dinamiku izraelsko-palestinskog sukoba, Cijena koju pla\u0107amo knjiga je koja svojom pronicljivom analizom i emotivnim pristupom pokazuje kako desetlje\u0107a sukoba utje\u010du na obje zajednice, pru\u017eaju\u0107i dubok uvid u psiholo\u0161ke i dru\u0161tvene posljedice dugotrajnog konflikta.<\/p>\n\n\n\n<p>\u010citav je niz va\u017enih pitanja postavljenih u ovoj va\u017enoj i hrabroj, nikad aktualnijoj knjizi vode\u0107eg izraelskog pisca i intelektualca: tko \u0107emo postati, mi Izraelci i mi Palestinci? Kakvi \u0107emo ljudi biti nakon \u0161to smo pro\u017eivjeli ono \u0161to smo pro\u017eivjeli i \u0161to je to\u010dka od koje mo\u017eemo ponovno krenuti nakon uni\u0161tenja i poni\u0161tenja toliko toga u \u0161to smo vjerovali? Naposljetku, Grossman dolazi i do najva\u017enijeg pitanja od kojega strepimo: ho\u0107e li ikada biti trajnog mira u regiji?<\/p>\n\n\n\n<hr class=\"wp-block-separator has-alpha-channel-opacity\"\/>\n\n\n\n<p>Prevela s hebrejskog Andrea Weiss Sadeh&nbsp;&nbsp;&nbsp;&nbsp;&nbsp;&nbsp;&nbsp;&nbsp;&nbsp;&nbsp;&nbsp;<\/p>\n\n\n\n<p>Broj stranica: 112&nbsp;&nbsp;&nbsp;&nbsp;&nbsp;&nbsp;&nbsp;&nbsp;&nbsp;&nbsp;&nbsp;<\/p>\n\n\n\n<p>Datum izdanja: svibanj 2025.&nbsp;&nbsp;&nbsp;&nbsp;&nbsp;<\/p>\n\n\n\n<hr class=\"wp-block-separator has-alpha-channel-opacity\"\/>\n\n\n\n<p>Izvor i dodatne obavijesti:<\/p>\n\n\n\n<p><a href=\"https:\/\/fraktura.hr\/proizvod\/cijena-koju-placamo\">https:\/\/fraktura.hr\/proizvod\/cijena-koju-placamo<\/a><\/p>\n\n\n\n<hr class=\"wp-block-separator has-alpha-channel-opacity\"\/>\n","protected":false},"excerpt":{"rendered":"","protected":false},"author":2,"featured_media":48198,"comment_status":"open","ping_status":"open","sticky":false,"template":"","format":"standard","meta":{"_acf_changed":false,"jetpack_post_was_ever_published":false,"_jetpack_newsletter_access":"","_jetpack_dont_email_post_to_subs":false,"_jetpack_newsletter_tier_id":0,"_jetpack_memberships_contains_paywalled_content":false,"_jetpack_memberships_contains_paid_content":false,"footnotes":"","jetpack_publicize_message":"","jetpack_publicize_feature_enabled":true,"jetpack_social_post_already_shared":true,"jetpack_social_options":{"image_generator_settings":{"template":"highway","default_image_id":0,"font":"","enabled":false},"version":2}},"categories":[8,3],"tags":[],"class_list":["post-48197","post","type-post","status-publish","format-standard","has-post-thumbnail","hentry","category-knjige","category-novosti"],"acf":{"facebook_opis":""},"jetpack_publicize_connections":[],"jetpack_featured_media_url":"https:\/\/i0.wp.com\/historiografija.hr\/wp-content\/uploads\/2025\/09\/Grossman.jpg?fit=717%2C1200&ssl=1","jetpack_sharing_enabled":true,"jetpack-related-posts":[],"_links":{"self":[{"href":"https:\/\/historiografija.hr\/index.php?rest_route=\/wp\/v2\/posts\/48197","targetHints":{"allow":["GET"]}}],"collection":[{"href":"https:\/\/historiografija.hr\/index.php?rest_route=\/wp\/v2\/posts"}],"about":[{"href":"https:\/\/historiografija.hr\/index.php?rest_route=\/wp\/v2\/types\/post"}],"author":[{"embeddable":true,"href":"https:\/\/historiografija.hr\/index.php?rest_route=\/wp\/v2\/users\/2"}],"replies":[{"embeddable":true,"href":"https:\/\/historiografija.hr\/index.php?rest_route=%2Fwp%2Fv2%2Fcomments&post=48197"}],"version-history":[{"count":3,"href":"https:\/\/historiografija.hr\/index.php?rest_route=\/wp\/v2\/posts\/48197\/revisions"}],"predecessor-version":[{"id":48201,"href":"https:\/\/historiografija.hr\/index.php?rest_route=\/wp\/v2\/posts\/48197\/revisions\/48201"}],"wp:featuredmedia":[{"embeddable":true,"href":"https:\/\/historiografija.hr\/index.php?rest_route=\/wp\/v2\/media\/48198"}],"wp:attachment":[{"href":"https:\/\/historiografija.hr\/index.php?rest_route=%2Fwp%2Fv2%2Fmedia&parent=48197"}],"wp:term":[{"taxonomy":"category","embeddable":true,"href":"https:\/\/historiografija.hr\/index.php?rest_route=%2Fwp%2Fv2%2Fcategories&post=48197"},{"taxonomy":"post_tag","embeddable":true,"href":"https:\/\/historiografija.hr\/index.php?rest_route=%2Fwp%2Fv2%2Ftags&post=48197"}],"curies":[{"name":"wp","href":"https:\/\/api.w.org\/{rel}","templated":true}]}}