{"id":48191,"date":"2025-09-08T17:51:26","date_gmt":"2025-09-08T17:51:26","guid":{"rendered":"https:\/\/historiografija.hr\/?p=48191"},"modified":"2025-09-08T17:51:26","modified_gmt":"2025-09-08T17:51:26","slug":"bojan-ivesic-izvjesce-mons-josepha-patricka-hurleya-o-religijskim-prilikama-u-jugoslaviji-od-veljace-1946-do-veljace-1947","status":"publish","type":"post","link":"https:\/\/historiografija.hr\/?p=48191","title":{"rendered":"Bojan Ive\u0161i\u0107, \u201eIzvje\u0161\u0107e mons. Josepha Patricka Hurleya o religijskim prilikama u Jugoslaviji od velja\u010de 1946. do velja\u010de 1947.\u201c"},"content":{"rendered":"\n<p>Iz tiska je izi\u0161la knjiga \u201eIzvje\u0161\u0107e mons. Josepha Patricka Hurleya o religijskim prilikama u Jugoslaviji od velja\u010de 1946. do velja\u010de 1947.\u201c \u010diji je autor sve\u0107enik Vrhbosanske nadbiskupije i povjesni\u010dar vl\u010d. Bojan Ive\u0161i\u0107, doktorand crkvene povijesti na Papinskom sveu\u010dili\u0161tu Gregoriana u Rimu, objavila je KTA.&nbsp;<\/p>\n\n\n\n<p>Knjiga je izdana u nakladi Hrvatskog doma hercega Stjepana Kosa\u010de iz Mostara. U toj povijesnoj studiji prvi put se prezentiraju dokumenti iz Vatikanskog arhiva koji su plod diplomatske djelatnosti ameri\u010dkoga nadbiskupa Josepha Patricka Hurleya, koji je od sije\u010dnja 1946. do prosinca 1952. obna\u0161ao slu\u017ebu regenta (obna\u0161atelj du\u017enosti nuncija) Apostolske nuncijature u komunisti\u010dkoj Jugoslaviji.<\/p>\n\n\n\n<p>Knjiga je pored predgovora, koji je napisao kardinal Vinko Pulji\u0107, te uvodnoga dijela, podijeljena u tri poglavlja: Joseph Patrick Hurley regent Apostolske nuncijature u FNRJ, Prva godina diplomatske misije i slu\u017ebeno izvje\u0161\u0107e 1946. \u2013 1947. i Joseph Patrick Hurley \u2013 svjedok razli\u010ditih procesa u Jugoslaviji. U ovom se dijelu studije donosi dokumentacija u svezi s montiranim sudskim procesima zagreba\u010dkom nadbiskupu Alojziju Stepincu, mostarsko-duvanjskom biskupu Petru \u010culi i njegovu suradniku don Mati Nui\u0107u kojima je mons. Hurley i osobno nazo\u010dio, te osvrti na procese koji su vo\u0111eni protiv banjolu\u010dkog sve\u0107enika vl\u010d. Nikole Bilogrivi\u0107a i istaknutog laika Felixa Niedzielskoga.<\/p>\n\n\n\n<p>U dodatku su objavljeni prijepisi izvornih arhivskih dokumenata na engleskom i latinskom jeziku, a potom slijedi zaklju\u010dak, izvori i bibliografija, recenzija i pogovor te kazalo mjesta i imena. Uvez knjige je tvrdi s ukupno 318 stranica. Do kraja svibnja o\u010dekuje se prvo predstavljanje knjige u Hrvatskom domu hercega Stjepana Kosa\u010de u Mostaru.<\/p>\n\n\n\n<p>\u201ePrilikom \u010ditanja ove knjige mr. sc. Bojana Ive\u0161i\u0107a, \u010dovjek se pita koliko li je jo\u0161 takvih i sli\u010dnih dragocjenih izvora pokriveno, zatrpano, skriveno ili zaboravljeno u arhivima isto\u010dnog i zapadnog svijeta koji se redovito \u010de\u0161kao i kostre\u0161io na mr\u0161avoj balkanskoj ki\u010dmi. Izvrstan uvodni rad i dostatna elaboracija izvor\u00e2 koje je msgr. dr. Mato Zovki\u0107 znala\u010dki preveo s engleskog jezika na hrvatski ne\u0107e ostaviti \u010ditatelja ravnodu\u0161nim, a uz mnoga nova saznanja zapazit \u0107e i to da je nadbiskup Stepinac sve do svoje smrti ku\u0161ao tvrdi mu\u010deni\u010dki kruh prezira i gorko klevetni\u010dko zelje, da je neslomivi biskup \u010cule o\u010devidac te\u0161ke re\u017eimske \u0161ake, koja nije samo mahala i prijetila nego udarala i tukla \u2013 o \u010demu svjedo\u010de i izvje\u0161\u0107a o vele\u010dasnom Bilogrivi\u0107u i laiku Niedzielskom\u201c, istaknuo je dr. sc. Dubravko Turalija u recenziji knjige, objavila KTA.<\/p>\n\n\n\n<hr class=\"wp-block-separator has-alpha-channel-opacity\"\/>\n\n\n\n<p>Izvor:<\/p>\n\n\n\n<figure class=\"wp-block-embed is-type-wp-embed is-provider-ika wp-block-embed-ika\"><div class=\"wp-block-embed__wrapper\">\n<blockquote class=\"wp-embedded-content\" data-secret=\"s3hIBCgP1O\"><a href=\"https:\/\/ika.hkm.hr\/novosti\/iz-tiska-izisla-nova-knjiga-vlc-bojana-ivesica\/\">Iz tiska izi\u0161la nova knjiga vl\u010d. Bojana Ive\u0161i\u0107a<\/a><\/blockquote><iframe loading=\"lazy\" class=\"wp-embedded-content\" sandbox=\"allow-scripts\" security=\"restricted\" style=\"position: absolute; visibility: hidden;\" title=\"&#8220;Iz tiska izi\u0161la nova knjiga vl\u010d. Bojana Ive\u0161i\u0107a&#8221; &#8212; IKA\" src=\"https:\/\/ika.hkm.hr\/novosti\/iz-tiska-izisla-nova-knjiga-vlc-bojana-ivesica\/embed\/#?secret=BKLmuxhNOk#?secret=s3hIBCgP1O\" data-secret=\"s3hIBCgP1O\" width=\"600\" height=\"338\" frameborder=\"0\" marginwidth=\"0\" marginheight=\"0\" scrolling=\"no\"><\/iframe>\n<\/div><\/figure>\n\n\n\n<hr class=\"wp-block-separator has-alpha-channel-opacity\"\/>\n","protected":false},"excerpt":{"rendered":"","protected":false},"author":2,"featured_media":48192,"comment_status":"open","ping_status":"open","sticky":false,"template":"","format":"standard","meta":{"_acf_changed":false,"jetpack_post_was_ever_published":false,"_jetpack_newsletter_access":"","_jetpack_dont_email_post_to_subs":false,"_jetpack_newsletter_tier_id":0,"_jetpack_memberships_contains_paywalled_content":false,"_jetpack_memberships_contains_paid_content":false,"footnotes":"","jetpack_publicize_message":"","jetpack_publicize_feature_enabled":true,"jetpack_social_post_already_shared":true,"jetpack_social_options":{"image_generator_settings":{"template":"highway","default_image_id":0,"font":"","enabled":false},"version":2}},"categories":[8,3],"tags":[],"class_list":["post-48191","post","type-post","status-publish","format-standard","has-post-thumbnail","hentry","category-knjige","category-novosti"],"acf":{"facebook_opis":""},"jetpack_publicize_connections":[],"jetpack_featured_media_url":"https:\/\/i0.wp.com\/historiografija.hr\/wp-content\/uploads\/2025\/09\/bikorica.jpg?fit=1348%2C971&ssl=1","jetpack_sharing_enabled":true,"jetpack-related-posts":[],"_links":{"self":[{"href":"https:\/\/historiografija.hr\/index.php?rest_route=\/wp\/v2\/posts\/48191","targetHints":{"allow":["GET"]}}],"collection":[{"href":"https:\/\/historiografija.hr\/index.php?rest_route=\/wp\/v2\/posts"}],"about":[{"href":"https:\/\/historiografija.hr\/index.php?rest_route=\/wp\/v2\/types\/post"}],"author":[{"embeddable":true,"href":"https:\/\/historiografija.hr\/index.php?rest_route=\/wp\/v2\/users\/2"}],"replies":[{"embeddable":true,"href":"https:\/\/historiografija.hr\/index.php?rest_route=%2Fwp%2Fv2%2Fcomments&post=48191"}],"version-history":[{"count":1,"href":"https:\/\/historiografija.hr\/index.php?rest_route=\/wp\/v2\/posts\/48191\/revisions"}],"predecessor-version":[{"id":48193,"href":"https:\/\/historiografija.hr\/index.php?rest_route=\/wp\/v2\/posts\/48191\/revisions\/48193"}],"wp:featuredmedia":[{"embeddable":true,"href":"https:\/\/historiografija.hr\/index.php?rest_route=\/wp\/v2\/media\/48192"}],"wp:attachment":[{"href":"https:\/\/historiografija.hr\/index.php?rest_route=%2Fwp%2Fv2%2Fmedia&parent=48191"}],"wp:term":[{"taxonomy":"category","embeddable":true,"href":"https:\/\/historiografija.hr\/index.php?rest_route=%2Fwp%2Fv2%2Fcategories&post=48191"},{"taxonomy":"post_tag","embeddable":true,"href":"https:\/\/historiografija.hr\/index.php?rest_route=%2Fwp%2Fv2%2Ftags&post=48191"}],"curies":[{"name":"wp","href":"https:\/\/api.w.org\/{rel}","templated":true}]}}