{"id":48175,"date":"2025-09-08T17:04:55","date_gmt":"2025-09-08T17:04:55","guid":{"rendered":"https:\/\/historiografija.hr\/?p=48175"},"modified":"2025-09-08T17:04:55","modified_gmt":"2025-09-08T17:04:55","slug":"poziv-na-javno-savjetovanje-antifasisticki-zagreb-bastina-antifasizma-u-suvremenim-obrazovnim-muzejskim-i-istrazivackim-praksama","status":"publish","type":"post","link":"https:\/\/historiografija.hr\/?p=48175","title":{"rendered":"Poziv na javno savjetovanje \u201cAntifa\u0161isti\u010dki Zagreb \u2013 ba\u0161tina antifa\u0161izma u suvremenim obrazovnim, muzejskim i istra\u017eiva\u010dkim praksama\u201d"},"content":{"rendered":"\n<p>Pozivamo Vas na sudjelovanje na javnom savjetovanju o kvalitetnijem informiranju mladih i drugog zainteresiranog gra\u0111anstva o antifa\u0161isti\u010dkom otporu i ba\u0161tini antifa\u0161izma koje \u0107e se odr\u017eati u Zagrebu&nbsp;&nbsp;<strong>u srijedu 10. rujna 2025<\/strong>. od 10:00 do 12:00 u<strong>&nbsp;Muzeju grada Zagreba&nbsp;<\/strong>(Opati\u0107ka 20). Savjetovanje organiziraju,&nbsp;<em>Documenta<\/em>&nbsp;\u2013 Centar za suo\u010davanje s pro\u0161lo\u0161\u0107u iz Zagreba,&nbsp;Muzej grada Zagreba i&nbsp;Antifa\u0161isti\u010dka liga Republike Hrvatske, uz podr\u0161ku Grada Zagreba.<\/p>\n\n\n\n<p>Do sada su provedena&nbsp;<strong>4<\/strong>&nbsp;savjetovanja u&nbsp;<strong>Opatiji, Pazinu, Puli i Rijeci.&nbsp;<\/strong>Na savjetovanju u Zagrebu \u0107emo predstaviti rezultate istra\u017eivanja o pou\u010davanju o antifa\u0161izmu u osnovnim \u0161kolama, gimnazijamai srednjim stru\u010dnim \u0161kolama. Govorit \u0107emo i o dosad usvojenim zaklju\u010dcima, uo\u010denim izazovima, ali i prilikama za budu\u0107nost.&nbsp;Namjeravamo&nbsp;razviti zajedni\u010dki plan zagovaranja za uklju\u010divanje tema antifa\u0161izma i mirotvorstva u obrazovne programe te za njihovu bolju zastupljenost u obrazovanju, suvremenoumjetni\u010dkim praksama i postavima muzeja. Izdvajamo neke zaklju\u010dke i preporuke s ve\u0107 odr\u017eanih savjetovanja:<\/p>\n\n\n\n<ul class=\"wp-block-list\">\n<li>Unaprje\u0111enje suradnje izme\u0111u muzeja kroz intenzivniju razmjenu izlo\u017ebi<\/li>\n\n\n\n<li>Kreiranje digitalne platforme koja bi olak\u0161ala prezentiranje ve\u0107 odr\u017eanih izlo\u017ebi na temu antifa\u0161izma<\/li>\n\n\n\n<li>Organiziranje javnih razgovora povodom objave knjiga koje tematiziraju antifa\u0161izam i kulturu sje\u0107anja<\/li>\n\n\n\n<li>Stvaranje spomen staza, po nekada\u0161njim putevima kurira i partizana<\/li>\n\n\n\n<li>Terenska nastava vezana uz lokacije stradanja i otpora<\/li>\n\n\n\n<li>Razgovori s pre\u017eivjelim svjedocima vremena, posebno nekada\u0161njim logora\u0161ima<\/li>\n\n\n\n<li>Stvaranje novih didakti\u010dkih pomagala<\/li>\n<\/ul>\n\n\n\n<p>Vjerujemo kako se planiranim aktivnostima&nbsp;stvaraju nove mogu\u0107nosti gra\u0111anskog anga\u017emana u pogledu revalorizacije, za\u0161tite i promid\u017ebe&nbsp;<strong>ba\u0161tine antifa\u0161izma i mira<\/strong>. Dijalog lokalnih vlasti, zainteresiranih organizacija civilnog dru\u0161tva te gra\u0111ana mo\u017ee dovesti do bolje koordinacije me\u0111u muzealcima, kulturnim i ljudskoprava\u0161kim organizacijama te lokalnim vlastima \u0161to \u0107e potaknuti iznala\u017eenje kvalitetnijih rje\u0161enja za za\u0161titu ba\u0161tine antifa\u0161izma i promociju mira.<\/p>\n\n\n\n<p>Savjetovanje se organizira u sklopu projekta&nbsp;<em>\u201eAntifa\u0161isti\u010dki Zagreb\u201c&nbsp;<\/em>kojeg provodi&nbsp;<em>Documenta<\/em>&nbsp;\u2013 Centar za suo\u010davanje s pro\u0161lo\u0161\u0107u a njegov je cilj&nbsp;kvalitetnije i sadr\u017eajnije informiranje mladih o antifa\u0161isti\u010dkom otporu, njegovoj ba\u0161tini i mirovnim inicijativama devedesetih te unaprje\u0111enje obrazovanja za mlade.<\/p>\n\n\n\n<p><strong>Program:<\/strong><\/p>\n\n\n\n<p>10:00 \u2013 10:45 Suvremene muzejske i izlo\u017ebene prakse i antifa\u0161isti\u010dka ba\u0161tina, dr.&nbsp;<strong>Aleksandra Berberih Slana<\/strong>, ravnateljica Muzeja grada Zagreba&nbsp;i&nbsp;<strong>Mario \u0160imunkovi\u0107<\/strong>,&nbsp;doktorand na Filozofskom fakultetu u Zagrebu.<\/p>\n\n\n\n<p>10.45 \u2013 11:30&nbsp;Terenska&nbsp;nastava&nbsp;na teme iz Drugog svjetskog rata i antifa\u0161isti\u010dke ba\u0161tine u obrazovanju: iskustva i perspektive,&nbsp;<strong>Miljenko Hajdarovi\u0107,&nbsp;<\/strong>povjesni\u010dar,&nbsp;<strong>Tena Banjeglav,&nbsp;<\/strong><em>Documenta<\/em><\/p>\n\n\n\n<p>11:30 \u2013 12:00 Rasprava<\/p>\n\n\n\n<hr class=\"wp-block-separator has-alpha-channel-opacity\"\/>\n\n\n\n<p>Izvor:<\/p>\n\n\n\n<figure class=\"wp-block-embed is-type-wp-embed is-provider-documenta wp-block-embed-documenta\"><div class=\"wp-block-embed__wrapper\">\n<blockquote class=\"wp-embedded-content\" data-secret=\"h5HRP2Cha6\"><a href=\"https:\/\/documenta.hr\/novosti\/poziv-na-javno-savjetovanje-antifasisticki-zagreb-bastina-antifasizma-u-suvremenim-obrazovnim-muzejskim-i-istrazivackim-praksama\/\">Poziv na javno savjetovanje &#8220;Antifa\u0161isti\u010dki Zagreb &#8211; ba\u0161tina antifa\u0161izma u suvremenim obrazovnim, muzejskim i istra\u017eiva\u010dkim praksama&#8221;<\/a><\/blockquote><iframe loading=\"lazy\" class=\"wp-embedded-content\" sandbox=\"allow-scripts\" security=\"restricted\" style=\"position: absolute; visibility: hidden;\" title=\"&#8220;Poziv na javno savjetovanje &#8220;Antifa\u0161isti\u010dki Zagreb &#8211; ba\u0161tina antifa\u0161izma u suvremenim obrazovnim, muzejskim i istra\u017eiva\u010dkim praksama&#8221;&#8221; &#8212; Documenta\" src=\"https:\/\/documenta.hr\/novosti\/poziv-na-javno-savjetovanje-antifasisticki-zagreb-bastina-antifasizma-u-suvremenim-obrazovnim-muzejskim-i-istrazivackim-praksama\/embed\/#?secret=h5HRP2Cha6\" data-secret=\"h5HRP2Cha6\" width=\"600\" height=\"338\" frameborder=\"0\" marginwidth=\"0\" marginheight=\"0\" scrolling=\"no\"><\/iframe>\n<\/div><\/figure>\n\n\n\n<hr class=\"wp-block-separator has-alpha-channel-opacity\"\/>\n","protected":false},"excerpt":{"rendered":"","protected":false},"author":2,"featured_media":48176,"comment_status":"open","ping_status":"open","sticky":false,"template":"","format":"standard","meta":{"_acf_changed":false,"jetpack_post_was_ever_published":false,"_jetpack_newsletter_access":"","_jetpack_dont_email_post_to_subs":false,"_jetpack_newsletter_tier_id":0,"_jetpack_memberships_contains_paywalled_content":false,"_jetpack_memberships_contains_paid_content":false,"footnotes":"","jetpack_publicize_message":"","jetpack_publicize_feature_enabled":true,"jetpack_social_post_already_shared":true,"jetpack_social_options":{"image_generator_settings":{"template":"highway","default_image_id":0,"font":"","enabled":false},"version":2}},"categories":[3],"tags":[],"class_list":["post-48175","post","type-post","status-publish","format-standard","has-post-thumbnail","hentry","category-novosti"],"acf":{"facebook_opis":""},"jetpack_publicize_connections":[],"jetpack_featured_media_url":"https:\/\/i0.wp.com\/historiografija.hr\/wp-content\/uploads\/2025\/09\/Dotrscina_spomenik.jpg?fit=937%2C703&ssl=1","jetpack_sharing_enabled":true,"jetpack-related-posts":[],"_links":{"self":[{"href":"https:\/\/historiografija.hr\/index.php?rest_route=\/wp\/v2\/posts\/48175","targetHints":{"allow":["GET"]}}],"collection":[{"href":"https:\/\/historiografija.hr\/index.php?rest_route=\/wp\/v2\/posts"}],"about":[{"href":"https:\/\/historiografija.hr\/index.php?rest_route=\/wp\/v2\/types\/post"}],"author":[{"embeddable":true,"href":"https:\/\/historiografija.hr\/index.php?rest_route=\/wp\/v2\/users\/2"}],"replies":[{"embeddable":true,"href":"https:\/\/historiografija.hr\/index.php?rest_route=%2Fwp%2Fv2%2Fcomments&post=48175"}],"version-history":[{"count":1,"href":"https:\/\/historiografija.hr\/index.php?rest_route=\/wp\/v2\/posts\/48175\/revisions"}],"predecessor-version":[{"id":48177,"href":"https:\/\/historiografija.hr\/index.php?rest_route=\/wp\/v2\/posts\/48175\/revisions\/48177"}],"wp:featuredmedia":[{"embeddable":true,"href":"https:\/\/historiografija.hr\/index.php?rest_route=\/wp\/v2\/media\/48176"}],"wp:attachment":[{"href":"https:\/\/historiografija.hr\/index.php?rest_route=%2Fwp%2Fv2%2Fmedia&parent=48175"}],"wp:term":[{"taxonomy":"category","embeddable":true,"href":"https:\/\/historiografija.hr\/index.php?rest_route=%2Fwp%2Fv2%2Fcategories&post=48175"},{"taxonomy":"post_tag","embeddable":true,"href":"https:\/\/historiografija.hr\/index.php?rest_route=%2Fwp%2Fv2%2Ftags&post=48175"}],"curies":[{"name":"wp","href":"https:\/\/api.w.org\/{rel}","templated":true}]}}