{"id":48159,"date":"2025-09-05T21:26:17","date_gmt":"2025-09-05T21:26:17","guid":{"rendered":"https:\/\/historiografija.hr\/?p=48159"},"modified":"2025-09-06T08:24:54","modified_gmt":"2025-09-06T08:24:54","slug":"nova-predstavljanja-dviju-knjiga-blanke-matkovic-o-hrvatskom-protukomunistickom-otporu","status":"publish","type":"post","link":"https:\/\/historiografija.hr\/?p=48159","title":{"rendered":"Nova predstavljanja dviju knjiga Blanke Matkovi\u0107 o \u201ehrvatskom protukomunisti\u010dkom otporu\u201c"},"content":{"rendered":"\n<p>Hrvatska dru\u017eba povjesni\u010dara \u201eDr. Rudolf Horvat\u201c, koja se u svome djelovanju posebno bavi sustavnim osporavanjem Javne ustanove Spomen-podru\u010dje Jasenovac, ru\u0161enjem tobo\u017enjeg mita o jasenova\u010dkom logoru smrti i umjesto toga propagiranjem nepostoje\u0107ih \u201eposlijeratnih jasenova\u010dkih logora\u201c, te dakako opravdavanjem pozdrava ZDS, organizira brojna predstavljanja dviju novih knjiga Blanke Matkovi\u0107 o \u201ehrvatskom protukomunisti\u010dkom otporu\u201c.<\/p>\n\n\n\n<hr class=\"wp-block-separator has-alpha-channel-opacity\"\/>\n\n\n\n<p>Hrvatska dru\u017eba povjesni\u010dara \u201eDr. Rudolf Horvat\u201c u suradnji s brojnim lokalnim suorganizatorima poziva vas na predstavljanja dvije nove knjige koje pod naslovom <strong>\u201eOd Vrana do Biokova: Hrvatski protukomunisti\u010dki otpor djelovanjem imotskih i zapadnohercegova\u010dkih kri\u017earskih skupina (1944.-1951.)\u201d<\/strong> i<strong> \u201eOd Vrana do \u017dabe: Hrvatski protukomunisti\u010dki otpor djelovanjem \u0161irokobrije\u0161kih i neretvanskih kri\u017earskih skupina (1944.-1948.)\u201d <\/strong>potpisuje dr. sc. Blanka Matkovi\u0107. Knjiga \u201eOd Vrana do Biokova\u201c na preko tisu\u0107u stranica obuhva\u0107a djelovanje kri\u017earskih skupina, kri\u017earskih organizacija i neformalnih jata\u010dkih mre\u017ea na prostoru od linije Vran \u2013 Posu\u0161je \u2013 Imotski \u2013 Biokovo prema Kame\u0161nici, Cetinskom kraju, Tomislavgradu, Kupresu do Rame. Knjiga \u201eOd Vrana do \u017dabe\u201c na 700 stranica odnosi se na istu tematiku na liniji od Vrana, Posu\u0161ja i Imotskog do Metkovi\u0107a, planine \u017dabe, Neuma, Hutova, Mostara i \u010cvrsnice. Ove knjige predstavljaju jedinstvenu cjelinu te su pro\u0161ireni doktorski rad kojega je u listopadu 2024. autorica obranila na Sveu\u010dili\u0161tu u Zagrebu. Knjige su ujedno i prve znanstvene monografije koje obuhva\u0107aju protukomunisti\u010dki oru\u017eani otpor u dalmatinsko-hercegova\u010dkom prostoru po\u010dev\u0161i od jeseni 1944. kada se osnivaju prve skupine \u201ezelenog kadra\u201c. Tako\u0111er se ovim knjigama spomenuta tematika po prvi puta metodolo\u0161ki pozicionira znatno \u0161ire od historiografskog istra\u017eivanja ulaze\u0107i u prostor politolo\u0161kih istra\u017eivanja rata i mira te arheologije suvremenih sukoba, posebice arheologije otpora, ali i znanosti o ba\u0161tini.<\/p>\n\n\n\n<p>Predstavljanja \u0107e se odr\u017eati prema sljede\u0107em rasporedu.<\/p>\n\n\n\n<p>8.9., <strong>GRUDE<\/strong>, Osnovna \u0161kola Ru\u0111era Bo\u0161kovi\u0107a (knji\u017enica), Ivana Alilovi\u0107a 1, 19 h. Organizatori: Odbor za branitelje Op\u0107inskog vije\u0107a Grude i Ogranak Matice hrvatske Grude. Glazbeni program: iZLET (Zagreb) \/ Filip \u0106ale (Grude). Predstavlja\u010d: dr. sc. Blanka Matkovi\u0107.<\/p>\n\n\n\n<p>9.9., <strong>LJUBU\u0160KI<\/strong>, Dvorana Kulturnog centra Ljubu\u0161ki, PPN Ludviga Pavlovi\u0107a 1, 19.30 h. Organizator: Udruga potomaka udovica II. svjetskog rata i pora\u0107a. Moderatorica: Antonela Marinovic Musa. Glazbeni program: iZLET (Zagreb) \/ Slaven Bunoza (Ljubu\u0161ki).&nbsp; Predstavlja\u010d: dr. sc. Blanka Matkovi\u0107.<\/p>\n\n\n\n<p>10.9., <strong>POSU\u0160JE<\/strong>, Kinodvorana Posu\u0161je, Fra Grge Marti\u0107a 29, 19 h. Organizator:&nbsp;Op\u0107ina Posu\u0161je. Glazbeni program: iZLET (Zagreb). Predstavlja\u010d: dr. sc. Blanka Matkovi\u0107.&nbsp; (U programu Posu\u0161kog lita)<\/p>\n\n\n\n<p>11.9., <strong>\u010cAPLJINA<\/strong>, Kino Mogorjelo, Gojka \u0160u\u0161ka bb, 19 h. Organizator: Udruga dragovoljaca HOS-a \u010capljina. Glazbeni program: iZLET (Zagreb). Predstavlja\u010d: dr. sc. Blanka Matkovi\u0107.<\/p>\n\n\n\n<p>12.9., <strong>\u010cITLUK<\/strong>, Etnografski muzej &#8211; stara crkva sv. Bla\u017ea, Gradni\u0107i, 20 h.&nbsp; Organizator: Ogranak Matice hrvatske u \u010citluku. Glazbeni program: iZLET (Zagreb) \/ Glazbena \u0161kola Brotnjo (\u010citluk). Predstavlja\u010d: dr. sc. Blanka Matkovi\u0107.<\/p>\n\n\n\n<p>13.9. <strong>PODBABLJE<\/strong>, Dvorana Op\u0107inskog vije\u0107a op\u0107ine Podbablje, Domovinske zahvalnosti 36,&nbsp; 17 h. Organizator: Op\u0107ina Podbablje. Predstavlja\u010d: dr. sc. Blanka Matkovi\u0107.<\/p>\n\n\n\n<p>13.9. <strong>PROLO\u017dAC<\/strong>, Dom kulture, Franje&nbsp;Tu\u0111mana&nbsp;1, 19. h. Organizator: Op\u0107ina Prolo\u017eac. Predstavlja\u010d: dr. sc. Blanka Matkovi\u0107.<\/p>\n\n\n\n<p>15.9., <strong>NEUM<\/strong>, Grand Hotel Neum, Zagreba\u010dka 2, 19 h. Organizator: Op\u0107ina Neum. Glazbeni program: iZLET (Zagreb). Predstavlja\u010d: dr. sc. Blanka Matkovi\u0107.<\/p>\n\n\n\n<p>16.9., <strong>STOLAC<\/strong>, Biskupijski pastoralni centar \u201eSarsenterum\u201c, Banovinska 1, 19 h. Organizatori: Op\u0107ina Stolac i Ogranak Matice hrvatske u Stocu. Glazbeni program: iZLET (Zagreb). Predstavlja\u010d: dr. sc. Blanka Matkovi\u0107.<\/p>\n\n\n\n<p>17.9., <strong>MOSTAR<\/strong>, Hrvatski dom Herceg Stjepan Kosa\u010da (Galerija Katarine Kosa\u010de), Trg hrvatskih velikana bb, 19 h. Organizatori: Zaklada Dru\u0161tva hrvatskih knji\u017eevnika u BiH i Sredi\u0161te Hrvatskog svjetskog kongresa za istra\u017eivanje posljedica totalitarizama u BiH. Moderator: Anita Martinac.&nbsp;Glazbeni program: iZLET (Zagreb). Predstavlja\u010d: dr. sc. Blanka Matkovi\u0107.<\/p>\n\n\n\n<p>18.9., <strong>\u0160IROKI BRIJEG<\/strong>, Kino Borak (Hrvatski kulturni dom), Matije Gubca 3, 19 h. Organizatori: Udruga dragovoljaca i veterana Domovinskog rata HVO Herceg-Bosne \u2013 Podru\u017enica \u0160iroki Brijeg i Hrvatska dru\u017eba povjesni\u010dara \u201cDr. Rudolf Horvat\u201d. Glazbeni program: iZLET (Zagreb). Predstavlja\u010d: dr. sc. Blanka Matkovi\u0107. (Na rasporedu programa Brije\u0161ka zvona)<\/p>\n\n\n\n<p>19.9., <strong>LIVNO<\/strong>, Pastoralni centar Livno, Dalmatinska 13, 18.30 h. Organizator: Ogranak Matice hrvatske u Livnu. Glazbeni program: iZLET (Zagreb). Predstavlja\u010d: dr. sc. Blanka Matkovi\u0107.<\/p>\n\n\n\n<p>20.9. <strong>RUNOVI\u0106I<\/strong>, Dru\u0161tveni dom Runovi\u0107i, Runovi\u0107i 414, 17 h. Organizatori: Op\u0107ina Runovi\u0107i i Ogranak Matice hrvatske u Imotskom. Predstavlja\u010d: dr. sc. Blanka Matkovi\u0107.<\/p>\n\n\n\n<p>20.9. <strong>ZMIJAVCI<\/strong>, Dom kulture (na Bublinu), Domovinskoga rata 161, 19 h.&nbsp;Organizator: Op\u0107ina Zmijavci. Predstavlja\u010d: dr. sc. Blanka Matkovi\u0107.<\/p>\n\n\n\n<p>22.9., <strong>BUGOJNO<\/strong>, Dvorana HKD Napredak (Hrvatski dom), Bosanska 8, 19 h. Organizator: Udruga Fra Marko Dobreti\u0107. Glazbeni program: Petar Kumerle \u2013 iZLET (Zagreb). Predstavlja\u010d: dr. sc. Blanka Matkovi\u0107.<\/p>\n\n\n\n<p>22.9. <strong>KISELJAK<\/strong>, Gradska vije\u0107nica, Bana Jela\u010di\u0107a 41, 19 h. Organizatori: HKD Napredak \u2013 Kiseljak i Udruga Fra Marko Dobreti\u0107. Uvodni\u010dar: dr. sc. Ivo Miro Jovi\u0107. Glazbeni program: Toni Kumerle \u2013 iZLET (Zagreb). Predstavlja\u010d: Stipo Pili\u0107, prof.<\/p>\n\n\n\n<p>23.9. <strong>NOVA BILA (TRAVNIK)<\/strong>, Hrvatski kulturni centar, Nova Bila bb, 18 h. Organizator: Udruga Fra Marko Dobreti\u0107. Glazbeni program: Petar Kumerle \u2013 iZLET (Zagreb). Predstavlja\u010d: dr. sc. Blanka Matkovi\u0107.<\/p>\n\n\n\n<p>23.9. <strong>BUSOVA\u010cA<\/strong>, Srednja \u0161kola \u201eBusova\u010da\u201c, Kulina bana bb, 18 h. Organizator: Udruga Fra Marko Dobreti\u0107. Glazbeni program: Toni Kumerle \u2013 iZLET (Zagreb). Predstavlja\u010d: Stipo Pili\u0107, prof.<\/p>\n\n\n\n<p>23.9., <strong>VITEZ<\/strong>, Dom HKD Napredak, Stjepana Radi\u0107a 1, 19.30 h. Organizatori: Ogranak Matice hrvatske u Vitezu, Udruga \u201eHeroji ne umiru\u201c \u017dupanije Sredi\u0161nja Bosna i Udruga nositelja ratnih odli\u010dja HVO \u017dupanije Sredi\u0161nja Bosna. Glazbeni program: iZLET (Zagreb). Predstavlja\u010d: dr. sc. Blanka Matkovi\u0107.<\/p>\n\n\n\n<p>24.9., <strong>RAMA<\/strong>, Dvorana&nbsp;Franjeva\u010dkog&nbsp;samostana Rama \u2013 \u0160\u0107it, \u0160\u0107it bb, 19 h. Organizatori: Udruga \u201eFenix&nbsp;72-92\u201c i Hrvatska dru\u017eba povjesni\u010dara \u201cDr. Rudolf Horvat\u201d. Glazbeni program: iZLET (Zagreb). Predstavlja\u010d: dr. sc. Blanka Matkovi\u0107.<\/p>\n\n\n\n<p>25.9., <strong>KUPRES<\/strong>, ART Caffe (Hrvatski dom Kupres), Don Dominika Stojanovi\u0107a 3, 19 h. Organizator: Ogranak Matice hrvatske u Kupresu. Glazbeni program: iZLET (Zagreb). Predstavlja\u010d: dr. sc. Blanka Matkovi\u0107.<\/p>\n\n\n\n<p>26.9., <strong>TOMISLAVGRAD<\/strong>, KIC Tomislavgrad, Mijata Tomi\u0107a 120, 18 h. Organizatori: Op\u0107ina Tomislavgrad, Ogranak Matice hrvatske u Tomislavgradu, KIC Tomislavgrad i udruge proiza\u0161le iz Domovinskog rata. Glazbeni program: iZLET (Zagreb). Predstavlja\u010d: dr. sc. Blanka Matkovi\u0107.<\/p>\n\n\n\n<hr class=\"wp-block-separator has-alpha-channel-opacity\"\/>\n\n\n\n<p><a href=\"https:\/\/croatiarediviva.com\">https:\/\/croatiarediviva.com<\/a><\/p>\n\n\n\n<hr class=\"wp-block-separator has-alpha-channel-opacity\"\/>\n\n\n\n<p><strong>Prethodna obavijest na portalu Historiografija.hr:<\/strong><\/p>\n\n\n\n<figure class=\"wp-block-embed is-type-wp-embed is-provider-historiografija-hr wp-block-embed-historiografija-hr\"><div class=\"wp-block-embed__wrapper\">\n<blockquote class=\"wp-embedded-content\" data-secret=\"NCSj50v3CS\"><a href=\"https:\/\/historiografija.hr\/?p=45225\">Predstavljanja dviju novih knjiga Blanke Matkovi\u0107 o \u201ehrvatskom protukomunisti\u010dkom otporu\u201c<\/a><\/blockquote><iframe loading=\"lazy\" class=\"wp-embedded-content\" sandbox=\"allow-scripts\" security=\"restricted\" style=\"position: absolute; visibility: hidden;\" title=\"&#8220;Predstavljanja dviju novih knjiga Blanke Matkovi\u0107 o \u201ehrvatskom protukomunisti\u010dkom otporu\u201c&#8221; &#8212; Historiografija.hr\" src=\"https:\/\/historiografija.hr\/?p=45225&#038;embed=true#?secret=1XwLgAdlJT#?secret=NCSj50v3CS\" data-secret=\"NCSj50v3CS\" width=\"600\" height=\"338\" frameborder=\"0\" marginwidth=\"0\" marginheight=\"0\" scrolling=\"no\"><\/iframe>\n<\/div><\/figure>\n\n\n\n<hr class=\"wp-block-separator has-alpha-channel-opacity\"\/>\n","protected":false},"excerpt":{"rendered":"","protected":false},"author":2,"featured_media":48160,"comment_status":"open","ping_status":"open","sticky":false,"template":"","format":"standard","meta":{"_acf_changed":false,"jetpack_post_was_ever_published":false,"_jetpack_newsletter_access":"","_jetpack_dont_email_post_to_subs":false,"_jetpack_newsletter_tier_id":0,"_jetpack_memberships_contains_paywalled_content":false,"_jetpack_memberships_contains_paid_content":false,"footnotes":"","jetpack_publicize_message":"","jetpack_publicize_feature_enabled":true,"jetpack_social_post_already_shared":true,"jetpack_social_options":{"image_generator_settings":{"template":"highway","default_image_id":0,"font":"","enabled":false},"version":2}},"categories":[3],"tags":[],"class_list":["post-48159","post","type-post","status-publish","format-standard","has-post-thumbnail","hentry","category-novosti"],"acf":{"facebook_opis":""},"jetpack_publicize_connections":[],"jetpack_featured_media_url":"https:\/\/i0.wp.com\/historiografija.hr\/wp-content\/uploads\/2025\/09\/Nova_predstavljanja.jpg?fit=1284%2C1713&ssl=1","jetpack_sharing_enabled":true,"jetpack-related-posts":[{"id":52666,"url":"https:\/\/historiografija.hr\/?p=52666","url_meta":{"origin":48159,"position":0},"title":"Najava programa Festivala povijesti Kliofest (5-8. V. 2026)","author":"Branimir Jankovi\u0107","date":"24. travnja 2026.","format":false,"excerpt":"Po trinaesti put odr\u017eava se Festival povijesti Kliofest! Do petka \u0107emo odr\u017eati osam okruglih stolova i dva kolokvija te niz predstavljanja knjiga i projekata razli\u010dite tematike, od antike do suvremenosti. Bit \u0107e predstavljeno i nekoliko izlo\u017ebi te odr\u017ean jedan povijesni kviz. Prikazat \u0107emo i jedan film \u2013 o generalu Boroevi\u0107u.\u2026","rel":"","context":"U &quot;Novosti&quot;","block_context":{"text":"Novosti","link":"https:\/\/historiografija.hr\/?cat=3"},"img":{"alt_text":"","src":"https:\/\/i0.wp.com\/historiografija.hr\/wp-content\/uploads\/2026\/04\/Kliofest-2026.jpg?fit=526%2C526&ssl=1&resize=350%2C200","width":350,"height":200,"srcset":"https:\/\/i0.wp.com\/historiografija.hr\/wp-content\/uploads\/2026\/04\/Kliofest-2026.jpg?fit=526%2C526&ssl=1&resize=350%2C200 1x, https:\/\/i0.wp.com\/historiografija.hr\/wp-content\/uploads\/2026\/04\/Kliofest-2026.jpg?fit=526%2C526&ssl=1&resize=525%2C300 1.5x"},"classes":[]},{"id":52589,"url":"https:\/\/historiografija.hr\/?p=52589","url_meta":{"origin":48159,"position":1},"title":"Predstavljena knjiga Miomira \u017du\u017eula &#8220;Dayton: Diplomacija &#8211; druga strana rata&#8221;","author":"Branimir Jankovi\u0107","date":"22. travnja 2026.","format":false,"excerpt":"Knjiga Miomira \u017du\u017eula \u201eDayton: Diplomacija \u2013 druga strana rata\u201d predstavljena je u srijedu, 22. travnja 2026. godine u foajeu Hrvatskoga narodnog kazali\u0161ta u Zagrebu. Op\u0161irnije: https:\/\/vijesti.hrt.hr\/hrvatska\/predstavljena-knjiga-miomira-zuzula-dayton-diplomacija-druga-strana-rata-12683259 https:\/\/www.vecernji.ba\/amp\/vijesti\/zuzulova-knjiga-o-daytonu-predstavljena-u-zagrebu-diplomacija-kao-druga-strana-rata-1953700 https:\/\/www.tportal.hr\/vijesti\/clanak\/bivsi-sanaderov-ministar-odrzao-promociju-evo-tko-je-sve-dosao-na-predstavljanje-knjige-miomira-zuzula-foto-20260422 https:\/\/direktno.hr\/zivot\/kultura\/zuzul-otkrio-sve-o-drugoj-strani-rata-za-hrvatsku-se-nije-libio-povuci-nekoga-i-za-kosu-395042 https:\/\/www.24sata.hr\/news\/miomir-zuzul-predstavio-je-knjigu-o-daytonu-diplomacija-je-bila-druga-strana-rata-1123152 https:\/\/www.vecernji.hr\/kultura\/kolinda-grabar-kitarovic-otvoreno-miomir-zuzul-nije-vukao-samo-za-rukav-nego-i-za-kosu-1953722 https:\/\/www.vecernji.hr\/kultura\/i-papa-lav-xiv-eksplicitno-je-daytonski-sporazum-istaknuo-kao-primjer-uspjesna-rjesavanja-sukoba-1952215","rel":"","context":"U &quot;Novosti&quot;","block_context":{"text":"Novosti","link":"https:\/\/historiografija.hr\/?cat=3"},"img":{"alt_text":"","src":"https:\/\/i0.wp.com\/historiografija.hr\/wp-content\/uploads\/2026\/04\/Dayton.jpg?fit=1024%2C683&ssl=1&resize=350%2C200","width":350,"height":200,"srcset":"https:\/\/i0.wp.com\/historiografija.hr\/wp-content\/uploads\/2026\/04\/Dayton.jpg?fit=1024%2C683&ssl=1&resize=350%2C200 1x, https:\/\/i0.wp.com\/historiografija.hr\/wp-content\/uploads\/2026\/04\/Dayton.jpg?fit=1024%2C683&ssl=1&resize=525%2C300 1.5x, https:\/\/i0.wp.com\/historiografija.hr\/wp-content\/uploads\/2026\/04\/Dayton.jpg?fit=1024%2C683&ssl=1&resize=700%2C400 2x"},"classes":[]},{"id":52552,"url":"https:\/\/historiografija.hr\/?p=52552","url_meta":{"origin":48159,"position":2},"title":"Besplatni glazbeni antikvarijat","author":"Branimir Jankovi\u0107","date":"20. travnja 2026.","format":false,"excerpt":"Muzi\u010dka akademija Sveu\u010dili\u0161ta u Zagrebu 23. travnja 2026. od 10 do 17 sati Pozivamo Vas na Besplatni glazbeni antikvarijat, koji u sklopu manifestacije No\u0107 knjige 2026. organizira Hrvatska udruga muzi\u010dkih knji\u017enica, arhiva i dokumentacijskih centara (HUMKAD). Antikvarijat \u0107e se odr\u017eati na Svjetski dan knjige \u2013 u \u010detvrtak 23. travnja 2026.\u2026","rel":"","context":"U &quot;Novosti&quot;","block_context":{"text":"Novosti","link":"https:\/\/historiografija.hr\/?cat=3"},"img":{"alt_text":"","src":"https:\/\/i0.wp.com\/historiografija.hr\/wp-content\/uploads\/2026\/04\/Besplatni-glazbeni-antikvarijat-23.-4.-2026.jpg?fit=1200%2C848&ssl=1&resize=350%2C200","width":350,"height":200,"srcset":"https:\/\/i0.wp.com\/historiografija.hr\/wp-content\/uploads\/2026\/04\/Besplatni-glazbeni-antikvarijat-23.-4.-2026.jpg?fit=1200%2C848&ssl=1&resize=350%2C200 1x, https:\/\/i0.wp.com\/historiografija.hr\/wp-content\/uploads\/2026\/04\/Besplatni-glazbeni-antikvarijat-23.-4.-2026.jpg?fit=1200%2C848&ssl=1&resize=525%2C300 1.5x, https:\/\/i0.wp.com\/historiografija.hr\/wp-content\/uploads\/2026\/04\/Besplatni-glazbeni-antikvarijat-23.-4.-2026.jpg?fit=1200%2C848&ssl=1&resize=700%2C400 2x, https:\/\/i0.wp.com\/historiografija.hr\/wp-content\/uploads\/2026\/04\/Besplatni-glazbeni-antikvarijat-23.-4.-2026.jpg?fit=1200%2C848&ssl=1&resize=1050%2C600 3x"},"classes":[]},{"id":52592,"url":"https:\/\/historiografija.hr\/?p=52592","url_meta":{"origin":48159,"position":3},"title":"Predstavljanje knjige &#8220;Turska ku\u0107a u Rijeci&#8221; u Zagrebu","author":"Branimir Jankovi\u0107","date":"22. travnja 2026.","format":false,"excerpt":"U prostorijama Turskog kulturnog centra Yunus Emre u Zagrebu, u utorak 21. travnja 2026. godine, odr\u017eano je sve\u010dano predstavljanje dopunjenog izdanja knjige Turska ku\u0107a u Rijeci, u organizaciji Hrvatsko-turskog dru\u0161tva Rijeka i partnerstvu sa Skupinom prijateljstva Hrvatska-Turska Hrvatskog sabora, Veleposlanstvom Republike Turske u Republici Hrvatskoj te Turskim kulturnim centrom Yunus\u2026","rel":"","context":"U &quot;Novosti&quot;","block_context":{"text":"Novosti","link":"https:\/\/historiografija.hr\/?cat=3"},"img":{"alt_text":"","src":"https:\/\/i0.wp.com\/historiografija.hr\/wp-content\/uploads\/2026\/04\/Turska-kuca-ZG.jpg?fit=1200%2C800&ssl=1&resize=350%2C200","width":350,"height":200,"srcset":"https:\/\/i0.wp.com\/historiografija.hr\/wp-content\/uploads\/2026\/04\/Turska-kuca-ZG.jpg?fit=1200%2C800&ssl=1&resize=350%2C200 1x, https:\/\/i0.wp.com\/historiografija.hr\/wp-content\/uploads\/2026\/04\/Turska-kuca-ZG.jpg?fit=1200%2C800&ssl=1&resize=525%2C300 1.5x, https:\/\/i0.wp.com\/historiografija.hr\/wp-content\/uploads\/2026\/04\/Turska-kuca-ZG.jpg?fit=1200%2C800&ssl=1&resize=700%2C400 2x, https:\/\/i0.wp.com\/historiografija.hr\/wp-content\/uploads\/2026\/04\/Turska-kuca-ZG.jpg?fit=1200%2C800&ssl=1&resize=1050%2C600 3x"},"classes":[]},{"id":52148,"url":"https:\/\/historiografija.hr\/?p=52148","url_meta":{"origin":48159,"position":4},"title":"Poziv za prijavu na me\u0111unarodnu znanstvenu konferenciju \u201eGranice (ne)slobode: Zadarski krug 1966. Intelektualna opozicija u totalitarnom dru\u0161tvu\u201c","author":"Branimir Jankovi\u0107","date":"27. o\u017eujka 2026.","format":false,"excerpt":"\u00a0\u00a0\u00a0\u00a0 Povodom \u0161ezdesete obljetnice poku\u0161aja osnivanja \u010dasopisa Slobodan glas u Zadru 1966. godine, pozivamo vas na znanstvenu konferenciju posve\u0107enu istra\u017eivanju disidentstva, intelektualne opozicije i granica divergentnog mi\u0161ljenja nasuprot slu\u017ebenoj ideologiji u komunisti\u010dkoj Jugoslaviji. Ideja konferencije je analizirati konkretan fenomen zadarskog slu\u010daja razloge i okolnosti njegove pojave, ali uz otvaranje komparativnih\u2026","rel":"","context":"U &quot;Novosti&quot;","block_context":{"text":"Novosti","link":"https:\/\/historiografija.hr\/?cat=3"},"img":{"alt_text":"","src":"https:\/\/i0.wp.com\/historiografija.hr\/wp-content\/uploads\/2026\/03\/Poziv-konferencija-Zadar.jpg?fit=1200%2C509&ssl=1&resize=350%2C200","width":350,"height":200,"srcset":"https:\/\/i0.wp.com\/historiografija.hr\/wp-content\/uploads\/2026\/03\/Poziv-konferencija-Zadar.jpg?fit=1200%2C509&ssl=1&resize=350%2C200 1x, https:\/\/i0.wp.com\/historiografija.hr\/wp-content\/uploads\/2026\/03\/Poziv-konferencija-Zadar.jpg?fit=1200%2C509&ssl=1&resize=525%2C300 1.5x, https:\/\/i0.wp.com\/historiografija.hr\/wp-content\/uploads\/2026\/03\/Poziv-konferencija-Zadar.jpg?fit=1200%2C509&ssl=1&resize=700%2C400 2x, https:\/\/i0.wp.com\/historiografija.hr\/wp-content\/uploads\/2026\/03\/Poziv-konferencija-Zadar.jpg?fit=1200%2C509&ssl=1&resize=1050%2C600 3x"},"classes":[]},{"id":52613,"url":"https:\/\/historiografija.hr\/?p=52613","url_meta":{"origin":48159,"position":5},"title":"No\u0107 knjige u Hrvatskom dr\u017eavnom arhivu","author":"Branimir Jankovi\u0107","date":"22. travnja 2026.","format":false,"excerpt":"Predstavljanje knjige Rajke Bu\u0107in \u201dLije\u010denje i zbrinjavanje \u017didova u Bolnici sestara milosrdnica u Zagrebu 1941. \u2013 1945.\u201d u \u010detvrtak, 23. travnja 2026. u 13 sati u Hrvatskom dr\u017eavnom arhivu u Zagrebu. Izvor: https:\/\/www.arhiv.hr\/hr-hr\/Kulturno-prosvjetne-aktivnosti\/ArticleId\/1986\/oamid\/1633","rel":"","context":"U &quot;Novosti&quot;","block_context":{"text":"Novosti","link":"https:\/\/historiografija.hr\/?cat=3"},"img":{"alt_text":"","src":"https:\/\/i0.wp.com\/historiografija.hr\/wp-content\/uploads\/2026\/04\/noc_knjige_2026.jpg?fit=680%2C276&ssl=1&resize=350%2C200","width":350,"height":200,"srcset":"https:\/\/i0.wp.com\/historiografija.hr\/wp-content\/uploads\/2026\/04\/noc_knjige_2026.jpg?fit=680%2C276&ssl=1&resize=350%2C200 1x, https:\/\/i0.wp.com\/historiografija.hr\/wp-content\/uploads\/2026\/04\/noc_knjige_2026.jpg?fit=680%2C276&ssl=1&resize=525%2C300 1.5x"},"classes":[]}],"_links":{"self":[{"href":"https:\/\/historiografija.hr\/index.php?rest_route=\/wp\/v2\/posts\/48159","targetHints":{"allow":["GET"]}}],"collection":[{"href":"https:\/\/historiografija.hr\/index.php?rest_route=\/wp\/v2\/posts"}],"about":[{"href":"https:\/\/historiografija.hr\/index.php?rest_route=\/wp\/v2\/types\/post"}],"author":[{"embeddable":true,"href":"https:\/\/historiografija.hr\/index.php?rest_route=\/wp\/v2\/users\/2"}],"replies":[{"embeddable":true,"href":"https:\/\/historiografija.hr\/index.php?rest_route=%2Fwp%2Fv2%2Fcomments&post=48159"}],"version-history":[{"count":3,"href":"https:\/\/historiografija.hr\/index.php?rest_route=\/wp\/v2\/posts\/48159\/revisions"}],"predecessor-version":[{"id":48174,"href":"https:\/\/historiografija.hr\/index.php?rest_route=\/wp\/v2\/posts\/48159\/revisions\/48174"}],"wp:featuredmedia":[{"embeddable":true,"href":"https:\/\/historiografija.hr\/index.php?rest_route=\/wp\/v2\/media\/48160"}],"wp:attachment":[{"href":"https:\/\/historiografija.hr\/index.php?rest_route=%2Fwp%2Fv2%2Fmedia&parent=48159"}],"wp:term":[{"taxonomy":"category","embeddable":true,"href":"https:\/\/historiografija.hr\/index.php?rest_route=%2Fwp%2Fv2%2Fcategories&post=48159"},{"taxonomy":"post_tag","embeddable":true,"href":"https:\/\/historiografija.hr\/index.php?rest_route=%2Fwp%2Fv2%2Ftags&post=48159"}],"curies":[{"name":"wp","href":"https:\/\/api.w.org\/{rel}","templated":true}]}}