{"id":48156,"date":"2025-09-05T21:11:56","date_gmt":"2025-09-05T21:11:56","guid":{"rendered":"https:\/\/historiografija.hr\/?p=48156"},"modified":"2025-09-05T21:11:56","modified_gmt":"2025-09-05T21:11:56","slug":"boris-raseta-goran-gavranovic-osam-dana-u-svibnju-uspon-i-pad-ndh-i-radanje-nove-jugoslavije","status":"publish","type":"post","link":"https:\/\/historiografija.hr\/?p=48156","title":{"rendered":"Boris Ra\u0161eta, Goran Gavranovi\u0107, \u201eOsam dana u svibnju. Uspon i pad NDH i ra\u0111anje nove Jugoslavije\u201c"},"content":{"rendered":"\n<p>Sirene zavijaju, grad se polagano prazni, ljudi bje\u017ee u o\u010daju ili strahu, Berlin je pred padom, a sti\u017eu i vijesti da je F\u00fchrer po\u010dinio samoubojstvo. Zagreb prvih dana svibnja 1945. grad je duhova, grad u kojem se dovr\u0161avaju sudbine koje su prije tek ne\u0161to vi\u0161e od \u010detiri godine sasvim nenadano na vlast postavili Nijemci. S jedne strane nadiru partizani, osloboditelji, njima se pridru\u017euje i mno\u0161tvo ilegalaca, a s druge strane i vrhu\u0161ka Vlade NDH, generali, ali i obi\u010dni vojnici gledaju kamo i kako da se sklone. Iz sveg tog kaosa ve\u0107 je odavno odmaglila Mara Paveli\u0107, sa solidnom popudbinom, a njezin dragan poglavnik u praznom Zagrebu odlazi do ljubavnice, koju be\u0161\u0107utno ostavlja, kao i domovinu, za koju nije spreman poginuti. Sve to pomno promatra i zapisuje jedan od na\u0161ih najva\u017enijih publicista Josip Horvat, dok pak Miroslav Krle\u017ea u svom donjogradskom stanu i\u0161\u010dekuje \u0161to \u0107e se dogoditi i ho\u0107e li ga \u0110ido susti\u0107i.<\/p>\n\n\n\n<p>Boris Ra\u0161eta i Goran Gavranovi\u0107 kroz o\u010di\u0161ta niza junaka, od najva\u017enijih aktera, velikih politi\u010dara i generala, od Josipa Broza do Vladka Ma\u010deka, preko intelektualaca, do bezimenih zagreba\u010dkih puca poput Pepice s Trnja, ispisuju povijest jednog trenutka, osam dana kraja rata, i definitivnog pada NDH i uspostave nove Jugoslavije. S puno humora, \u017eivo i brzim, freneti\u010dnim tempom autori o\u017eivljavaju dramati\u010dne, va\u017ene dane koji su oblikovali na\u0161u povijest i sudbine do dana\u0161njih dana. Skrupulozno istra\u017eena od arhiva preko va\u017enih do marginalnih knjiga i svjedo\u010danstava, knjiga <em>Osam dana u svibnju<\/em> \u010dita se poput najboljeg trilera, ali istovremeno svjedo\u010di o svim dilemama, bojaznima, egoizmu ljudi i njihovoj \u017eelji da kako god pre\u017eive vrijeme velike promjene.<\/p>\n\n\n\n<hr class=\"wp-block-separator has-alpha-channel-opacity\"\/>\n\n\n\n<p>jezik izvornika: hrvatski&nbsp;<\/p>\n\n\n\n<p>broj stranica: 376&nbsp;&nbsp;&nbsp;&nbsp;&nbsp;&nbsp;&nbsp;&nbsp;&nbsp;&nbsp;&nbsp;<\/p>\n\n\n\n<p>datum izdanja: kolovoz 2025.&nbsp;&nbsp;&nbsp;&nbsp;<\/p>\n\n\n\n<hr class=\"wp-block-separator has-alpha-channel-opacity\"\/>\n\n\n\n<p>Izvor i dodatne obavijesti:<\/p>\n\n\n\n<p><a href=\"https:\/\/fraktura.hr\/proizvod\/osam-dana-u-svibnju\">https:\/\/fraktura.hr\/proizvod\/osam-dana-u-svibnju<\/a><\/p>\n\n\n\n<p><a href=\"https:\/\/www.24sata.hr\/news\/krojaci-povijesti-zloguki-pavelicev-crni-plast-i-titova-nova-marsalska-uniforma-1070197\">https:\/\/www.24sata.hr\/news\/krojaci-povijesti-zloguki-pavelicev-crni-plast-i-titova-nova-marsalska-uniforma-1070197<\/a><\/p>\n\n\n\n<p><a href=\"https:\/\/www.24sata.hr\/news\/feljton-pavelic-je-balansirao-izmedu-dviju-ljubavnica-1071246\">https:\/\/www.24sata.hr\/news\/feljton-pavelic-je-balansirao-izmedu-dviju-ljubavnica-1071246<\/a><\/p>\n\n\n\n<hr class=\"wp-block-separator has-alpha-channel-opacity\"\/>\n\n\n\n<p>Obavijest je objavljena i na portalu <strong>Historiografija.ba<\/strong>:<\/p>\n\n\n\n<p><a href=\"https:\/\/historiografija.ba\/knjige\/jugoistocna-evropa\/maj-1945-uspon-i-pad-ndh-i-radjanje-nove-jugoslavije\">https:\/\/historiografija.ba\/knjige\/jugoistocna-evropa\/maj-1945-uspon-i-pad-ndh-i-radjanje-nove-jugoslavije<\/a><\/p>\n\n\n\n<hr class=\"wp-block-separator has-alpha-channel-opacity\"\/>\n","protected":false},"excerpt":{"rendered":"","protected":false},"author":2,"featured_media":48157,"comment_status":"open","ping_status":"open","sticky":false,"template":"","format":"standard","meta":{"_acf_changed":false,"jetpack_post_was_ever_published":false,"_jetpack_newsletter_access":"","_jetpack_dont_email_post_to_subs":false,"_jetpack_newsletter_tier_id":0,"_jetpack_memberships_contains_paywalled_content":false,"_jetpack_memberships_contains_paid_content":false,"footnotes":"","jetpack_publicize_message":"","jetpack_publicize_feature_enabled":true,"jetpack_social_post_already_shared":true,"jetpack_social_options":{"image_generator_settings":{"template":"highway","default_image_id":0,"font":"","enabled":false},"version":2}},"categories":[8,3],"tags":[],"class_list":["post-48156","post","type-post","status-publish","format-standard","has-post-thumbnail","hentry","category-knjige","category-novosti"],"acf":{"facebook_opis":""},"jetpack_publicize_connections":[],"jetpack_featured_media_url":"https:\/\/i0.wp.com\/historiografija.hr\/wp-content\/uploads\/2025\/09\/Raseta_Gavranovic.jpg?fit=768%2C1161&ssl=1","jetpack_sharing_enabled":true,"jetpack-related-posts":[],"_links":{"self":[{"href":"https:\/\/historiografija.hr\/index.php?rest_route=\/wp\/v2\/posts\/48156","targetHints":{"allow":["GET"]}}],"collection":[{"href":"https:\/\/historiografija.hr\/index.php?rest_route=\/wp\/v2\/posts"}],"about":[{"href":"https:\/\/historiografija.hr\/index.php?rest_route=\/wp\/v2\/types\/post"}],"author":[{"embeddable":true,"href":"https:\/\/historiografija.hr\/index.php?rest_route=\/wp\/v2\/users\/2"}],"replies":[{"embeddable":true,"href":"https:\/\/historiografija.hr\/index.php?rest_route=%2Fwp%2Fv2%2Fcomments&post=48156"}],"version-history":[{"count":1,"href":"https:\/\/historiografija.hr\/index.php?rest_route=\/wp\/v2\/posts\/48156\/revisions"}],"predecessor-version":[{"id":48158,"href":"https:\/\/historiografija.hr\/index.php?rest_route=\/wp\/v2\/posts\/48156\/revisions\/48158"}],"wp:featuredmedia":[{"embeddable":true,"href":"https:\/\/historiografija.hr\/index.php?rest_route=\/wp\/v2\/media\/48157"}],"wp:attachment":[{"href":"https:\/\/historiografija.hr\/index.php?rest_route=%2Fwp%2Fv2%2Fmedia&parent=48156"}],"wp:term":[{"taxonomy":"category","embeddable":true,"href":"https:\/\/historiografija.hr\/index.php?rest_route=%2Fwp%2Fv2%2Fcategories&post=48156"},{"taxonomy":"post_tag","embeddable":true,"href":"https:\/\/historiografija.hr\/index.php?rest_route=%2Fwp%2Fv2%2Ftags&post=48156"}],"curies":[{"name":"wp","href":"https:\/\/api.w.org\/{rel}","templated":true}]}}