{"id":48150,"date":"2025-09-05T20:45:32","date_gmt":"2025-09-05T20:45:32","guid":{"rendered":"https:\/\/historiografija.hr\/?p=48150"},"modified":"2025-09-05T20:45:32","modified_gmt":"2025-09-05T20:45:32","slug":"zeljko-kruselj-polet-zlatno-doba-raspada-komunizma","status":"publish","type":"post","link":"https:\/\/historiografija.hr\/?p=48150","title":{"rendered":"\u017deljko Kru\u0161elj, \u201ePOLET: zlatno doba raspada komunizma\u201c"},"content":{"rendered":"\n<p>Knjiga \u017deljka Kru\u0161elja &#8220;POLET: Zlatno doba raspada komunizma&#8221; obja\u0161njava politi\u010dke okolnosti kasne faze komunisti\u010dke Hrvatske i Jugoslavije u kojima je u Zagrebu izlazio omladinski tjednik Polet. Autor na temelju uvida u svih 426 brojeva lista, kao i u opse\u017enu arhivsku dokumentaciju te razgovore s nizom sudionika tih zbivanja, dokazuje da je list nastao kao aktivisti\u010dka potreba rukovodstva SSOH, masovne organizacija koja je promovirala interese vladaju\u0107eg SK. List je djelovao u razdoblju od 1976. do 1990., a bilo je to prvo omladinsko glasilo \u201emladih za mlade \u201c, \u010diji je pristup temama u usporedbi s ostalim tiskovinama bio otvoreniji, provokativniji i neposredniji, ponajprije zbog kori\u0161tenja \u201ejezika ulice \u201c. Polet je napravio iskorak u pokretanju niza svjetonazorskih pitanja, zala\u017eu\u0107i se za \u0161irenje prostora sloboda razli\u010ditih dru\u0161tvenih skupina, pogotovo alternativnih. Na taj je na\u010din me\u0111u mladima stekao kultni status, s obzirom da je \u010desto izmicao politi\u010dkoj kontroli, nagla\u0161avaju\u0107i zapadne vrijednosti.<\/p>\n\n\n\n<p><strong>\u017deljko Kru\u0161elj<\/strong> (Kuzminec, Koprivnica, 5. VIII. 1958) hrvatski je novinar i publicist. U Zagrebu je diplomirao povijest i komparativnu knji\u017eevnost na Filozofskome fakultetu (1982) i novinarstvo na Fakultetu politi\u010dkih nauka (1982). Pokreta\u010d je i prvi glavni urednik koprivni\u010dkog omladinskog lista <em>LOK <\/em>(1979). Profesionalno se novinarstvom po\u010deo baviti 1982. u zagreba\u010dkom <em>Poletu<\/em> kao reporter i urednik. Iste je godine pre\u0161ao u Arenu, a 1983. u politi\u010dki tjednik <em>Danas<\/em>. Od 1991. komentator je u Vjesniku, od 1992. u Nedjeljnoj Dalmaciji te od 1994. do 2004. u Ve\u010dernjem listu, gdje je u kolumni Politi\u010dki koloplet pratio aktualne politi\u010dke pojave. Od polovice 1980-ih zaokupljaju ga povijesne teme, ponajprije nacionalna povijest XX. st., pa sustavno prati hrvatsku historiografsku produkciju. Objavio knjige: <em>Bleiburg: otvoreni dossier<\/em> (1991), <em>Kroja\u010di hrvatskih granica<\/em> (1991), <em>Franjo Tu\u0111man<\/em> (koautor, 1991), <em>U \u017ervnju dr\u017eavnog terora i usta\u0161kog terorizma<\/em> (2001) i dr.<\/p>\n\n\n\n<hr class=\"wp-block-separator has-alpha-channel-opacity\"\/>\n\n\n\n<p>Godina izdanja: 2024<\/p>\n\n\n\n<p>Broj stranica: 579<\/p>\n\n\n\n<p>Nakladnik: <a href=\"https:\/\/www.knjizara-dominovic.hr\/proizvodi\/izdavaci\/edit\/\">EDIT<\/a><\/p>\n\n\n\n<p>Izvor: <a href=\"https:\/\/www.knjizara-dominovic.hr\/polet-zlatno-doba-raspada-komunizma-proizvod-51722\/\">https:\/\/www.knjizara-dominovic.hr\/polet-zlatno-doba-raspada-komunizma-proizvod-51722\/<\/a><\/p>\n\n\n\n<hr class=\"wp-block-separator has-alpha-channel-opacity\"\/>\n","protected":false},"excerpt":{"rendered":"","protected":false},"author":2,"featured_media":48151,"comment_status":"open","ping_status":"open","sticky":false,"template":"","format":"standard","meta":{"_acf_changed":false,"jetpack_post_was_ever_published":false,"_jetpack_newsletter_access":"","_jetpack_dont_email_post_to_subs":false,"_jetpack_newsletter_tier_id":0,"_jetpack_memberships_contains_paywalled_content":false,"_jetpack_memberships_contains_paid_content":false,"footnotes":"","jetpack_publicize_message":"","jetpack_publicize_feature_enabled":true,"jetpack_social_post_already_shared":true,"jetpack_social_options":{"image_generator_settings":{"template":"highway","default_image_id":0,"font":"","enabled":false},"version":2}},"categories":[8,3],"tags":[],"class_list":["post-48150","post","type-post","status-publish","format-standard","has-post-thumbnail","hentry","category-knjige","category-novosti"],"acf":{"facebook_opis":""},"jetpack_publicize_connections":[],"jetpack_featured_media_url":"https:\/\/i0.wp.com\/historiografija.hr\/wp-content\/uploads\/2025\/09\/Polet_Kruselj.jpg?fit=785%2C1132&ssl=1","jetpack_sharing_enabled":true,"jetpack-related-posts":[],"_links":{"self":[{"href":"https:\/\/historiografija.hr\/index.php?rest_route=\/wp\/v2\/posts\/48150","targetHints":{"allow":["GET"]}}],"collection":[{"href":"https:\/\/historiografija.hr\/index.php?rest_route=\/wp\/v2\/posts"}],"about":[{"href":"https:\/\/historiografija.hr\/index.php?rest_route=\/wp\/v2\/types\/post"}],"author":[{"embeddable":true,"href":"https:\/\/historiografija.hr\/index.php?rest_route=\/wp\/v2\/users\/2"}],"replies":[{"embeddable":true,"href":"https:\/\/historiografija.hr\/index.php?rest_route=%2Fwp%2Fv2%2Fcomments&post=48150"}],"version-history":[{"count":1,"href":"https:\/\/historiografija.hr\/index.php?rest_route=\/wp\/v2\/posts\/48150\/revisions"}],"predecessor-version":[{"id":48152,"href":"https:\/\/historiografija.hr\/index.php?rest_route=\/wp\/v2\/posts\/48150\/revisions\/48152"}],"wp:featuredmedia":[{"embeddable":true,"href":"https:\/\/historiografija.hr\/index.php?rest_route=\/wp\/v2\/media\/48151"}],"wp:attachment":[{"href":"https:\/\/historiografija.hr\/index.php?rest_route=%2Fwp%2Fv2%2Fmedia&parent=48150"}],"wp:term":[{"taxonomy":"category","embeddable":true,"href":"https:\/\/historiografija.hr\/index.php?rest_route=%2Fwp%2Fv2%2Fcategories&post=48150"},{"taxonomy":"post_tag","embeddable":true,"href":"https:\/\/historiografija.hr\/index.php?rest_route=%2Fwp%2Fv2%2Ftags&post=48150"}],"curies":[{"name":"wp","href":"https:\/\/api.w.org\/{rel}","templated":true}]}}