{"id":48134,"date":"2025-09-04T21:00:15","date_gmt":"2025-09-04T21:00:15","guid":{"rendered":"https:\/\/historiografija.hr\/?p=48134"},"modified":"2025-09-04T21:02:04","modified_gmt":"2025-09-04T21:02:04","slug":"radionica-nelagoda-zaborava-politickih-zatvorenica-i-memorijski-aktivizam","status":"publish","type":"post","link":"https:\/\/historiografija.hr\/?p=48134","title":{"rendered":"Radionica \u201eNelagoda zaborava politi\u010dkih zatvorenica i memorijski aktivizam\u201c"},"content":{"rendered":"\n<p class=\"has-text-align-left\"><strong>Nelagoda zaborava politi\u010dkih zatvorenica i memorijski aktivizam <\/strong><\/p>\n\n\n\n<p class=\"has-text-align-left\"><strong>Radionica s antropologinjom Renatom Jambre\u0161i\u0107 Kirin<\/strong><\/p>\n\n\n\n<p><strong>09.09.2025 \/ MSU, Zagreb<\/strong><\/p>\n\n\n\n<hr class=\"wp-block-separator has-alpha-channel-opacity\"\/>\n\n\n\n<p>Velik dio izlo\u017ebe Andreje Kulun\u010di\u0107 \u201e\u010ciniti svijet boljim mjestom\u201c posve\u0107en je temi traume \u2013 traumi zatvorenica logora na Golom otoku i Svetom Grguru izme\u0111u 1950. i 1956. godine. Antropologinja i folkloristkinja&nbsp;Renata&nbsp;Jambre\u0161i\u0107 Kirin te bliska suradnica umjetnice u utorak, 9. rujna s po\u010detkom u 18 sati, odr\u017eat \u0107e radionicu koja nam pribli\u017eava okolnosti, razloge i posljedice ka\u017enjavanja \u017eena u ovim logorima.<\/p>\n\n\n\n<p>Udbini popisi, policijski dosjei, intervjui i pisana svjedo\u010denja \u2013 raznovrsni su materijali koje je&nbsp;Renata&nbsp;Jambre\u0161i\u0107 Kirin koristila u dugogodi\u0161njem istra\u017eivanju \u017eenskog politi\u010dkog logora na Golom otoku i Svetom Grguru (Radili\u0161te V) \u2013 a koji \u0107e sudionici\/ce radionice imati priliku upoznati u sklopu radionice. Ti su materijali omogu\u0107ili rekonstrukciju popisa zatvorenica i rezultirali digitalnim arhivom&nbsp;<em>\u017dene u arhipelagu Goli<\/em>&nbsp;(<a href=\"https:\/\/www.zene-arhipelag-goli.info\/\" target=\"_blank\" rel=\"noreferrer noopener\">https:\/\/www.zene-arhipelag-goli.info\/<\/a>) koji prati projekt Andreje Kulun\u010di\u0107, predstavljen i izlo\u017ebom u MSU, pod nazivom&nbsp;<em>Vi ste Partiju izdale onda kada je trebalo da joj pomognete.<\/em><\/p>\n\n\n\n<p>Su\u010deljavanjem razli\u010ditih dokumenata Renata&nbsp;Jambre\u0161i\u0107 Kirin potaknut \u0107e raspravu&nbsp;o poziciji kriti\u010dkih \u017eenskih glasova u dominantnim povijesnim narativima, o me\u0111ugeneracijskom traumatskom naslje\u0111u, nelagodi zaborava politi\u010dkih zatvorenica na ljevici, kao i o feministi\u010dkom konceptu memorijskog aktivizma.<\/p>\n\n\n\n<p><br><strong>Renata Jambre\u0161i\u0107 Kirin<\/strong> znanstvena je savjetnica pri Institutu za etnologiju i folkloristiku, suradnica Centra za \u017eenske studije u Zagrebu te kodirektorica poslijediplomskog feministi\u010dkog seminara pri Interuniverzitetskom centru u Dubrovniku (2007 \u0336&nbsp; ). Vodila je projekte <em>Rod i nacija<\/em> (2007-2013), <em>Naracije straha<\/em> (2017-2021) te teku\u0107i projekt <em>Normalnost i nelagoda<\/em> (2024-2027). Objavila je knjige <em>Dom i svijet: o \u017eenskoj kulturi pam\u0107enja <\/em>(2008) i <em>Korice od kamfora<\/em> (2015), su-uredila petnaest zbornika znanstvenih radova, od \u010dega sedam unutar nakladni\u010dkog niza <em>Feminisms in a transnational perspective. <\/em>Znanstvene i stru\u010dne radove iz podru\u010dja ratne etnografije, kulture pam\u0107enja, feministi\u010dke antropologije te povijesti \u017eena objavljivala u doma\u0107im i inozemnim \u010dasopisima. \u010clanica je kolektiva Antiratne feministkinje.<\/p>\n\n\n\n<p><br>Za program nije potrebna priprema ni predznanje. Radionici prethodi&nbsp;<strong>akcija izrade glinenih figurica s umjetnicom Andrejom Kulun\u010di\u0107<\/strong>, koja po\u010dinje u 17 sati, u okviru projekta&nbsp;<em>850 \u017dENA ZA 850 \u017dENA \u2013 AKCIJA IZRADE ANTISPOMENIKA<\/em>.<\/p>\n\n\n\n<p>Sudjelovanje je besplatno uz kupljenu ulaznicu za izlo\u017ebu.<\/p>\n\n\n\n<p>Na&nbsp;<strong><a href=\"http:\/\/www.msu.hr\/dogadanja\/popis-doga-anja-uz-izlozbu-andreja-kuluncic-ciniti-svijet-boljim-mjestom\/1701\/hr.html\">linku<\/a><\/strong>&nbsp;pogledajte cjelokupni program izlo\u017ebe.&nbsp;<\/p>\n\n\n\n<p><em>Prijavite se za primanje vijesti o programima uz izlo\u017ebu Andreje Kulun\u010di\u0107 ispunjavanjem&nbsp;<\/em><strong><a href=\"https:\/\/form.jotform.com\/251263927959370\"><em>obrasca<\/em><\/a><em>.<\/em><\/strong><\/p>\n\n\n\n<p><em>Vi ste Partiju izdale onda kada je trebalo da joj pomognete \u2013&nbsp;<\/em>realiziran u suradnji s Documentom \u2013 Centar za suo\u010davanje s pro\u0161lo\u0161\u0107u kao dio projekta&nbsp;<em>(In)Visible Traces. Artistic memories of the Cold War<\/em>&nbsp;uz potporu Europske unije putem programa Kreativna Europa&nbsp;(kustosice projekta Irena Beki\u0107 i Anca Verona Mihulet).<\/p>\n\n\n\n<p>Financirano sredstvima Europske unije. Izneseni stavovi i mi\u0161ljenja stavovi su i mi\u0161ljenja autora i ne moraju se podudarati sa stavovima i mi\u0161ljenjima Europske unije ili Europske izvr\u0161ne agencije za obrazovanje i kulturu (EACEA). Europska unija i EACEA ne mogu se smatrati odgovornima za njih. Projekt podr\u017eavaju: Zaklada Kultura nova, Ministarstvo kulture i medija Republike Hrvatske, Grad Zagreb i Mediterranean Women\u2019s Fund.<\/p>\n\n\n\n<p>Detaljnije o projektu<br><a href=\"http:\/\/www.zene-arhipelag-goli.info\/\" target=\"_blank\" rel=\"noreferrer noopener\">www.zene-arhipelag-goli.info<\/a><br><a href=\"https:\/\/www.facebook.com\/850zenaza850zena\" target=\"_blank\" rel=\"noreferrer noopener\">Facebook stranica<\/a><\/p>\n\n\n\n<hr class=\"wp-block-separator has-alpha-channel-opacity\"\/>\n\n\n\n<p>Izvor:<\/p>\n\n\n\n<p><a href=\"http:\/\/www.msu.hr\/dogadanja\/nelagoda-zaborava-politickih-zatvorenica-i-memorijski-aktivizam-radionica-s-antropologinjom-renatom-jambresic-kirin\/1782.html\">http:\/\/www.msu.hr\/dogadanja\/nelagoda-zaborava-politickih-zatvorenica-i-memorijski-aktivizam-radionica-s-antropologinjom-renatom-jambresic-kirin\/1782.html<\/a><\/p>\n\n\n\n<hr class=\"wp-block-separator has-alpha-channel-opacity\"\/>\n","protected":false},"excerpt":{"rendered":"","protected":false},"author":2,"featured_media":48135,"comment_status":"open","ping_status":"open","sticky":false,"template":"","format":"standard","meta":{"_acf_changed":false,"jetpack_post_was_ever_published":false,"_jetpack_newsletter_access":"","_jetpack_dont_email_post_to_subs":false,"_jetpack_newsletter_tier_id":0,"_jetpack_memberships_contains_paywalled_content":false,"_jetpack_memberships_contains_paid_content":false,"footnotes":"","jetpack_publicize_message":"","jetpack_publicize_feature_enabled":true,"jetpack_social_post_already_shared":true,"jetpack_social_options":{"image_generator_settings":{"template":"highway","default_image_id":0,"font":"","enabled":false},"version":2}},"categories":[3,9],"tags":[],"class_list":["post-48134","post","type-post","status-publish","format-standard","has-post-thumbnail","hentry","category-novosti","category-skupovi"],"acf":{"facebook_opis":""},"jetpack_publicize_connections":[],"jetpack_featured_media_url":"https:\/\/i0.wp.com\/historiografija.hr\/wp-content\/uploads\/2025\/09\/Foto_Vanja_Babic.jpg?fit=1280%2C853&ssl=1","jetpack_sharing_enabled":true,"jetpack-related-posts":[],"_links":{"self":[{"href":"https:\/\/historiografija.hr\/index.php?rest_route=\/wp\/v2\/posts\/48134","targetHints":{"allow":["GET"]}}],"collection":[{"href":"https:\/\/historiografija.hr\/index.php?rest_route=\/wp\/v2\/posts"}],"about":[{"href":"https:\/\/historiografija.hr\/index.php?rest_route=\/wp\/v2\/types\/post"}],"author":[{"embeddable":true,"href":"https:\/\/historiografija.hr\/index.php?rest_route=\/wp\/v2\/users\/2"}],"replies":[{"embeddable":true,"href":"https:\/\/historiografija.hr\/index.php?rest_route=%2Fwp%2Fv2%2Fcomments&post=48134"}],"version-history":[{"count":3,"href":"https:\/\/historiografija.hr\/index.php?rest_route=\/wp\/v2\/posts\/48134\/revisions"}],"predecessor-version":[{"id":48138,"href":"https:\/\/historiografija.hr\/index.php?rest_route=\/wp\/v2\/posts\/48134\/revisions\/48138"}],"wp:featuredmedia":[{"embeddable":true,"href":"https:\/\/historiografija.hr\/index.php?rest_route=\/wp\/v2\/media\/48135"}],"wp:attachment":[{"href":"https:\/\/historiografija.hr\/index.php?rest_route=%2Fwp%2Fv2%2Fmedia&parent=48134"}],"wp:term":[{"taxonomy":"category","embeddable":true,"href":"https:\/\/historiografija.hr\/index.php?rest_route=%2Fwp%2Fv2%2Fcategories&post=48134"},{"taxonomy":"post_tag","embeddable":true,"href":"https:\/\/historiografija.hr\/index.php?rest_route=%2Fwp%2Fv2%2Ftags&post=48134"}],"curies":[{"name":"wp","href":"https:\/\/api.w.org\/{rel}","templated":true}]}}