{"id":48127,"date":"2025-09-04T20:38:16","date_gmt":"2025-09-04T20:38:16","guid":{"rendered":"https:\/\/historiografija.hr\/?p=48127"},"modified":"2025-09-04T20:38:43","modified_gmt":"2025-09-04T20:38:43","slug":"medunarodna-znanstvena-konferencija-kapelica-majke-bozje-sljemenske-kraljice-hrvata-i-1100-obljetnica-hrvatskoga-kraljevstva","status":"publish","type":"post","link":"https:\/\/historiografija.hr\/?p=48127","title":{"rendered":"Me\u0111unarodna znanstvena konferencija \u201eKapelica Majke Bo\u017eje Sljemenske, Kraljice Hrvata i 1100. obljetnica Hrvatskoga Kraljevstva\u201c"},"content":{"rendered":"\n<p>Povodom<strong> 1100. obljetnice uspostave Hrvatskoga Kraljevstva<\/strong>&nbsp; \u017eupa Majke Bo\u017eje Sljemenske, Kraljice Hrvata organizira<strong> me\u0111unarodnu znanstvenu konferenciju<\/strong>&nbsp; o istoimenoj kapelici \u2013 mjestu vjere, umjetnosti i kulturno-povijesnog zna\u010denja. Suorganizatori su <strong>Hrvatska pokrajina Dru\u017ebe Isusove, Fakultet filozofije i religijskih znanosti i Arhitektonski fakultet Sveu\u010dili\u0161ta u Zagrebu<\/strong>.<\/p>\n\n\n\n<p>Sljemenska kapelica je ostvarenje \u017eelje zagreba\u010dkih planinara i mladih iz Marijinih Kongregacija iz bazilike Presvetog Srca Isusova iz Zagreba pod vodstvom patera Josipa M\u00fcllera. Nadahnuta je <strong>starohrvatskom sakralnom arhitekturom<\/strong> te je zami\u0161ljena kao spomenik<strong> 1000. obljetnice Hrvatskoga Kraljevstva i 1300. obljetnice pokr\u0161tavanja Hrvata<\/strong>. Arhitekt Juraj Denzler u suradnji sa paterom M\u00fcllerom oblikovao je kapelicu u <strong>jedinstveni spomenik moderne hrvatske arhitekture i umjetnosti u prirodi<\/strong> te izri\u010daj<strong> povezanosti hrvatskoga vjerskog i nacionalnog identiteta<\/strong>. Kapelica je<strong> za\u0161ti\u0107eno kulturno dobro Republike Hrvatske<\/strong>.<\/p>\n\n\n\n<p>Program<\/p>\n\n\n\n<p>Konferencija \u0107e obuhvatiti teme o duhovnosti,<strong> okolnostima nastanka kapelice<\/strong>, arhitekturi, umjetnicima, ure\u0111enju i opremi kapelice.<\/p>\n\n\n\n<p>Program \u0107e <strong>zapo\u010deti u 9 sati<\/strong>. Uz pauze za kavu i ru\u010dak izme\u0111u dijelova, planirani <strong>zavr\u0161etak je do 18 sati<\/strong>. Za sudjelovanje je <strong>obavezna prijava<\/strong>.<\/p>\n\n\n\n<p><strong>1. DIO &#8211; KONTEKST<\/strong><\/p>\n\n\n\n<p><strong>Obilje\u017eavanje <em>Trinaest stolje\u0107a kr\u0161\u0107anstva u Hrvata<\/em> (1936.-1941.)<\/strong><\/p>\n\n\n\n<p>izv. prof. dr. sc. Trpimir Vedri\u0161<\/p>\n\n\n\n<p><strong>Kako je nastala Kapelica na Sljemenu? Ideja, priprema, izgradnja, posveta i upotreba<\/strong><\/p>\n\n\n\n<p>dr. sc. p. Tomislav \u0160piranec<\/p>\n\n\n\n<p><strong>Duhovna ba\u0161tina i prirodni resursi Medvednice tijekom stolje\u0107a<\/strong><\/p>\n\n\n\n<p>dr. sc. Marina Popija\u010d i Tajana Ban \u0106uri\u0107<\/p>\n\n\n\n<p><strong>Kapela Majke Bo\u017eje Sljemenske, Kraljice Hrvata u kontekstu Parka prirode Medvednica<\/strong><\/p>\n\n\n\n<p>Klara Kranj\u010dec i izv. prof. dr. sc. Zorana Sokol Gojnik<\/p>\n\n\n\n<p><strong>PANEL<\/strong><\/p>\n\n\n\n<p><strong>2. DIO &#8211; ARHITEKTURA I UMJETNICI<\/strong><\/p>\n\n\n\n<p><strong>Kapela Majke Bo\u017eje Sljemenske i opus arhitekta Jurja Denzlera \u2013 Interpretativni kontekstualizam kao projektantska strategija<\/strong><\/p>\n\n\n\n<p>izv. prof. dr. sc. Nata\u0161a Jak\u0161i\u0107<\/p>\n\n\n\n<p><strong>Kapela Jurja Denzlera na Sljemenu \u2013 Arhitektura identiteta i krajolika u slu\u017ebi povijesnog sje\u0107anja<\/strong><\/p>\n\n\n\n<p>izv. prof. dr. sc. Zorana Sokol Gojnik i dr. sc. Igor Gojnik<\/p>\n\n\n\n<p><strong>Crkva Majke Bo\u017eje Sljemenske, Kraljice Hrvata \u2013 doprinos slovenskih umjetnika<\/strong><\/p>\n\n\n\n<p>doc. dr. Leon Debevec (Ljubljana, Slovenija)<\/p>\n\n\n\n<p><strong>Sacred Woodlands and Holy Chapels (Svete \u0161ume i \u0161umske kapele)<\/strong><\/p>\n\n\n\n<p>Giorgio della Longa (Rome, Italy)<\/p>\n\n\n\n<p><strong>PANEL<\/strong><\/p>\n\n\n\n<p>RU\u010cAK<\/p>\n\n\n\n<p><strong>3. DIO &#8211; URE\u0110ENJE KAPELICE<\/strong><\/p>\n\n\n\n<p><strong>Grbovi na stropu Kapele Majke Bo\u017eje Sljemenske, Kraljice Hrvata<\/strong><\/p>\n\n\n\n<p>nasl. doc. dr. sc. \u017deljko Heimer<\/p>\n\n\n\n<p><strong>Isusova\u010dkim stopama do Gospe od Puta na Sljemenu<\/strong><\/p>\n\n\n\n<p>prof. dr. sc. Sanja Cvetni\u0107<\/p>\n\n\n\n<p><strong>Kiparska oprema Kapelice Majke Bo\u017eje Sljemenske, Kraljice Hrvata<\/strong><\/p>\n\n\n\n<p>dr. sc. Darija Alujevi\u0107<\/p>\n\n\n\n<p><strong>PANEL<\/strong><\/p>\n\n\n\n<p><strong>4. DIO &#8211; OPREMA KAPELICE<\/strong><\/p>\n\n\n\n<p><strong>Liturgijsko ruho Tereze Pauli\u0107 za Kapelicu Majke Bo\u017eje Sljemenske<\/strong><\/p>\n\n\n\n<p>Andrea Klobu\u010dar<\/p>\n\n\n\n<p><strong>Liturgijsko posu\u0111e, metalna oprema, vitraji i mozaici u Kapelici Majke Bo\u017eje Sljemenske<\/strong><\/p>\n\n\n\n<p>dr. sc. Arijana Kopr\u010dina i Sandra Kandu\u010dar Trojan<\/p>\n\n\n\n<p><strong>Vaze kerami\u010darke Marte Plazzeriano u sljemenskoj kapelici<\/strong><\/p>\n\n\n\n<p>dr. sc. Marina Bagari\u0107<\/p>\n\n\n\n<p><strong>Izrazi osobnih zavjeta Mariji kao kulturna ba\u0161tina u Hrvatskoj<\/strong><\/p>\n\n\n\n<p>doc. dr. sc. Mirela Hrovatin<\/p>\n\n\n\n<p><strong>PANEL<\/strong><\/p>\n\n\n\n<hr class=\"wp-block-separator has-alpha-channel-opacity\"\/>\n\n\n\n<p>Izvor:<\/p>\n\n\n\n<figure class=\"wp-block-embed is-type-wp-embed is-provider-upa-sljeme wp-block-embed-upa-sljeme\"><div class=\"wp-block-embed__wrapper\">\n<blockquote class=\"wp-embedded-content\" data-secret=\"TUYyjQhz1v\"><a href=\"https:\/\/zupasljeme.hr\/konferencija\/\">Konferencija<\/a><\/blockquote><iframe loading=\"lazy\" class=\"wp-embedded-content\" sandbox=\"allow-scripts\" security=\"restricted\" style=\"position: absolute; visibility: hidden;\" title=\"&#8220;Konferencija&#8221; &#8212; \u017dupa Sljeme\" src=\"https:\/\/zupasljeme.hr\/konferencija\/embed\/#?secret=rw2L1EvTuO#?secret=TUYyjQhz1v\" data-secret=\"TUYyjQhz1v\" width=\"600\" height=\"338\" frameborder=\"0\" marginwidth=\"0\" marginheight=\"0\" scrolling=\"no\"><\/iframe>\n<\/div><\/figure>\n\n\n\n<hr class=\"wp-block-separator has-alpha-channel-opacity\"\/>\n","protected":false},"excerpt":{"rendered":"","protected":false},"author":2,"featured_media":48128,"comment_status":"open","ping_status":"open","sticky":false,"template":"","format":"standard","meta":{"_acf_changed":false,"jetpack_post_was_ever_published":false,"_jetpack_newsletter_access":"","_jetpack_dont_email_post_to_subs":false,"_jetpack_newsletter_tier_id":0,"_jetpack_memberships_contains_paywalled_content":false,"_jetpack_memberships_contains_paid_content":false,"footnotes":"","jetpack_publicize_message":"","jetpack_publicize_feature_enabled":true,"jetpack_social_post_already_shared":true,"jetpack_social_options":{"image_generator_settings":{"template":"highway","default_image_id":0,"font":"","enabled":false},"version":2}},"categories":[3,9],"tags":[],"class_list":["post-48127","post","type-post","status-publish","format-standard","has-post-thumbnail","hentry","category-novosti","category-skupovi"],"acf":{"facebook_opis":""},"jetpack_publicize_connections":[],"jetpack_featured_media_url":"https:\/\/i0.wp.com\/historiografija.hr\/wp-content\/uploads\/2025\/09\/Konferencija_Sljeme.png?fit=1920%2C800&ssl=1","jetpack_sharing_enabled":true,"jetpack-related-posts":[{"id":52712,"url":"https:\/\/historiografija.hr\/?p=52712","url_meta":{"origin":48127,"position":0},"title":"Okrugli stol &#8220;Proslava 1100 godina Hrvatskoga Kraljevstva \u2013 kako danas gledamo na hrvatski rani srednji vijek?&#8221;","author":"Filip \u0160imunjak","date":"29. travnja 2026.","format":false,"excerpt":"Godinu iza nas obilje\u017eile su brojne manifestacije posve\u0107ene 1100. obljetnici Hrvatskoga Kraljevstva, koje su privukle veliku pozornost javnosti i medija, pa tako i na\u0161ega portala. Nastavljaju\u0107i se na taj niz, pozivamo Vas na okrugli stol \u201eProslava 1100 godina Hrvatskoga Kraljevstva \u2013 kako danas gledamo na hrvatski rani srednji vijek?\u201d, koji\u2026","rel":"","context":"U &quot;Novosti&quot;","block_context":{"text":"Novosti","link":"https:\/\/historiografija.hr\/?cat=3"},"img":{"alt_text":"","src":"https:\/\/i0.wp.com\/historiografija.hr\/wp-content\/uploads\/2026\/04\/Kliofest-01-utorak-I-01-OS-1100-godina.jpg?fit=1200%2C566&ssl=1&resize=350%2C200","width":350,"height":200,"srcset":"https:\/\/i0.wp.com\/historiografija.hr\/wp-content\/uploads\/2026\/04\/Kliofest-01-utorak-I-01-OS-1100-godina.jpg?fit=1200%2C566&ssl=1&resize=350%2C200 1x, https:\/\/i0.wp.com\/historiografija.hr\/wp-content\/uploads\/2026\/04\/Kliofest-01-utorak-I-01-OS-1100-godina.jpg?fit=1200%2C566&ssl=1&resize=525%2C300 1.5x, https:\/\/i0.wp.com\/historiografija.hr\/wp-content\/uploads\/2026\/04\/Kliofest-01-utorak-I-01-OS-1100-godina.jpg?fit=1200%2C566&ssl=1&resize=700%2C400 2x, https:\/\/i0.wp.com\/historiografija.hr\/wp-content\/uploads\/2026\/04\/Kliofest-01-utorak-I-01-OS-1100-godina.jpg?fit=1200%2C566&ssl=1&resize=1050%2C600 3x"},"classes":[]},{"id":52575,"url":"https:\/\/historiografija.hr\/?p=52575","url_meta":{"origin":48127,"position":1},"title":"Izlo\u017eba dje\u010djih radova \u201cU po\u010detku bija\u0161e crte\u017e\u2026\u201d","author":"Branimir Jankovi\u0107","date":"21. travnja 2026.","format":false,"excerpt":"U subotu, 25. travnja 2026. u 11 sati u Galeriji Klovi\u0107evi dvori sve\u010dano otvaramo izlo\u017ebu dje\u010djih radova pod nazivom U po\u010detku bija\u0161e crte\u017e\u2026 Radovi su nastali u sklopu likovnih radionica uz izlo\u017ebu U po\u010detku bija\u0161e kraljevstvo \u2013 izlo\u017eba povodom 1100 godina Hrvatskoga Kraljevstva. Na brojnim likovnim radionicama, uz \u0161kolsku djecu,\u2026","rel":"","context":"U &quot;Izlo\u017ebe&quot;","block_context":{"text":"Izlo\u017ebe","link":"https:\/\/historiografija.hr\/?cat=10"},"img":{"alt_text":"","src":"https:\/\/i0.wp.com\/historiografija.hr\/wp-content\/uploads\/2025\/10\/Klovicevi_sluzbeni-plakat.png?fit=840%2C1200&ssl=1&resize=350%2C200","width":350,"height":200,"srcset":"https:\/\/i0.wp.com\/historiografija.hr\/wp-content\/uploads\/2025\/10\/Klovicevi_sluzbeni-plakat.png?fit=840%2C1200&ssl=1&resize=350%2C200 1x, https:\/\/i0.wp.com\/historiografija.hr\/wp-content\/uploads\/2025\/10\/Klovicevi_sluzbeni-plakat.png?fit=840%2C1200&ssl=1&resize=525%2C300 1.5x, https:\/\/i0.wp.com\/historiografija.hr\/wp-content\/uploads\/2025\/10\/Klovicevi_sluzbeni-plakat.png?fit=840%2C1200&ssl=1&resize=700%2C400 2x"},"classes":[]},{"id":52499,"url":"https:\/\/historiografija.hr\/?p=52499","url_meta":{"origin":48127,"position":2},"title":"POTPISAN UGOVOR O ZNANSTVENO-ISTRA\u017dIVA\u010cKOJ SURADNJI: PROJEKT \u201eTEMELJI HRVATSKE SAMOSTALNOSTI\u201d","author":"Branimir Jankovi\u0107","date":"17. travnja 2026.","format":false,"excerpt":"Hrvatski institut za povijest, Sveu\u010dili\u0161te obrane i sigurnosti \u201eDr. Franjo Tu\u0111man\u201d, Institut dru\u0161tvenih znanosti Ivo Pilar i Hrvatski dr\u017eavni arhiv\u00a0potpisali su 23. o\u017eujka 2026.\u00a0Ugovor o znanstveno-istra\u017eiva\u010dkoj suradnji s ciljem provedbe projekta \u201eTemelji hrvatske samostalnosti\u201d. Tim projektom obuhva\u0107a se istra\u017eivanje arhivskoga gradiva, priprema znanstvenih publikacija, digitalizacija i javna prezentacija rezultata istra\u017eivanja\u2026","rel":"","context":"U &quot;Novosti&quot;","block_context":{"text":"Novosti","link":"https:\/\/historiografija.hr\/?cat=3"},"img":{"alt_text":"","src":"https:\/\/i0.wp.com\/historiografija.hr\/wp-content\/uploads\/2026\/04\/THS_sporazum.jpg?fit=1200%2C583&ssl=1&resize=350%2C200","width":350,"height":200,"srcset":"https:\/\/i0.wp.com\/historiografija.hr\/wp-content\/uploads\/2026\/04\/THS_sporazum.jpg?fit=1200%2C583&ssl=1&resize=350%2C200 1x, https:\/\/i0.wp.com\/historiografija.hr\/wp-content\/uploads\/2026\/04\/THS_sporazum.jpg?fit=1200%2C583&ssl=1&resize=525%2C300 1.5x, https:\/\/i0.wp.com\/historiografija.hr\/wp-content\/uploads\/2026\/04\/THS_sporazum.jpg?fit=1200%2C583&ssl=1&resize=700%2C400 2x, https:\/\/i0.wp.com\/historiografija.hr\/wp-content\/uploads\/2026\/04\/THS_sporazum.jpg?fit=1200%2C583&ssl=1&resize=1050%2C600 3x"},"classes":[]},{"id":52496,"url":"https:\/\/historiografija.hr\/?p=52496","url_meta":{"origin":48127,"position":3},"title":"30 godina Podru\u017enice \u2013 Javno predavanje Matea \u010calu\u0161i\u0107a \u201eSlavonski Brod u Domovinskom ratu\u201c","author":"Branimir Jankovi\u0107","date":"17. travnja 2026.","format":false,"excerpt":"U 2026. navr\u0161ava se trideset godina od osnutka Podru\u017enice za povijest Slavonije, Srijema i Baranje Hrvatskoga instituta za povijest. Obilje\u017eavanje ove zna\u010dajne obljetnice zapo\u010dinje ciklusom javnih povijesnih predavanja znanstvenika Instituta. Tre\u0107e po redu je predavanje Matea \u010calu\u0161i\u0107a \u2013 \u201eSLAVONSKI BROD U DOMOVINSKOM RATU\u201c. Predavanje \u0107e se odr\u017eati 21. travnja 2026.\u2026","rel":"","context":"U &quot;Novosti&quot;","block_context":{"text":"Novosti","link":"https:\/\/historiografija.hr\/?cat=3"},"img":{"alt_text":"","src":"https:\/\/i0.wp.com\/historiografija.hr\/wp-content\/uploads\/2026\/04\/Predavanje-Calusic.png?fit=860%2C1200&ssl=1&resize=350%2C200","width":350,"height":200,"srcset":"https:\/\/i0.wp.com\/historiografija.hr\/wp-content\/uploads\/2026\/04\/Predavanje-Calusic.png?fit=860%2C1200&ssl=1&resize=350%2C200 1x, https:\/\/i0.wp.com\/historiografija.hr\/wp-content\/uploads\/2026\/04\/Predavanje-Calusic.png?fit=860%2C1200&ssl=1&resize=525%2C300 1.5x, https:\/\/i0.wp.com\/historiografija.hr\/wp-content\/uploads\/2026\/04\/Predavanje-Calusic.png?fit=860%2C1200&ssl=1&resize=700%2C400 2x"},"classes":[]},{"id":52589,"url":"https:\/\/historiografija.hr\/?p=52589","url_meta":{"origin":48127,"position":4},"title":"Predstavljena knjiga Miomira \u017du\u017eula &#8220;Dayton: Diplomacija &#8211; druga strana rata&#8221;","author":"Branimir Jankovi\u0107","date":"22. travnja 2026.","format":false,"excerpt":"Knjiga Miomira \u017du\u017eula \u201eDayton: Diplomacija \u2013 druga strana rata\u201d predstavljena je u srijedu, 22. travnja 2026. godine u foajeu Hrvatskoga narodnog kazali\u0161ta u Zagrebu. Op\u0161irnije: https:\/\/vijesti.hrt.hr\/hrvatska\/predstavljena-knjiga-miomira-zuzula-dayton-diplomacija-druga-strana-rata-12683259 https:\/\/www.vecernji.ba\/amp\/vijesti\/zuzulova-knjiga-o-daytonu-predstavljena-u-zagrebu-diplomacija-kao-druga-strana-rata-1953700 https:\/\/www.tportal.hr\/vijesti\/clanak\/bivsi-sanaderov-ministar-odrzao-promociju-evo-tko-je-sve-dosao-na-predstavljanje-knjige-miomira-zuzula-foto-20260422 https:\/\/direktno.hr\/zivot\/kultura\/zuzul-otkrio-sve-o-drugoj-strani-rata-za-hrvatsku-se-nije-libio-povuci-nekoga-i-za-kosu-395042 https:\/\/www.24sata.hr\/news\/miomir-zuzul-predstavio-je-knjigu-o-daytonu-diplomacija-je-bila-druga-strana-rata-1123152 https:\/\/www.vecernji.hr\/kultura\/kolinda-grabar-kitarovic-otvoreno-miomir-zuzul-nije-vukao-samo-za-rukav-nego-i-za-kosu-1953722 https:\/\/www.vecernji.hr\/kultura\/i-papa-lav-xiv-eksplicitno-je-daytonski-sporazum-istaknuo-kao-primjer-uspjesna-rjesavanja-sukoba-1952215","rel":"","context":"U &quot;Novosti&quot;","block_context":{"text":"Novosti","link":"https:\/\/historiografija.hr\/?cat=3"},"img":{"alt_text":"","src":"https:\/\/i0.wp.com\/historiografija.hr\/wp-content\/uploads\/2026\/04\/Dayton.jpg?fit=1024%2C683&ssl=1&resize=350%2C200","width":350,"height":200,"srcset":"https:\/\/i0.wp.com\/historiografija.hr\/wp-content\/uploads\/2026\/04\/Dayton.jpg?fit=1024%2C683&ssl=1&resize=350%2C200 1x, https:\/\/i0.wp.com\/historiografija.hr\/wp-content\/uploads\/2026\/04\/Dayton.jpg?fit=1024%2C683&ssl=1&resize=525%2C300 1.5x, https:\/\/i0.wp.com\/historiografija.hr\/wp-content\/uploads\/2026\/04\/Dayton.jpg?fit=1024%2C683&ssl=1&resize=700%2C400 2x"},"classes":[]},{"id":52631,"url":"https:\/\/historiografija.hr\/?p=52631","url_meta":{"origin":48127,"position":5},"title":"Predavanje Ivana Tepe\u0161a: Djelovanje hrvatske politi\u010dke emigracije","author":"Branimir Jankovi\u0107","date":"23. travnja 2026.","format":false,"excerpt":"Odjel za me\u0111unarodnu suradnju i iseljeni\u0161tvo Matice hrvatske Predavanje Ivana Tepe\u0161a: Djelovanje hrvatske politi\u010dke emigracije Utorak, 28. travnja 2026. u 18:00 sati, Dvorana Ljudevita Jonkea (Mala dvorana MH), Strossmayerov trg 4, Zagreb dr. sc. Ivan Tepe\u0161, Institut za istra\u017eivanje migracija Hrvatska politi\u010dka emigracija obilje\u017eila je polustoljetnu hrvatsku povijest u drugoj\u2026","rel":"","context":"U &quot;Novosti&quot;","block_context":{"text":"Novosti","link":"https:\/\/historiografija.hr\/?cat=3"},"img":{"alt_text":"","src":"","width":0,"height":0},"classes":[]}],"_links":{"self":[{"href":"https:\/\/historiografija.hr\/index.php?rest_route=\/wp\/v2\/posts\/48127","targetHints":{"allow":["GET"]}}],"collection":[{"href":"https:\/\/historiografija.hr\/index.php?rest_route=\/wp\/v2\/posts"}],"about":[{"href":"https:\/\/historiografija.hr\/index.php?rest_route=\/wp\/v2\/types\/post"}],"author":[{"embeddable":true,"href":"https:\/\/historiografija.hr\/index.php?rest_route=\/wp\/v2\/users\/2"}],"replies":[{"embeddable":true,"href":"https:\/\/historiografija.hr\/index.php?rest_route=%2Fwp%2Fv2%2Fcomments&post=48127"}],"version-history":[{"count":2,"href":"https:\/\/historiografija.hr\/index.php?rest_route=\/wp\/v2\/posts\/48127\/revisions"}],"predecessor-version":[{"id":48130,"href":"https:\/\/historiografija.hr\/index.php?rest_route=\/wp\/v2\/posts\/48127\/revisions\/48130"}],"wp:featuredmedia":[{"embeddable":true,"href":"https:\/\/historiografija.hr\/index.php?rest_route=\/wp\/v2\/media\/48128"}],"wp:attachment":[{"href":"https:\/\/historiografija.hr\/index.php?rest_route=%2Fwp%2Fv2%2Fmedia&parent=48127"}],"wp:term":[{"taxonomy":"category","embeddable":true,"href":"https:\/\/historiografija.hr\/index.php?rest_route=%2Fwp%2Fv2%2Fcategories&post=48127"},{"taxonomy":"post_tag","embeddable":true,"href":"https:\/\/historiografija.hr\/index.php?rest_route=%2Fwp%2Fv2%2Ftags&post=48127"}],"curies":[{"name":"wp","href":"https:\/\/api.w.org\/{rel}","templated":true}]}}