{"id":48124,"date":"2025-09-04T20:32:06","date_gmt":"2025-09-04T20:32:06","guid":{"rendered":"https:\/\/historiografija.hr\/?p=48124"},"modified":"2025-09-04T20:32:06","modified_gmt":"2025-09-04T20:32:06","slug":"predstavljanje-knjige-zeljka-drazenovica-vinkovacke-jeseni-hrvatski-odgovor-jugounitarizmu","status":"publish","type":"post","link":"https:\/\/historiografija.hr\/?p=48124","title":{"rendered":"Predstavljanje knjige \u017deljka Dra\u017eenovi\u0107a: Vinkova\u010dke jeseni &#8211; hrvatski odgovor jugounitarizmu"},"content":{"rendered":"\n<p>Utorak, 9. rujna 2025. u 18:00 sati, Mala dvorana Matice hrvatske, Ulica Matice hrvatske 2, Strossmayerov trg 4, Zagreb<\/p>\n\n\n\n<hr class=\"wp-block-separator has-alpha-channel-opacity\"\/>\n\n\n\n<p class=\"has-text-align-center\">Teatar igre<\/p>\n\n\n\n<p class=\"has-text-align-center\">poziva vas na predstavljanje knjige&nbsp;<\/p>\n\n\n\n<p class=\"has-text-align-center\">\u017deljko Dra\u017eenovi\u0107<\/p>\n\n\n\n<p class=\"has-text-align-center\"><strong>Vinkova\u010dke jeseni &#8211; hrvatski odgovor jugounitarizmu<\/strong><\/p>\n\n\n\n<p class=\"has-text-align-center\"><strong>O knjizi govore<\/strong><\/p>\n\n\n\n<p class=\"has-text-align-center\">Tihomir Marojevi\u0107, urednik<\/p>\n\n\n\n<p class=\"has-text-align-center\">\u017deljko Dra\u017eenovi\u0107, autor<\/p>\n\n\n\n<p class=\"has-text-align-center\"><strong>Moderatorica<\/strong><\/p>\n\n\n\n<p class=\"has-text-align-center\">Zrinka Turalija<\/p>\n\n\n\n<p class=\"has-text-align-center\">9. rujna 2025. u 18 sati<\/p>\n\n\n\n<p class=\"has-text-align-center\">Mala dvorana Matice hrvatske<\/p>\n\n\n\n<p class=\"has-text-align-center\">Strossmayerov trg 4\/ Ulica Matice hrvatske 2, Zagreb<\/p>\n\n\n\n<hr class=\"wp-block-separator has-alpha-channel-opacity\"\/>\n\n\n\n<p>Izvor:<\/p>\n\n\n\n<p><a href=\"https:\/\/www.matica.hr\/zbivanja\/predstavljanje-knjige-zeljka-drazenovica-vinkovacke-jeseni-hrvatski-odgovor-jugounitarizmu-4859\">https:\/\/www.matica.hr\/zbivanja\/predstavljanje-knjige-zeljka-drazenovica-vinkovacke-jeseni-hrvatski-odgovor-jugounitarizmu-4859<\/a><\/p>\n\n\n\n<hr class=\"wp-block-separator has-alpha-channel-opacity\"\/>\n","protected":false},"excerpt":{"rendered":"","protected":false},"author":2,"featured_media":48125,"comment_status":"open","ping_status":"open","sticky":false,"template":"","format":"standard","meta":{"_acf_changed":false,"jetpack_post_was_ever_published":false,"_jetpack_newsletter_access":"","_jetpack_dont_email_post_to_subs":false,"_jetpack_newsletter_tier_id":0,"_jetpack_memberships_contains_paywalled_content":false,"_jetpack_memberships_contains_paid_content":false,"footnotes":"","jetpack_publicize_message":"","jetpack_publicize_feature_enabled":true,"jetpack_social_post_already_shared":true,"jetpack_social_options":{"image_generator_settings":{"template":"highway","default_image_id":0,"font":"","enabled":false},"version":2}},"categories":[3],"tags":[],"class_list":["post-48124","post","type-post","status-publish","format-standard","has-post-thumbnail","hentry","category-novosti"],"acf":{"facebook_opis":""},"jetpack_publicize_connections":[],"jetpack_featured_media_url":"https:\/\/i0.wp.com\/historiografija.hr\/wp-content\/uploads\/2025\/09\/Pozivnica_Vinkovacke_jeseni.jpg?fit=680%2C962&ssl=1","jetpack_sharing_enabled":true,"jetpack-related-posts":[],"_links":{"self":[{"href":"https:\/\/historiografija.hr\/index.php?rest_route=\/wp\/v2\/posts\/48124","targetHints":{"allow":["GET"]}}],"collection":[{"href":"https:\/\/historiografija.hr\/index.php?rest_route=\/wp\/v2\/posts"}],"about":[{"href":"https:\/\/historiografija.hr\/index.php?rest_route=\/wp\/v2\/types\/post"}],"author":[{"embeddable":true,"href":"https:\/\/historiografija.hr\/index.php?rest_route=\/wp\/v2\/users\/2"}],"replies":[{"embeddable":true,"href":"https:\/\/historiografija.hr\/index.php?rest_route=%2Fwp%2Fv2%2Fcomments&post=48124"}],"version-history":[{"count":1,"href":"https:\/\/historiografija.hr\/index.php?rest_route=\/wp\/v2\/posts\/48124\/revisions"}],"predecessor-version":[{"id":48126,"href":"https:\/\/historiografija.hr\/index.php?rest_route=\/wp\/v2\/posts\/48124\/revisions\/48126"}],"wp:featuredmedia":[{"embeddable":true,"href":"https:\/\/historiografija.hr\/index.php?rest_route=\/wp\/v2\/media\/48125"}],"wp:attachment":[{"href":"https:\/\/historiografija.hr\/index.php?rest_route=%2Fwp%2Fv2%2Fmedia&parent=48124"}],"wp:term":[{"taxonomy":"category","embeddable":true,"href":"https:\/\/historiografija.hr\/index.php?rest_route=%2Fwp%2Fv2%2Fcategories&post=48124"},{"taxonomy":"post_tag","embeddable":true,"href":"https:\/\/historiografija.hr\/index.php?rest_route=%2Fwp%2Fv2%2Ftags&post=48124"}],"curies":[{"name":"wp","href":"https:\/\/api.w.org\/{rel}","templated":true}]}}