{"id":48069,"date":"2025-09-02T16:36:09","date_gmt":"2025-09-02T16:36:09","guid":{"rendered":"https:\/\/historiografija.hr\/?p=48069"},"modified":"2025-09-02T16:41:37","modified_gmt":"2025-09-02T16:41:37","slug":"realizacija-terenske-nastave-u-spomen-podrucju-jasenovac","status":"publish","type":"post","link":"https:\/\/historiografija.hr\/?p=48069","title":{"rendered":"Realizacija terenske nastave u Spomen-podru\u010dju Jasenovac"},"content":{"rendered":"\n<p>U suradnji s Ministarstvom znanosti, obrazovanja i mladih nastavlja se projekt sufinanciranja terenske nastave u Spomen-podru\u010dju Jasenovac koji je zapo\u010deo 2022. godine. Budu\u0107i da se pribli\u017eava po\u010detak nove \u0161kolske godine, pozivamo zainteresirane \u0161kole da pravovremeno rezerviraju svoj termin dolaska.<\/p>\n\n\n\n<p>Sve informacije o prijavi i provedbi dostupne su na sljede\u0107oj poveznici: <\/p>\n\n\n\n<p><a href=\"https:\/\/mzom.gov.hr\/vijesti\/realizacija-terenske-nastave-u-spomen-podrucju-jasenovac\/3410\">https:\/\/mzom.gov.hr\/vijesti\/realizacija-terenske-nastave-u-spomen-podrucju-jasenovac\/3410<\/a><\/p>\n\n\n\n<p>Edukacija, sje\u0107anje i razumijevanje pro\u0161losti temelj su dru\u0161tva bez mr\u017enje.<\/p>\n\n\n\n<hr class=\"wp-block-separator has-alpha-channel-opacity\"\/>\n\n\n\n<p>Izvor:<\/p>\n\n\n\n<p><a href=\"https:\/\/www.jusp-jasenovac.hr\/Default.aspx?sid=10555\">https:\/\/www.jusp-jasenovac.hr\/Default.aspx?sid=10555<\/a><\/p>\n\n\n\n<hr class=\"wp-block-separator has-alpha-channel-opacity\"\/>\n","protected":false},"excerpt":{"rendered":"","protected":false},"author":2,"featured_media":48070,"comment_status":"open","ping_status":"open","sticky":false,"template":"","format":"standard","meta":{"_acf_changed":false,"jetpack_post_was_ever_published":false,"_jetpack_newsletter_access":"","_jetpack_dont_email_post_to_subs":false,"_jetpack_newsletter_tier_id":0,"_jetpack_memberships_contains_paywalled_content":false,"_jetpack_memberships_contains_paid_content":false,"footnotes":"","jetpack_publicize_message":"","jetpack_publicize_feature_enabled":true,"jetpack_social_post_already_shared":true,"jetpack_social_options":{"image_generator_settings":{"template":"highway","default_image_id":0,"font":"","enabled":false},"version":2}},"categories":[3],"tags":[],"class_list":["post-48069","post","type-post","status-publish","format-standard","has-post-thumbnail","hentry","category-novosti"],"acf":{"facebook_opis":""},"jetpack_publicize_connections":[],"jetpack_featured_media_url":"https:\/\/i0.wp.com\/historiografija.hr\/wp-content\/uploads\/2025\/09\/Jusp-2025.jpg?fit=2016%2C908&ssl=1","jetpack_sharing_enabled":true,"jetpack-related-posts":[],"_links":{"self":[{"href":"https:\/\/historiografija.hr\/index.php?rest_route=\/wp\/v2\/posts\/48069","targetHints":{"allow":["GET"]}}],"collection":[{"href":"https:\/\/historiografija.hr\/index.php?rest_route=\/wp\/v2\/posts"}],"about":[{"href":"https:\/\/historiografija.hr\/index.php?rest_route=\/wp\/v2\/types\/post"}],"author":[{"embeddable":true,"href":"https:\/\/historiografija.hr\/index.php?rest_route=\/wp\/v2\/users\/2"}],"replies":[{"embeddable":true,"href":"https:\/\/historiografija.hr\/index.php?rest_route=%2Fwp%2Fv2%2Fcomments&post=48069"}],"version-history":[{"count":2,"href":"https:\/\/historiografija.hr\/index.php?rest_route=\/wp\/v2\/posts\/48069\/revisions"}],"predecessor-version":[{"id":48072,"href":"https:\/\/historiografija.hr\/index.php?rest_route=\/wp\/v2\/posts\/48069\/revisions\/48072"}],"wp:featuredmedia":[{"embeddable":true,"href":"https:\/\/historiografija.hr\/index.php?rest_route=\/wp\/v2\/media\/48070"}],"wp:attachment":[{"href":"https:\/\/historiografija.hr\/index.php?rest_route=%2Fwp%2Fv2%2Fmedia&parent=48069"}],"wp:term":[{"taxonomy":"category","embeddable":true,"href":"https:\/\/historiografija.hr\/index.php?rest_route=%2Fwp%2Fv2%2Fcategories&post=48069"},{"taxonomy":"post_tag","embeddable":true,"href":"https:\/\/historiografija.hr\/index.php?rest_route=%2Fwp%2Fv2%2Ftags&post=48069"}],"curies":[{"name":"wp","href":"https:\/\/api.w.org\/{rel}","templated":true}]}}