{"id":48048,"date":"2025-09-01T21:01:58","date_gmt":"2025-09-01T21:01:58","guid":{"rendered":"https:\/\/historiografija.hr\/?p=48048"},"modified":"2025-09-01T21:01:58","modified_gmt":"2025-09-01T21:01:58","slug":"jasminka-najcer-sabljak-i-silvija-lucevnjak-slavonski-odred-za-bastinu","status":"publish","type":"post","link":"https:\/\/historiografija.hr\/?p=48048","title":{"rendered":"Jasminka Najcer Sabljak i Silvija Lu\u010devnjak, \u201eSlavonski odred za ba\u0161tinu\u201c"},"content":{"rendered":"\n<p>Knjiga Slavonski odred za ba\u0161tinu, uz bogat ilustrativni materijal, nastoji upoznati \u0161iru javnost s djelatno\u0161\u0107u KOMZA-e, kako bi se pitanju provenijencije umjetni\u010dkih djela i ostalih podr\u017eavljenih predmeta iz nekada\u0161njih privatnih zbirki posvetilo vi\u0161e pa\u017enje. Knjiga donosi rezultate vi\u0161egodi\u0161njeg istra\u017eivanja koje je rezultiralo pronalaskom gra\u0111e, njezinom publikacijom, restauracijom i izlaganjem u stalnim muzejskim postavima ili na povremenim izlo\u017ebama. Naslov knjige referira se na poznatu knjigu i film Odred za ba\u0161tinu, posve\u0107en pitanjima spa\u0161avanja umjetnina koje je nacisti\u010dka Njema\u010dka otu\u0111ila tijekom Drugog svjetskog rata. Na podru\u010dju isto\u010dne Hrvatske najve\u0107i transfer umjetnina i predmeta umjetni\u010dkog obrta dogodio se u poslijeratnom razdoblju. Mnoge su umjetnine bile uni\u0161tene, devastirane ili dislocirane, a za nekima se i danas traga.<\/p>\n\n\n\n<p>Klju\u010dnu ulogu u spa\u0161avanju i prikupljanju umjetnina odigrala je dr\u017eavna Komisija za sakupljanje i o\u010duvanje kulturnih spomenika i starina, tzv. KOMZA, koja je tako postala na\u0161 Odred za ba\u0161tinu. Sabirni centar za podru\u010dje isto\u010dne Hrvatske bio je dana\u0161nji Muzej Slavonije u Osijeku. Na temelju istra\u017eivanja dokumentacije KOMZA-e, Dnevnika i Izvje\u0161\u0107a klju\u010dne protagonistice i kustosice dr. sc. Danice Pinterovi\u0107, rekonstruirana je pri\u010da o provenijenciji umjetnina i spa\u0161avanju kulturne ba\u0161tine, s naglaskom na gra\u0111u iz najreprezentativnijih dvoraca u Iloku, Na\u0161icama, Nu\u0161tru, Valpovu i Vukovaru.<\/p>\n\n\n\n<p><strong>O autorima<\/strong><\/p>\n\n\n\n<p><strong>Dr. sc. Jasminka Najcer Sabljak&nbsp;<\/strong>izvanredna je profesorica na Akademiji za umjetnost i kulturu Sveu\u010dili\u0161ta Josipa Jurja Strossmayera u Osijeku, gdje predaje kolegije iz povijesti umjetnosti i vizualne kulture na prijediplomskim i diplomskim studijima te na specijalisti\u010dkome poslijediplomskom studiju. Diplomirala je povijest umjetnosti i povijest, magistrirala i doktorirala na temi Umjetni\u010dke zbirke vlastelinskih obitelji u Slavoniji i Srijemu (mentor prof. dr. sc. Zv. Makovi\u0107) na Filozofskom fakultetu Sveu\u010dili\u0161ta u Zagrebu. U Muzeju likovnih umjetnosti u Osijeku od 2001. do 2016. godine bila je vi\u0161a kustosica i voditeljica zbirki slikarstva, crte\u017ea i grafika 18. i 19. stolje\u0107a te vodila Dane grafike s ciljem popularizacije medija. Na Umjetni\u010dkoj akademiji (danas Akademiji za umjetnost i kulturu) bila je vanjska suradnica od 2006. godine, na kolegijima iz povijesti umjetnosti, a na Filozofskom fakultetu u Osijeku sudjelovala je u izradi odobrenoga prijediplomskog studija povijesti umjetnosti. Suradnica je na znanstvenom projektu HRZZ-a Reprezentacija, razvoj, edukacija, participacija: umjetnost u dru\u0161tvu od 19. do 21. stolje\u0107a, a bila je i suradnica na projektima Umjetnost i dr\u017eava u Hrvatskoj od prosvjetiteljstva do danas i Umjetnost i politika u kasnom Novom vijeku (1780. \u2013 1945.) od 2013. do 2022. godine.<\/p>\n\n\n\n<p><strong>Silvija Lu\u010devnjak<\/strong>, kustosica i ravnateljica Zavi\u010dajnog muzeja Na\u0161ice, diplomirala je komparativnu knji\u017eevnost, povijest umjetnosti i bibliotekarstvo na Filozofskom fakultetu Sveu\u010dili\u0161ta u Zagrebu. Po zavr\u0161etku studija radila je u Srednjoj \u0161koli Isidora Kr\u0161njavoga u Na\u0161icama, a potom 1999. godine prelazi na radno mjesto ravnateljice i kustosice u Zavi\u010dajnom muzeju Na\u0161ice, gdje radi do danas. Organizirala je i postavila niz izlo\u017ebi te napisala brojne tekstove u katalozima izlo\u017ebi i ostalim izdanjima Zavi\u010dajnog muzeja Na\u0161ice kao i drugih izdava\u010da. Objavila je niz stru\u010dnih radova u periodici i zbornicima te uredila vi\u0161e izdanja Na\u0161i\u010dkog zbornika u izdanju Ogranka Matice hrvatske Na\u0161ice. Organizirala je znanstveno- stru\u010dni skup Izazovi ba\u0161tine Dore Peja\u010devi\u0107 (2020.) s ciljem prezentacije i sabiranja dosega istra\u017eivanja ba\u0161tine hrvatske skladateljice te je bila urednica zbornika radova istoimenog skupa. Dugi niz godina organizirala je koloniju umjetni\u010dke keramike Hinko Juhn u na\u0161i\u010dkom muzeju. Suradnica je na znanstvenom projektu HRZZ-a Reprezentacija, razvoj, edukacija, participacija: umjetnost u dru\u0161tvu od 19. do 21. stolje\u0107a, a bila je i suradnica na projektima Umjetnost i dr\u017eava u Hrvatskoj od prosvjetiteljstva do danas i Umjetnost i politika u kasnom Novom vijeku (1780. \u2013 1945.) od 2013. do 2022. godine.<\/p>\n\n\n\n<p><strong>Nakladnik<\/strong>: Naklada Ljevak<\/p>\n\n\n\n<p><strong>Godina izdanja<\/strong>: 2025.<\/p>\n\n\n\n<p><strong>Broj stranica<\/strong>: 186<\/p>\n\n\n\n<hr class=\"wp-block-separator has-alpha-channel-opacity\"\/>\n\n\n\n<p>Izvor:<\/p>\n\n\n\n<p><a href=\"https:\/\/www.ljevak.hr\/jasminka-najcer-sabljak\/34479-slavonski-odred-za-bastinu.html\">https:\/\/www.ljevak.hr\/jasminka-najcer-sabljak\/34479-slavonski-odred-za-bastinu.html<\/a><\/p>\n\n\n\n<hr class=\"wp-block-separator has-alpha-channel-opacity\"\/>\n","protected":false},"excerpt":{"rendered":"","protected":false},"author":2,"featured_media":48049,"comment_status":"open","ping_status":"open","sticky":false,"template":"","format":"standard","meta":{"_acf_changed":false,"jetpack_post_was_ever_published":false,"_jetpack_newsletter_access":"","_jetpack_dont_email_post_to_subs":false,"_jetpack_newsletter_tier_id":0,"_jetpack_memberships_contains_paywalled_content":false,"_jetpack_memberships_contains_paid_content":false,"footnotes":"","jetpack_publicize_message":"","jetpack_publicize_feature_enabled":true,"jetpack_social_post_already_shared":true,"jetpack_social_options":{"image_generator_settings":{"template":"highway","default_image_id":0,"font":"","enabled":false},"version":2}},"categories":[8,3],"tags":[],"class_list":["post-48048","post","type-post","status-publish","format-standard","has-post-thumbnail","hentry","category-knjige","category-novosti"],"acf":{"facebook_opis":""},"jetpack_publicize_connections":[],"jetpack_featured_media_url":"https:\/\/i0.wp.com\/historiografija.hr\/wp-content\/uploads\/2025\/09\/slavonski-odred-za-bastinu.jpg?fit=570%2C678&ssl=1","jetpack_sharing_enabled":true,"jetpack-related-posts":[{"id":52528,"url":"https:\/\/historiografija.hr\/?p=52528","url_meta":{"origin":48048,"position":0},"title":"[Promocija knjige] Banja Luka u ratu: Etnopolitika i svakodnevica (1990\u20131995) (ActiveLab, YugoLab)","author":"Branimir Jankovi\u0107","date":"17. travnja 2026.","format":false,"excerpt":"Institut za filozofiju i dru\u0161tvenu teoriju i O\u0161tra Nula organizuju promociju knjige Banja Luka u ratu: Etnopolitika i svakodnevica (1990\u20131995) autorke Armine Galija\u0161, koja \u0107e se odr\u017eati 20. aprila 2026. u 12.00 sati u prostorijama Instituta (Kraljice Natalije 45, Beograd). Re\u010d je o prvom nau\u010dno utemeljenom i sistematskom radu koji\u2026","rel":"","context":"U &quot;Novosti&quot;","block_context":{"text":"Novosti","link":"https:\/\/historiografija.hr\/?cat=3"},"img":{"alt_text":"","src":"https:\/\/i0.wp.com\/historiografija.hr\/wp-content\/uploads\/2026\/04\/20-april-RS.jpg?fit=1200%2C675&ssl=1&resize=350%2C200","width":350,"height":200,"srcset":"https:\/\/i0.wp.com\/historiografija.hr\/wp-content\/uploads\/2026\/04\/20-april-RS.jpg?fit=1200%2C675&ssl=1&resize=350%2C200 1x, https:\/\/i0.wp.com\/historiografija.hr\/wp-content\/uploads\/2026\/04\/20-april-RS.jpg?fit=1200%2C675&ssl=1&resize=525%2C300 1.5x, https:\/\/i0.wp.com\/historiografija.hr\/wp-content\/uploads\/2026\/04\/20-april-RS.jpg?fit=1200%2C675&ssl=1&resize=700%2C400 2x, https:\/\/i0.wp.com\/historiografija.hr\/wp-content\/uploads\/2026\/04\/20-april-RS.jpg?fit=1200%2C675&ssl=1&resize=1050%2C600 3x"},"classes":[]},{"id":52589,"url":"https:\/\/historiografija.hr\/?p=52589","url_meta":{"origin":48048,"position":1},"title":"Predstavljena knjiga Miomira \u017du\u017eula &#8220;Dayton: Diplomacija &#8211; druga strana rata&#8221;","author":"Branimir Jankovi\u0107","date":"22. travnja 2026.","format":false,"excerpt":"Knjiga Miomira \u017du\u017eula \u201eDayton: Diplomacija \u2013 druga strana rata\u201d predstavljena je u srijedu, 22. travnja 2026. godine u foajeu Hrvatskoga narodnog kazali\u0161ta u Zagrebu. Op\u0161irnije: https:\/\/vijesti.hrt.hr\/hrvatska\/predstavljena-knjiga-miomira-zuzula-dayton-diplomacija-druga-strana-rata-12683259 https:\/\/www.vecernji.ba\/amp\/vijesti\/zuzulova-knjiga-o-daytonu-predstavljena-u-zagrebu-diplomacija-kao-druga-strana-rata-1953700 https:\/\/www.tportal.hr\/vijesti\/clanak\/bivsi-sanaderov-ministar-odrzao-promociju-evo-tko-je-sve-dosao-na-predstavljanje-knjige-miomira-zuzula-foto-20260422 https:\/\/direktno.hr\/zivot\/kultura\/zuzul-otkrio-sve-o-drugoj-strani-rata-za-hrvatsku-se-nije-libio-povuci-nekoga-i-za-kosu-395042 https:\/\/www.24sata.hr\/news\/miomir-zuzul-predstavio-je-knjigu-o-daytonu-diplomacija-je-bila-druga-strana-rata-1123152 https:\/\/www.vecernji.hr\/kultura\/kolinda-grabar-kitarovic-otvoreno-miomir-zuzul-nije-vukao-samo-za-rukav-nego-i-za-kosu-1953722 https:\/\/www.vecernji.hr\/kultura\/i-papa-lav-xiv-eksplicitno-je-daytonski-sporazum-istaknuo-kao-primjer-uspjesna-rjesavanja-sukoba-1952215","rel":"","context":"U &quot;Novosti&quot;","block_context":{"text":"Novosti","link":"https:\/\/historiografija.hr\/?cat=3"},"img":{"alt_text":"","src":"https:\/\/i0.wp.com\/historiografija.hr\/wp-content\/uploads\/2026\/04\/Dayton.jpg?fit=1024%2C683&ssl=1&resize=350%2C200","width":350,"height":200,"srcset":"https:\/\/i0.wp.com\/historiografija.hr\/wp-content\/uploads\/2026\/04\/Dayton.jpg?fit=1024%2C683&ssl=1&resize=350%2C200 1x, https:\/\/i0.wp.com\/historiografija.hr\/wp-content\/uploads\/2026\/04\/Dayton.jpg?fit=1024%2C683&ssl=1&resize=525%2C300 1.5x, https:\/\/i0.wp.com\/historiografija.hr\/wp-content\/uploads\/2026\/04\/Dayton.jpg?fit=1024%2C683&ssl=1&resize=700%2C400 2x"},"classes":[]},{"id":52552,"url":"https:\/\/historiografija.hr\/?p=52552","url_meta":{"origin":48048,"position":2},"title":"Besplatni glazbeni antikvarijat","author":"Branimir Jankovi\u0107","date":"20. travnja 2026.","format":false,"excerpt":"Muzi\u010dka akademija Sveu\u010dili\u0161ta u Zagrebu 23. travnja 2026. od 10 do 17 sati Pozivamo Vas na Besplatni glazbeni antikvarijat, koji u sklopu manifestacije No\u0107 knjige 2026. organizira Hrvatska udruga muzi\u010dkih knji\u017enica, arhiva i dokumentacijskih centara (HUMKAD). Antikvarijat \u0107e se odr\u017eati na Svjetski dan knjige \u2013 u \u010detvrtak 23. travnja 2026.\u2026","rel":"","context":"U &quot;Novosti&quot;","block_context":{"text":"Novosti","link":"https:\/\/historiografija.hr\/?cat=3"},"img":{"alt_text":"","src":"https:\/\/i0.wp.com\/historiografija.hr\/wp-content\/uploads\/2026\/04\/Besplatni-glazbeni-antikvarijat-23.-4.-2026.jpg?fit=1200%2C848&ssl=1&resize=350%2C200","width":350,"height":200,"srcset":"https:\/\/i0.wp.com\/historiografija.hr\/wp-content\/uploads\/2026\/04\/Besplatni-glazbeni-antikvarijat-23.-4.-2026.jpg?fit=1200%2C848&ssl=1&resize=350%2C200 1x, https:\/\/i0.wp.com\/historiografija.hr\/wp-content\/uploads\/2026\/04\/Besplatni-glazbeni-antikvarijat-23.-4.-2026.jpg?fit=1200%2C848&ssl=1&resize=525%2C300 1.5x, https:\/\/i0.wp.com\/historiografija.hr\/wp-content\/uploads\/2026\/04\/Besplatni-glazbeni-antikvarijat-23.-4.-2026.jpg?fit=1200%2C848&ssl=1&resize=700%2C400 2x, https:\/\/i0.wp.com\/historiografija.hr\/wp-content\/uploads\/2026\/04\/Besplatni-glazbeni-antikvarijat-23.-4.-2026.jpg?fit=1200%2C848&ssl=1&resize=1050%2C600 3x"},"classes":[]},{"id":52592,"url":"https:\/\/historiografija.hr\/?p=52592","url_meta":{"origin":48048,"position":3},"title":"Predstavljanje knjige &#8220;Turska ku\u0107a u Rijeci&#8221; u Zagrebu","author":"Branimir Jankovi\u0107","date":"22. travnja 2026.","format":false,"excerpt":"U prostorijama Turskog kulturnog centra Yunus Emre u Zagrebu, u utorak 21. travnja 2026. godine, odr\u017eano je sve\u010dano predstavljanje dopunjenog izdanja knjige Turska ku\u0107a u Rijeci, u organizaciji Hrvatsko-turskog dru\u0161tva Rijeka i partnerstvu sa Skupinom prijateljstva Hrvatska-Turska Hrvatskog sabora, Veleposlanstvom Republike Turske u Republici Hrvatskoj te Turskim kulturnim centrom Yunus\u2026","rel":"","context":"U &quot;Novosti&quot;","block_context":{"text":"Novosti","link":"https:\/\/historiografija.hr\/?cat=3"},"img":{"alt_text":"","src":"https:\/\/i0.wp.com\/historiografija.hr\/wp-content\/uploads\/2026\/04\/Turska-kuca-ZG.jpg?fit=1200%2C800&ssl=1&resize=350%2C200","width":350,"height":200,"srcset":"https:\/\/i0.wp.com\/historiografija.hr\/wp-content\/uploads\/2026\/04\/Turska-kuca-ZG.jpg?fit=1200%2C800&ssl=1&resize=350%2C200 1x, https:\/\/i0.wp.com\/historiografija.hr\/wp-content\/uploads\/2026\/04\/Turska-kuca-ZG.jpg?fit=1200%2C800&ssl=1&resize=525%2C300 1.5x, https:\/\/i0.wp.com\/historiografija.hr\/wp-content\/uploads\/2026\/04\/Turska-kuca-ZG.jpg?fit=1200%2C800&ssl=1&resize=700%2C400 2x, https:\/\/i0.wp.com\/historiografija.hr\/wp-content\/uploads\/2026\/04\/Turska-kuca-ZG.jpg?fit=1200%2C800&ssl=1&resize=1050%2C600 3x"},"classes":[]},{"id":52496,"url":"https:\/\/historiografija.hr\/?p=52496","url_meta":{"origin":48048,"position":4},"title":"30 godina Podru\u017enice \u2013 Javno predavanje Matea \u010calu\u0161i\u0107a \u201eSlavonski Brod u Domovinskom ratu\u201c","author":"Branimir Jankovi\u0107","date":"17. travnja 2026.","format":false,"excerpt":"U 2026. navr\u0161ava se trideset godina od osnutka Podru\u017enice za povijest Slavonije, Srijema i Baranje Hrvatskoga instituta za povijest. Obilje\u017eavanje ove zna\u010dajne obljetnice zapo\u010dinje ciklusom javnih povijesnih predavanja znanstvenika Instituta. Tre\u0107e po redu je predavanje Matea \u010calu\u0161i\u0107a \u2013 \u201eSLAVONSKI BROD U DOMOVINSKOM RATU\u201c. Predavanje \u0107e se odr\u017eati 21. travnja 2026.\u2026","rel":"","context":"U &quot;Novosti&quot;","block_context":{"text":"Novosti","link":"https:\/\/historiografija.hr\/?cat=3"},"img":{"alt_text":"","src":"https:\/\/i0.wp.com\/historiografija.hr\/wp-content\/uploads\/2026\/04\/Predavanje-Calusic.png?fit=860%2C1200&ssl=1&resize=350%2C200","width":350,"height":200,"srcset":"https:\/\/i0.wp.com\/historiografija.hr\/wp-content\/uploads\/2026\/04\/Predavanje-Calusic.png?fit=860%2C1200&ssl=1&resize=350%2C200 1x, https:\/\/i0.wp.com\/historiografija.hr\/wp-content\/uploads\/2026\/04\/Predavanje-Calusic.png?fit=860%2C1200&ssl=1&resize=525%2C300 1.5x, https:\/\/i0.wp.com\/historiografija.hr\/wp-content\/uploads\/2026\/04\/Predavanje-Calusic.png?fit=860%2C1200&ssl=1&resize=700%2C400 2x"},"classes":[]},{"id":52666,"url":"https:\/\/historiografija.hr\/?p=52666","url_meta":{"origin":48048,"position":5},"title":"Najava programa Festivala povijesti Kliofest (5-8. V. 2026)","author":"Branimir Jankovi\u0107","date":"24. travnja 2026.","format":false,"excerpt":"Po trinaesti put odr\u017eava se Festival povijesti Kliofest! Do petka \u0107emo odr\u017eati osam okruglih stolova i dva kolokvija te niz predstavljanja knjiga i projekata razli\u010dite tematike, od antike do suvremenosti. Bit \u0107e predstavljeno i nekoliko izlo\u017ebi te odr\u017ean jedan povijesni kviz. Prikazat \u0107emo i jedan film \u2013 o generalu Boroevi\u0107u.\u2026","rel":"","context":"U &quot;Novosti&quot;","block_context":{"text":"Novosti","link":"https:\/\/historiografija.hr\/?cat=3"},"img":{"alt_text":"","src":"https:\/\/i0.wp.com\/historiografija.hr\/wp-content\/uploads\/2026\/04\/Kliofest-2026.jpg?fit=526%2C526&ssl=1&resize=350%2C200","width":350,"height":200,"srcset":"https:\/\/i0.wp.com\/historiografija.hr\/wp-content\/uploads\/2026\/04\/Kliofest-2026.jpg?fit=526%2C526&ssl=1&resize=350%2C200 1x, https:\/\/i0.wp.com\/historiografija.hr\/wp-content\/uploads\/2026\/04\/Kliofest-2026.jpg?fit=526%2C526&ssl=1&resize=525%2C300 1.5x"},"classes":[]}],"_links":{"self":[{"href":"https:\/\/historiografija.hr\/index.php?rest_route=\/wp\/v2\/posts\/48048","targetHints":{"allow":["GET"]}}],"collection":[{"href":"https:\/\/historiografija.hr\/index.php?rest_route=\/wp\/v2\/posts"}],"about":[{"href":"https:\/\/historiografija.hr\/index.php?rest_route=\/wp\/v2\/types\/post"}],"author":[{"embeddable":true,"href":"https:\/\/historiografija.hr\/index.php?rest_route=\/wp\/v2\/users\/2"}],"replies":[{"embeddable":true,"href":"https:\/\/historiografija.hr\/index.php?rest_route=%2Fwp%2Fv2%2Fcomments&post=48048"}],"version-history":[{"count":1,"href":"https:\/\/historiografija.hr\/index.php?rest_route=\/wp\/v2\/posts\/48048\/revisions"}],"predecessor-version":[{"id":48050,"href":"https:\/\/historiografija.hr\/index.php?rest_route=\/wp\/v2\/posts\/48048\/revisions\/48050"}],"wp:featuredmedia":[{"embeddable":true,"href":"https:\/\/historiografija.hr\/index.php?rest_route=\/wp\/v2\/media\/48049"}],"wp:attachment":[{"href":"https:\/\/historiografija.hr\/index.php?rest_route=%2Fwp%2Fv2%2Fmedia&parent=48048"}],"wp:term":[{"taxonomy":"category","embeddable":true,"href":"https:\/\/historiografija.hr\/index.php?rest_route=%2Fwp%2Fv2%2Fcategories&post=48048"},{"taxonomy":"post_tag","embeddable":true,"href":"https:\/\/historiografija.hr\/index.php?rest_route=%2Fwp%2Fv2%2Ftags&post=48048"}],"curies":[{"name":"wp","href":"https:\/\/api.w.org\/{rel}","templated":true}]}}