{"id":48037,"date":"2025-09-01T20:41:35","date_gmt":"2025-09-01T20:41:35","guid":{"rendered":"https:\/\/historiografija.hr\/?p=48037"},"modified":"2025-09-01T20:55:55","modified_gmt":"2025-09-01T20:55:55","slug":"ivona-smolcic-rijecke-novine-1912-1914-i-njihov-podlistak-prilozi-za-povijest-hrvatskoga-tiska-u-rijeci-pocetkom-20-stoljeca","status":"publish","type":"post","link":"https:\/\/historiografija.hr\/?p=48037","title":{"rendered":"Ivona Smol\u010di\u0107, \u201eRije\u010dke novine (1912. \u2013 1914.) i njihov podlistak. Prilozi za povijest hrvatskoga tiska u Rijeci po\u010detkom 20. stolje\u0107a\u201c"},"content":{"rendered":"\n<p>U nakladi Kvarner, rije\u010dkog Kapucinskog samostana, Grada Novi Vinodolski i ogranaka Matice hrvatske u Delnicama i u Rijeci nedavno je iza\u0161la knjiga autorice Ivone Smol\u010di\u0107 pod nazivom &nbsp;\u201eRije\u010dke novine (1912 \u2013 1914) i njihov podlistak Prilozi za povijest hrvatskoga tiska u Rijeci po\u010detkom 20. stolje\u0107a\u201c. Prva je to knjiga posve\u0107ena vrlo vrijednom, ali malo istra\u017eenom hrvatskom katoli\u010dkom dnevniku koji je pokrenut 1912. i tiskan u rije\u010dkoj kapucinskoj tiskari Myriam. Nastao je na inicijativu gvardijana rije\u010dkog kapucinskog samostana i provincijala Hrvatske kapucinske provincije Bernardina \u0160krivani\u0107a i niza hrvatskih intelektualaca.<br>Recenzent, dr. sc.&nbsp;<strong>\u017deljko Bistrovi\u0107&nbsp;<\/strong>u predgovoru je naveo da knjiga ne predstavlja samo va\u017ean doprinos poznavanju hrvatskog tiska u Rijeci te Hrvatskog katoli\u010dkog pokreta, ve\u0107 i povijesti hrvatske knji\u017eevnosti.<br>Kako je rije\u010d o slabo istra\u017eenoj temi hrvatske i posebno rije\u010dke povijesti, knjiga na komplementaran na\u010din nadopunjuje starije autore kao \u0161to su Tatjana Bla\u017eekovi\u0107 i Vinko Anti\u0107, koji su svojim kapitalnim djelima&nbsp;<em>Fluminensia croatica<\/em>&nbsp;te&nbsp;<em>Pisci, Rijeka, zavi\u010daj&nbsp;<\/em>ocrtali torzo hrvatske kulturne povijesti u Rijeci u 19. i po\u010detku 20. stolje\u0107a\u201d, napominje Bistrovi\u0107, dodaju\u0107i&nbsp;<strong>kako je Rijeka dugo \u010dekala autore koji \u0107e se posvetiti hrvatskoj komponenti rije\u010dke povijesti u navedenom razdoblju.<\/strong><br>U prva dva poglavlja u knjizi se donosi uvid u povijesne i dru\u0161tvene okolnosti za vrijeme Hrvatskog katoli\u010dkog pokreta te u politi\u010dku, dru\u0161tvenu i kulturnu sliku Rijeke prije i za vrijeme objavljivanja \u201cRije\u010dkih novina\u201d.&nbsp;<strong>Sredi\u0161nji je dio posve\u0107en radu kapucinske tiskare&nbsp;<\/strong>i samoj realizaciji projekta, dok su posljednja dva usmjerena na knji\u017eevni segment. Tako se u \u010detvrtom poglavlju podastire teorijska i povijesna slika hrvatske knji\u017eevnosti, dok peto donosi pregled i analizu knji\u017eevnih priloga (pjesmi, dijalektalni tekstovi, igrokazi, romani, novele, putopisi, memoari) objavljenih u knji\u017eevnom podlistku novina, uz reference o autorima.<\/p>\n\n\n\n<p>Bistrovi\u0107 tako\u0111er navodi da\u00a0<strong>prostora za istra\u017eivanje i afirmaciju hrvatske komponente rije\u010dke povijesti jo\u0161 ima,<\/strong>\u00a0te je izrazio nadu da \u0107e ovo izdanje biti poticaj i drugima da nastave otkrivati i ispisivati nedostojno istra\u017eene stranice rije\u010dke povijesti. Hrvatski katoli\u010dki dnevnik \u201cRije\u010dke novine\u201d izlazio je od prosinca 1912. do kolovoza 1914. godine. Prvi je broj iza\u0161ao 8. prosinca. Bio je zami\u0161ljen kao lokalni list, ali je kada ga se usporedi sa Supilovim \u201cNovim listom\u201d, prelazio lokalne okvire, jer je pisao i o stanju u Austro-Ugarskoj monarhiji kao i o \u201ebalkanskim ratovima\u201d. Bio je ne samo vjerski ve\u0107 i politi\u010dko-kulturni tiskani spomenik i fenomen nacionalnog zna\u010denja. Rijeka je u to vrijeme bila metropola hrvatskog izdava\u0161tva. Veli\u010dina novina bila je 40 cm u \u0161irinu i 58 cm u visinu, prodavale su se u Rijeci po 4 filira, a na Su\u0161aku po 6 filira.\u00a0<strong>Izlazile su dnevno osim nedjelje i imale nakladu od 5.000 primjeraka.<\/strong><\/p>\n\n\n\n<p><strong>U uredni\u0161tvu su bili katoli\u010dki seniori, a glavni urednici dr. Petar Rogulja i Petar Grgec.<\/strong>&nbsp;Uo\u010di Bo\u017ei\u0107a 1912. objavile su \u201cprvi politi\u010dki programni \u010dlanak hrvatskog katoli\u010dkog pokreta\u201d. Zabranjene su u kolovozu 1914. godine, a naslijedile su ih zagreba\u010dke \u201cNovine\u201d pokrenute 8. rujna 1914.<\/p>\n\n\n\n<hr class=\"wp-block-separator has-alpha-channel-opacity\"\/>\n\n\n\n<p>Izvor: <a href=\"https:\/\/misao.hr\/2025\/04\/05\/objavljena-knjiga-rijecke-novine-ivone-smolcic\/\">https:\/\/misao.hr\/2025\/04\/05\/objavljena-knjiga-rijecke-novine-ivone-smolcic\/<\/a><\/p>\n\n\n\n<hr class=\"wp-block-separator has-alpha-channel-opacity\"\/>\n\n\n\n<p>Vidjeti tako\u0111er: <\/p>\n\n\n\n<p><a href=\"https:\/\/www.novilist.hr\/ostalo\/kultura\/ostalo-kultura\/objavljena-knjiga-rijecke-novine-ivone-smolcic\/\">https:\/\/www.novilist.hr\/ostalo\/kultura\/ostalo-kultura\/objavljena-knjiga-rijecke-novine-ivone-smolcic\/<\/a><\/p>\n\n\n\n<hr class=\"wp-block-separator has-alpha-channel-opacity\"\/>\n","protected":false},"excerpt":{"rendered":"","protected":false},"author":2,"featured_media":48038,"comment_status":"open","ping_status":"open","sticky":false,"template":"","format":"standard","meta":{"_acf_changed":false,"jetpack_post_was_ever_published":false,"_jetpack_newsletter_access":"","_jetpack_dont_email_post_to_subs":false,"_jetpack_newsletter_tier_id":0,"_jetpack_memberships_contains_paywalled_content":false,"_jetpack_memberships_contains_paid_content":false,"footnotes":"","jetpack_publicize_message":"","jetpack_publicize_feature_enabled":true,"jetpack_social_post_already_shared":true,"jetpack_social_options":{"image_generator_settings":{"template":"highway","default_image_id":0,"font":"","enabled":false},"version":2}},"categories":[8,3],"tags":[],"class_list":["post-48037","post","type-post","status-publish","format-standard","has-post-thumbnail","hentry","category-knjige","category-novosti"],"acf":{"facebook_opis":""},"jetpack_publicize_connections":[],"jetpack_featured_media_url":"https:\/\/i0.wp.com\/historiografija.hr\/wp-content\/uploads\/2025\/09\/Rijecke-novine.jpg?fit=837%2C1200&ssl=1","jetpack_sharing_enabled":true,"jetpack-related-posts":[],"_links":{"self":[{"href":"https:\/\/historiografija.hr\/index.php?rest_route=\/wp\/v2\/posts\/48037","targetHints":{"allow":["GET"]}}],"collection":[{"href":"https:\/\/historiografija.hr\/index.php?rest_route=\/wp\/v2\/posts"}],"about":[{"href":"https:\/\/historiografija.hr\/index.php?rest_route=\/wp\/v2\/types\/post"}],"author":[{"embeddable":true,"href":"https:\/\/historiografija.hr\/index.php?rest_route=\/wp\/v2\/users\/2"}],"replies":[{"embeddable":true,"href":"https:\/\/historiografija.hr\/index.php?rest_route=%2Fwp%2Fv2%2Fcomments&post=48037"}],"version-history":[{"count":3,"href":"https:\/\/historiografija.hr\/index.php?rest_route=\/wp\/v2\/posts\/48037\/revisions"}],"predecessor-version":[{"id":48044,"href":"https:\/\/historiografija.hr\/index.php?rest_route=\/wp\/v2\/posts\/48037\/revisions\/48044"}],"wp:featuredmedia":[{"embeddable":true,"href":"https:\/\/historiografija.hr\/index.php?rest_route=\/wp\/v2\/media\/48038"}],"wp:attachment":[{"href":"https:\/\/historiografija.hr\/index.php?rest_route=%2Fwp%2Fv2%2Fmedia&parent=48037"}],"wp:term":[{"taxonomy":"category","embeddable":true,"href":"https:\/\/historiografija.hr\/index.php?rest_route=%2Fwp%2Fv2%2Fcategories&post=48037"},{"taxonomy":"post_tag","embeddable":true,"href":"https:\/\/historiografija.hr\/index.php?rest_route=%2Fwp%2Fv2%2Ftags&post=48037"}],"curies":[{"name":"wp","href":"https:\/\/api.w.org\/{rel}","templated":true}]}}