{"id":48022,"date":"2025-08-29T13:40:05","date_gmt":"2025-08-29T13:40:05","guid":{"rendered":"https:\/\/historiografija.hr\/?p=48022"},"modified":"2025-08-29T13:58:16","modified_gmt":"2025-08-29T13:58:16","slug":"odrzan-medunarodni-ljetni-kamp-za-mlade-youth-in-cold-war-europe","status":"publish","type":"post","link":"https:\/\/historiografija.hr\/?p=48022","title":{"rendered":"ODR\u017dAN ME\u0110UNARODNI LJETNI KAMP ZA MLADE &#8220;YOUTH IN COLD-WAR EUROPE&#8221;\u00a0"},"content":{"rendered":"\n<p><strong>Od 15. do 24. kolovoza 2025. u Weimaru je odr\u017ean me\u0111unarodni ljetni kamp za mlade pod naslovom \u201eMladost u hladnoratovskoj Europi\u201c. Kamp je okupio 35 sudionika iz<\/strong> <strong>\u0161est europskih zemalja, uklju\u010duju\u0107i i Hrvatsku.<\/strong><\/p>\n\n\n\n<p>Kroz program me\u0111unarodnog ljetnog kampa povezane su teme iz politi\u010dke povijesti suvremene Europe s dru\u0161tvenom i kulturnom povije\u0161\u0107u kontinenta u drugoj polovici 20. stolje\u0107a. Kroz bavljenje razli\u010ditim aspektima odrastanja u Europi tijekom Hladnog rata sudionice i sudionike kampa nastojalo se potaknuti na razmi\u0161ljanje o promjenama i kontinuitetima koji se ogledaju u suvremenom dru\u0161tvu.\u00a0<\/p>\n\n\n\n<p>Aktivnosti me\u0111unarodnog ljetnog kampa bile su usmjerene na dva sredi\u0161nja pitanja kojima se pristupilo kroz raznolike metode. S jedne strane, pa\u017enja je posve\u0107ena pitanju kako su razli\u010diti re\u017eimi u Europi kroz drugu polovicu 20. stolje\u0107a poku\u0161avali oblikovati stavove i pona\u0161anje mladih ljudi. S druge strane, fokusirano je pitanje kako su se mladi pojedinci i skupine mladih nosili s onda\u0161njim dr\u017eavnim politikama i praksama prema mladima, koje su opcije mladima u to vrijeme bile na raspolaganju te koje su bile posljedice neprihva\u0107anja ili aktivnog suprotstavljanja pravilima i normama.<\/p>\n\n\n\n<p>Me\u0111unarodni ljetni kamp odr\u017ean je u suradnji udruge <a href=\"https:\/\/retrovizor.hr\/\" target=\"_blank\" rel=\"noreferrer noopener\">Retrovizor<\/a>&nbsp;iz Zagreba s Europskim centrom za obrazovanje mladih <a href=\"https:\/\/www.ejbweimar.de\/\" target=\"_blank\" rel=\"noreferrer noopener\">EJBW<\/a> iz Weimara&nbsp;te&nbsp; partnerskim organizacijama iz \u010ce\u0161ke, Gr\u010dke, Litve i Portugala. Odr\u017eavanje me\u0111unarodnog ljetnog kampa omogu\u0107eno je financijskom podr\u0161kom Europske unije i Savezne Republike Njema\u010dke.<\/p>\n\n\n\n<p>Dodatne informacije prona\u0111ite u izvje\u0161taju s me\u0111unarodnog ljetnog kampa:<\/p>\n\n\n\n<p>HR: <a href=\"https:\/\/retrovizor.hr\/mladost-u-hladnoratovskoj-europi\/\" target=\"_blank\" rel=\"noreferrer noopener\">https:\/\/retrovizor.hr\/mladost-u-hladnoratovskoj-europi\/<\/a><br><br>EN: <a href=\"https:\/\/retrovizor.hr\/youth-in-cold-war-europe\/\" target=\"_blank\" rel=\"noreferrer noopener\">https:\/\/retrovizor.hr\/youth-in-cold-war-europe\/<\/a><br><br>DE: <a href=\"https:\/\/retrovizor.hr\/jugend-im-europa-des-kalten-krieges\/\" target=\"_blank\" rel=\"noreferrer noopener\">https:\/\/retrovizor.hr\/jugend-im-europa-des-kalten-krieges\/<\/a><\/p>\n\n\n\n<hr class=\"wp-block-separator has-alpha-channel-opacity\"\/>\n","protected":false},"excerpt":{"rendered":"","protected":false},"author":2,"featured_media":48023,"comment_status":"open","ping_status":"open","sticky":false,"template":"","format":"standard","meta":{"_acf_changed":false,"jetpack_post_was_ever_published":false,"_jetpack_newsletter_access":"","_jetpack_dont_email_post_to_subs":false,"_jetpack_newsletter_tier_id":0,"_jetpack_memberships_contains_paywalled_content":false,"_jetpack_memberships_contains_paid_content":false,"footnotes":"","jetpack_publicize_message":"","jetpack_publicize_feature_enabled":true,"jetpack_social_post_already_shared":true,"jetpack_social_options":{"image_generator_settings":{"template":"highway","default_image_id":0,"font":"","enabled":false},"version":2}},"categories":[3],"tags":[],"class_list":["post-48022","post","type-post","status-publish","format-standard","has-post-thumbnail","hentry","category-novosti"],"acf":{"facebook_opis":""},"jetpack_publicize_connections":[],"jetpack_featured_media_url":"https:\/\/i0.wp.com\/historiografija.hr\/wp-content\/uploads\/2025\/08\/YiCWE-grupa-scaled.jpg?fit=2560%2C1320&ssl=1","jetpack_sharing_enabled":true,"jetpack-related-posts":[],"_links":{"self":[{"href":"https:\/\/historiografija.hr\/index.php?rest_route=\/wp\/v2\/posts\/48022","targetHints":{"allow":["GET"]}}],"collection":[{"href":"https:\/\/historiografija.hr\/index.php?rest_route=\/wp\/v2\/posts"}],"about":[{"href":"https:\/\/historiografija.hr\/index.php?rest_route=\/wp\/v2\/types\/post"}],"author":[{"embeddable":true,"href":"https:\/\/historiografija.hr\/index.php?rest_route=\/wp\/v2\/users\/2"}],"replies":[{"embeddable":true,"href":"https:\/\/historiografija.hr\/index.php?rest_route=%2Fwp%2Fv2%2Fcomments&post=48022"}],"version-history":[{"count":2,"href":"https:\/\/historiografija.hr\/index.php?rest_route=\/wp\/v2\/posts\/48022\/revisions"}],"predecessor-version":[{"id":48033,"href":"https:\/\/historiografija.hr\/index.php?rest_route=\/wp\/v2\/posts\/48022\/revisions\/48033"}],"wp:featuredmedia":[{"embeddable":true,"href":"https:\/\/historiografija.hr\/index.php?rest_route=\/wp\/v2\/media\/48023"}],"wp:attachment":[{"href":"https:\/\/historiografija.hr\/index.php?rest_route=%2Fwp%2Fv2%2Fmedia&parent=48022"}],"wp:term":[{"taxonomy":"category","embeddable":true,"href":"https:\/\/historiografija.hr\/index.php?rest_route=%2Fwp%2Fv2%2Fcategories&post=48022"},{"taxonomy":"post_tag","embeddable":true,"href":"https:\/\/historiografija.hr\/index.php?rest_route=%2Fwp%2Fv2%2Ftags&post=48022"}],"curies":[{"name":"wp","href":"https:\/\/api.w.org\/{rel}","templated":true}]}}