{"id":48001,"date":"2025-08-28T16:05:00","date_gmt":"2025-08-28T16:05:00","guid":{"rendered":"https:\/\/historiografija.hr\/?p=48001"},"modified":"2025-08-29T14:01:46","modified_gmt":"2025-08-29T14:01:46","slug":"prijeteca-poruka-na-zgradi-u-kojoj-zivi-knjizevnik-miljenko-jergovic","status":"publish","type":"post","link":"https:\/\/historiografija.hr\/?p=48001","title":{"rendered":"Prijete\u0107a poruka na zgradi u kojoj \u017eivi knji\u017eevnik Miljenko Jergovi\u0107"},"content":{"rendered":"\n<p>\u201eOvo sam danas zatekao na zgradi u kojoj \u017eivim.<\/p>\n\n\n\n<p>Prijetnja je o\u010dita i nedvosmislena. I shva\u0107am je jako ozbiljno. Znam, kao i vi, s koje strane dolazi. Znam, kao i vi, tko su njezini inspiratori i pokrovitelji.<\/p>\n\n\n\n<p>Smisao prijetnje je dvojak: s jedne strane, oni \u017eele da se \u017ertva prestravi, da se barem nelagodno osje\u0107a, sve dok ne ostvare ono \u0161to i jest sadr\u017eaj prijetnje.<\/p>\n\n\n\n<p>Drugo je, me\u0111utim, va\u017enije: proizvesti nelagodu u \u017ertvinih susjeda. Nije sasvim ugodno u zastra\u0161enim dru\u0161tvima, pod fa\u0161isti\u010dkim i rasisti\u010dkim ideologijama, \u017eivjeti u zgradi u kojoj je razotkriven i javno obilje\u017een jedan: Rom, \u017didov, Srbin, Jugoslaven, ljevi\u010dar&#8230; \u010citatelj \u0107e sam ve\u0107 nastaviti zapo\u010deti niz.<\/p>\n\n\n\n<p>Najjednostavnije bi, naravno, bilo oti\u0107i. Time bi se ostvario smisao ovog grafita, naro\u010dito dijela: &#8220;Na\u0161a dr\u017eava na\u0161a pravila&#8221;, ispisanog karakteristi\u010dnom modrom bojom.<\/p>\n\n\n\n<p>Ali kako je na meni rije\u010d, onda da ka\u017eem i ovo: premda policiji ne\u0107u podnijeti prijavu, naprosto zato \u0161to nemam vremena, niti u ovoj vrsti slu\u010dajeva imam povjerenja u policiju, svaki napad na sebe i svoje bli\u017enje u\u010dinit \u0107u javnim. I u\u010dinit \u0107u sve da o njemu budu obavije\u0161teni svi koji, bilo gdje na svijetu, objavljuju moje knjige ili pi\u0161u o njima.<\/p>\n\n\n\n<p>I jo\u0161 ne\u0161to: policija, kad joj prijavljujete ovakve slu\u010dajeve, uvijek upita &#8211; sumnjate li na nekog. To pitanje je poni\u017eavaju\u0107e, ali ovaj put na njega imam odgovor. Sumnjam na predsjednika Vlade RH Andreja Plenkovi\u0107a i na ministra unutarnjih poslova Davora Bo\u017einovi\u0107a.<\/p>\n\n\n\n<p>Hvala na pa\u017enji.\u201c<\/p>\n\n\n\n<p>Miljenko Jergovi\u0107<\/p>\n\n\n\n<p>(<a href=\"https:\/\/www.facebook.com\/profile.php?id=100044547904548\">Facebook<\/a>)<\/p>\n\n\n\n<hr class=\"wp-block-separator has-alpha-channel-opacity\"\/>\n\n\n\n<p>Iz medija:<\/p>\n\n\n\n<p><a href=\"https:\/\/www.vecernji.hr\/vijesti\/sramotne-prijetnje-autoru-24sata-jergovic-prijetnja-je-ocita-i-nedvosmislena-1886880\">https:\/\/www.vecernji.hr\/vijesti\/sramotne-prijetnje-autoru-24sata-jergovic-prijetnja-je-ocita-i-nedvosmislena-1886880<\/a><\/p>\n\n\n\n<p><a href=\"https:\/\/www.telegram.hr\/politika-kriminal\/na-zgradi-miljenka-jergovica-ispisana-jeziva-prijetnja-na-koga-sumnjam-na-plenkovica-i-bozinovica\">https:\/\/www.telegram.hr\/politika-kriminal\/na-zgradi-miljenka-jergovica-ispisana-jeziva-prijetnja-na-koga-sumnjam-na-plenkovica-i-bozinovica<\/a><\/p>\n\n\n\n<p><a href=\"https:\/\/www.index.hr\/vijesti\/clanak\/jergovicu-ispisali-prijetecu-poruku-na-zgradi-miljenko-nece-dobro-proci\/2704424.aspx\">https:\/\/www.index.hr\/vijesti\/clanak\/jergovicu-ispisali-prijetecu-poruku-na-zgradi-miljenko-nece-dobro-proci\/2704424.aspx<\/a><\/p>\n\n\n\n<p><a href=\"https:\/\/www.jutarnji.hr\/vijesti\/hrvatska\/na-zgradi-miljenka-jergovica-osvanuo-grafit-u-kojem-mu-se-prijeti-shvacam-to-jako-ozbiljno-15617092\">https:\/\/www.jutarnji.hr\/vijesti\/hrvatska\/na-zgradi-miljenka-jergovica-osvanuo-grafit-u-kojem-mu-se-prijeti-shvacam-to-jako-ozbiljno-15617092<\/a><\/p>\n\n\n\n<p><a href=\"https:\/\/www.glas-slavonije.hr\/novosti\/hrvatska\/2025\/08\/28\/jergovic-na-zgradi-zatekao-prijeteci-grafit-mozemo-opasan-cin-zastrasivanja-715233\">https:\/\/www.glas-slavonije.hr\/novosti\/hrvatska\/2025\/08\/28\/jergovic-na-zgradi-zatekao-prijeteci-grafit-mozemo-opasan-cin-zastrasivanja-715233<\/a><\/p>\n\n\n\n<p><a href=\"https:\/\/www.tportal.hr\/crna-kronika\/clanak\/miljenko-jergovic-dobio-jezivu-prijetnju-ispisali-mu-je-na-zgradi-u-kojoj-zivi-foto-20250828\">https:\/\/www.tportal.hr\/crna-kronika\/clanak\/miljenko-jergovic-dobio-jezivu-prijetnju-ispisali-mu-je-na-zgradi-u-kojoj-zivi-foto-20250828<\/a><\/p>\n\n\n\n<figure class=\"wp-block-embed is-type-wp-embed is-provider-novi-list wp-block-embed-novi-list\"><div class=\"wp-block-embed__wrapper\">\n<blockquote class=\"wp-embedded-content\" data-secret=\"hDIsJKzwO5\"><a href=\"https:\/\/www.novilist.hr\/novosti\/hrvatska\/na-fasadi-zgrade-u-kojoj-zivi-miljenko-jergovic-osvanula-strasna-prijeteca-poruka\/\">Miljenku Jergovi\u0107u na fasadi zgrade u kojoj \u017eivi osvanula stra\u0161na prijete\u0107a poruka<\/a><\/blockquote><iframe loading=\"lazy\" class=\"wp-embedded-content\" sandbox=\"allow-scripts\" security=\"restricted\" style=\"position: absolute; visibility: hidden;\" title=\"&#8220;Miljenku Jergovi\u0107u na fasadi zgrade u kojoj \u017eivi osvanula stra\u0161na prijete\u0107a poruka&#8221; &#8212; Novi list\" src=\"https:\/\/www.novilist.hr\/novosti\/hrvatska\/na-fasadi-zgrade-u-kojoj-zivi-miljenko-jergovic-osvanula-strasna-prijeteca-poruka\/embed\/#?secret=ZjSCIy9KDL#?secret=hDIsJKzwO5\" data-secret=\"hDIsJKzwO5\" width=\"600\" height=\"338\" frameborder=\"0\" marginwidth=\"0\" marginheight=\"0\" scrolling=\"no\"><\/iframe>\n<\/div><\/figure>\n\n\n\n<p><a href=\"https:\/\/dnevnik.hr\/vijesti\/hrvatska\/miljenku-jergovicu-na-zgradi-ostavili-prijetnju-znam-s-koje-strane-dolazi---931606.html\">https:\/\/dnevnik.hr\/vijesti\/hrvatska\/miljenku-jergovicu-na-zgradi-ostavili-prijetnju-znam-s-koje-strane-dolazi&#8212;931606.html<\/a><\/p>\n\n\n\n<p><a href=\"https:\/\/n1info.hr\/vijesti\/miljenku-jergovicu-jezivu-prijetecu-poruku-ispisali-na-fasadi-zgrade-u-kojoj-zivi\">https:\/\/n1info.hr\/vijesti\/miljenku-jergovicu-jezivu-prijetecu-poruku-ispisali-na-fasadi-zgrade-u-kojoj-zivi<\/a><\/p>\n\n\n\n<p><a href=\"https:\/\/www.tportal.hr\/vijesti\/clanak\/stigla-zanimljiva-reakcija-iz-vlade-upravo-su-premijer-i-ministar-isli-pisati-prijetece-poruke-jergovicu-20250828?meta_refresh=1\">https:\/\/www.tportal.hr\/vijesti\/clanak\/stigla-zanimljiva-reakcija-iz-vlade-upravo-su-premijer-i-ministar-isli-pisati-prijetece-poruke-jergovicu-20250828<\/a><\/p>\n\n\n\n<p><a href=\"https:\/\/n1info.hr\/vijesti\/iz-vlade-cinicno-odgovorili-na-prijetnju-jergovicu-upravo-su-premijer-i-ministar-preruseni-pisali-sporne-poruke\">https:\/\/n1info.hr\/vijesti\/iz-vlade-cinicno-odgovorili-na-prijetnju-jergovicu-upravo-su-premijer-i-ministar-preruseni-pisali-sporne-poruke<\/a><\/p>\n\n\n\n<p><a href=\"https:\/\/vijesti.hrt.hr\/hrvatska\/dhk-osudio-prijetnje-jergovicu-nespojivo-s-demokratskom-praksom-12310471\">https:\/\/vijesti.hrt.hr\/hrvatska\/dhk-osudio-prijetnje-jergovicu-nespojivo-s-demokratskom-praksom-12310471<\/a><\/p>\n\n\n\n<p><a href=\"https:\/\/www.jutarnji.hr\/vijesti\/hrvatska\/u-zagrebu-osvanuo-novi-sramotni-natpis-protiv-miljenka-jergovica-ovaj-put-se-spominje-i-dalija-oreskovic-15617238?cx_linkref=jl_home_vijesti_vise_1\">https:\/\/www.jutarnji.hr\/vijesti\/hrvatska\/u-zagrebu-osvanuo-novi-sramotni-natpis-protiv-miljenka-jergovica-ovaj-put-se-spominje-i-dalija-oreskovic-15617238<\/a><\/p>\n\n\n\n<p><a href=\"https:\/\/n1info.hr\/vijesti\/foto-jezivu-poruku-na-zgradi-u-kojoj-zivi-jergovic-danas-su-zamijenila-srca\">https:\/\/n1info.hr\/vijesti\/foto-jezivu-poruku-na-zgradi-u-kojoj-zivi-jergovic-danas-su-zamijenila-srca<\/a><\/p>\n\n\n\n<p><a href=\"https:\/\/www.telegram.hr\/politika-kriminal\/vlada-na-prijetnju-jergovicu-reagirala-huskanjem-na-njega-nadamo-se-da-ce-poceti-pridonositi-toleranciji-u-drustvu\">https:\/\/www.telegram.hr\/politika-kriminal\/vlada-na-prijetnju-jergovicu-reagirala-huskanjem-na-njega-nadamo-se-da-ce-poceti-pridonositi-toleranciji-u-drustvu<\/a><\/p>\n\n\n\n<p><a href=\"https:\/\/www.jutarnji.hr\/vijesti\/hrvatska\/jergovic-reagirao-na-osudu-vlade-rh-nagradu-za-toleranciju-na-koju-me-pozivaju-vec-sam-dobio-15617424?cx_linkref=jl_home_najnovije\">https:\/\/www.jutarnji.hr\/vijesti\/hrvatska\/jergovic-reagirao-na-osudu-vlade-rh-nagradu-za-toleranciju-na-koju-me-pozivaju-vec-sam-dobio-15617424<\/a><\/p>\n\n\n\n<p><a href=\"https:\/\/www.index.hr\/vijesti\/clanak\/jergovic-vlada-me-pozvala-na-toleranciju-a-za-nju-sam-vec-dobio-nagradu-od-austrije\/2704790.aspx?index_ref=naslovnica_vijesti_ostalo_d_0\">https:\/\/www.index.hr\/vijesti\/clanak\/jergovic-vlada-me-pozvala-na-toleranciju-a-za-nju-sam-vec-dobio-nagradu-od-austrije\/2704790.aspx<\/a><\/p>\n\n\n\n<hr class=\"wp-block-separator has-alpha-channel-opacity\"\/>\n\n\n\n<p><\/p>\n","protected":false},"excerpt":{"rendered":"","protected":false},"author":2,"featured_media":48002,"comment_status":"open","ping_status":"open","sticky":false,"template":"","format":"standard","meta":{"_acf_changed":false,"jetpack_post_was_ever_published":false,"_jetpack_newsletter_access":"","_jetpack_dont_email_post_to_subs":false,"_jetpack_newsletter_tier_id":0,"_jetpack_memberships_contains_paywalled_content":false,"_jetpack_memberships_contains_paid_content":false,"footnotes":"","jetpack_publicize_message":"","jetpack_publicize_feature_enabled":true,"jetpack_social_post_already_shared":true,"jetpack_social_options":{"image_generator_settings":{"template":"highway","default_image_id":0,"font":"","enabled":false},"version":2}},"categories":[3],"tags":[],"class_list":["post-48001","post","type-post","status-publish","format-standard","has-post-thumbnail","hentry","category-novosti"],"acf":{"facebook_opis":""},"jetpack_publicize_connections":[],"jetpack_featured_media_url":"https:\/\/i0.wp.com\/historiografija.hr\/wp-content\/uploads\/2025\/08\/Prijetnja_Jergovicu.jpg?fit=2048%2C1536&ssl=1","jetpack_sharing_enabled":true,"jetpack-related-posts":[],"_links":{"self":[{"href":"https:\/\/historiografija.hr\/index.php?rest_route=\/wp\/v2\/posts\/48001","targetHints":{"allow":["GET"]}}],"collection":[{"href":"https:\/\/historiografija.hr\/index.php?rest_route=\/wp\/v2\/posts"}],"about":[{"href":"https:\/\/historiografija.hr\/index.php?rest_route=\/wp\/v2\/types\/post"}],"author":[{"embeddable":true,"href":"https:\/\/historiografija.hr\/index.php?rest_route=\/wp\/v2\/users\/2"}],"replies":[{"embeddable":true,"href":"https:\/\/historiografija.hr\/index.php?rest_route=%2Fwp%2Fv2%2Fcomments&post=48001"}],"version-history":[{"count":4,"href":"https:\/\/historiografija.hr\/index.php?rest_route=\/wp\/v2\/posts\/48001\/revisions"}],"predecessor-version":[{"id":48035,"href":"https:\/\/historiografija.hr\/index.php?rest_route=\/wp\/v2\/posts\/48001\/revisions\/48035"}],"wp:featuredmedia":[{"embeddable":true,"href":"https:\/\/historiografija.hr\/index.php?rest_route=\/wp\/v2\/media\/48002"}],"wp:attachment":[{"href":"https:\/\/historiografija.hr\/index.php?rest_route=%2Fwp%2Fv2%2Fmedia&parent=48001"}],"wp:term":[{"taxonomy":"category","embeddable":true,"href":"https:\/\/historiografija.hr\/index.php?rest_route=%2Fwp%2Fv2%2Fcategories&post=48001"},{"taxonomy":"post_tag","embeddable":true,"href":"https:\/\/historiografija.hr\/index.php?rest_route=%2Fwp%2Fv2%2Ftags&post=48001"}],"curies":[{"name":"wp","href":"https:\/\/api.w.org\/{rel}","templated":true}]}}