{"id":4799,"date":"2017-06-10T09:22:26","date_gmt":"2017-06-10T09:22:26","guid":{"rendered":"http:\/\/historiografija.hr\/?p=4799"},"modified":"2017-06-10T09:22:26","modified_gmt":"2017-06-10T09:22:26","slug":"virtualni-muzej-dotrscina-natjecaj-za-privremenu-memorijalnu-intervenciju-2017","status":"publish","type":"post","link":"https:\/\/historiografija.hr\/?p=4799","title":{"rendered":"Virtualni muzej Dotr\u0161\u010dina \/ Natje\u010daj za privremenu memorijalnu intervenciju 2017."},"content":{"rendered":"<p>Virtualni muzej Dotr\u0161\u010dina raspisuje javni natje\u010daj (otvoren do 2.VII.2017) za privremenu memorijalnu umjetni\u010dku intervenciju na prostoru spomen-parka Dotr\u0161\u010dina u Zagrebu s ciljem profiliranja spomen-parka Dotr\u0161\u010dina kao \u017eivog mjesta sje\u0107anja na \u017ertve fa\u0161izma.<\/p>\n<p>&nbsp;<\/p>\n<p>&#8212;<\/p>\n<p>&nbsp;<\/p>\n<p>Ovogodi\u0161nji natje\u010daj posebno poti\u010de performativne radove, ali to ni na koji na\u010din ne favorizira ili isklju\u010duje sve druge umjetni\u010dke forme i prakse. Produkcijski prora\u010dun iznosi 5000 kn brutto, koliko iznosi i honorar za umjetni\u010dki rad.<\/p>\n<p>&nbsp;<br \/>\n<strong>O natje\u010daju<\/strong><\/p>\n<p>&nbsp;<\/p>\n<p>&nbsp;<\/p>\n<p>Natje\u010daj za privremenu memorijalnu umjetni\u010dku intervenciju 2017. godine provodi se u partnerstvu sa Srpskim narodnim vije\u0107em iz Zagreba i Vije\u0107em srpske nacionalne manjine Grada Zagreba.<\/p>\n<p>&nbsp;<\/p>\n<p>Projekt Virtualni muzej Dotr\u0161\u010dina jedinstven je u Hrvatskoj i regiji po inovativnom pristupu izgradnji kulture sje\u0107anja.<\/p>\n<p>&nbsp;<\/p>\n<p>Cilj ovog natje\u010daja je posredstvom suvremene umjetnosti i razvoja suvremenih na\u010dina bilje\u017eenja sje\u0107anja u javnom prostoru, profilirati spomen-park Dotr\u0161\u010dinu kao \u017eivo mjesto sje\u0107anja na \u017ertve fa\u0161izma, godi\u0161njom memorijalnom privremenom umjetni\u010dkom intervencijom.<\/p>\n<p>&nbsp;<\/p>\n<p>Ovogodi\u0161nji natje\u010daj posebno poti\u010de performativne radove, ali to ni na koji na\u010din ne favorizira ili isklju\u010duje sve druge umjetni\u010dke forme i prakse.<\/p>\n<p>&nbsp;<\/p>\n<p>Uvjeti natje\u010daja: na natje\u010daju mogu sudjelovati svi zainteresirani; ista osoba na natje\u010daj mo\u017ee poslati jedan prijedlog; u obzir ulaze intervencije ili instalacije u prostoru, performansi i sve druge umjetni\u010dke i sli\u010dne forme koje su izvedive u okviru ponu\u0111enog prora\u010duna i mogu\u0107nosti; rad treba biti tehni\u010dki izvediv i u okviru prora\u010duna od maksimalno 5,000 kuna brutto; rad treba po\u0161tovati \u010dinjenicu da se radi o mjestu masovnog stradanja; rad treba uva\u017eiti specifi\u010dne uvjete parka i biti bez \u0161tetnih posljedica po park;rad treba biti privremenog karaktera; produkcija rada odgovornost je autora\/ice i u tome smislu organizator nudi tek djelomi\u010dnu kustosku podr\u0161ku; sudjelovanjem na natje\u010daju autor\/ica pristaje da se odabrano rje\u0161enje izvede u okviru projekta i medijski prezentira.<\/p>\n<p>&nbsp;<\/p>\n<p>Rad treba biti realiziran i prezentiran javnosti na lokaciji parka povodom Svjetskog dana mira, (oko) 21. rujna 2017.<\/p>\n<p>&nbsp;<\/p>\n<p>Prijedlog mora sadr\u017eavati obrazlo\u017eenje, ne du\u017ee od jedne kartice teksta, eventualne vizualizacije (do tri kom.), okvirni prijedlog prora\u010duna i okvirni popis potrebnih rekvizita, te ime i prezime i kontakt (mail i telefon) osobe koja prijedlog prijavljuje.<\/p>\n<p>&nbsp;<\/p>\n<p>Organizator nije u mogu\u0107nosti snositi tro\u0161kove puta i boravka u Zagrebu za autore\/ice van Zagreba, ali je otvorena mogu\u0107nost da se taj segment pokrije iz produkcijskog prora\u010duna.<\/p>\n<p>&nbsp;<\/p>\n<p>Prijedlozi se \u0161alju (po mogu\u0107nosti u pdf formatu) na vmdotrscina@gmail.com s naznakom \u201eDotr\u0161\u010dina 2017.\u201c<\/p>\n<p>&nbsp;<\/p>\n<p>\u010clanovi \u017eirija: Daniel Kova\u010d, umjetnik, profesor na Likovnoj akademiji u Zagrebu i pobjednik javnog natje\u010daja za privremenu umjetni\u010dku intervenciju Virtualnog muzeja Dotr\u0161\u010dina 2015. godine; Sabina Sabolovi\u0107, kustosica (WHW); i Sa\u0161a \u0160impraga, autor i voditelj projekta Virtualni muzej Dotr\u0161\u010dina.<\/p>\n<p>&nbsp;<\/p>\n<p>Autoru\/ici odabranog prijedloga biti \u0107e ispla\u0107en honorar za umjetni\u010dki rad u iznosu od 5,000 kuna brutto. Odabrani rad bit \u0107e progla\u0161en tijekom srpnja 2017.<\/p>\n<p>&nbsp;<\/p>\n<p>U 2017. godini projekt Virtualni muzej Dotr\u0161\u010dina podr\u017ean je donacijama Melite Jure\u0161a McDonald i Dereka McDonalda, a natje\u010daj se provodi uz podr\u0161ku i u partnerstvu sa Srpskim narodnim vije\u0107em i Vije\u0107em srpske nacionalne manjine Grada Zagreba.<\/p>\n<p>&nbsp;<br \/>\n<strong>Spomen &#8211; park Dotr\u0161\u010dina<\/strong><\/p>\n<p>&nbsp;<\/p>\n<p>&nbsp;<\/p>\n<p>Spomen-park Dotr\u0161\u010dina najve\u0107i je zagreba\u010dki javni gradski park, mjesto najmasovnijeg zlo\u010dina u povijesti Zagreba i jedno od najve\u0107ih strati\u0161ta u Hrvatskoj. Tijekom fa\u0161isti\u010dke okupacije od 1941. do 1945. godine, na lokaciji dana\u0161njeg spomen-parka ubijeno je tisu\u0107e gra\u0111ana, ponajvi\u0161e iz Zagreba i okolice, ali i drugih. Na ure\u0111enju spomen-parka Dotr\u0161\u010dina sudjelovali su neki od najuglednijih hrvatskih krajobraznih arhitekata i umjetnika. U parku postoji niz spomenika, radovi Vojina Baki\u0107a, Branka Ru\u017ei\u0107a, Stevana Luketi\u0107a i Koste Angelija Radovanija.<\/p>\n<p>&nbsp;<\/p>\n<p>Od 2012. godine na prostoru parka izvode se privremene memorijalne umjetni\u010dke intervencije, u sklopu aktivnosti Virtualnog muzeja Dotr\u0161\u010dina. Projekt Virtualni muzej Dotr\u0161\u010dina pokrenut je s ciljem vra\u0107anja spomen-parka Dotr\u0161\u010dina u kolektivnu memoriju.<\/p>\n<p>&nbsp;<\/p>\n<p>Muzej djeluje kroz privremene umjetni\u010dke intervencije na prostoru parka, privremene postave u javnom prostoru grada i druge aktivnosti poput komunalnih inicijativa usmjerenih na obnovu i pobolj\u0161anja parka.<\/p>\n<p>&nbsp;<\/p>\n<p>U okiru aktivnosti Virtualnog muzeja Dotr\u0161\u010dina, na Dotr\u0161\u010dini su do sada realizirane privremene memorijalne intervencije autora Sa\u0161e \u0160imprage, Davora Sanvicentija, Slavena Tolja i Danijela Kova\u010da.<\/p>\n<p>&nbsp;<\/p>\n<p>Virtualni muzej Dotr\u0161\u010dina je autorski projekt Sa\u0161e \u0160imprage. Projekt je pokrenut u okviru programa kulture sje\u0107anja Documente \u2013 Centra za suo\u010davanje s pro\u0161lo\u0161\u0107u.<\/p>\n<p>&nbsp;<\/p>\n<p>Vi\u0161e o projektu \u010ditajte ovdje: <a href=\"http:\/\/www.dotrscina.hr\/\">http:\/\/www.dotrscina.hr\/<\/a><\/p>\n<p>&nbsp;<\/p>\n<p>Detaljnije aktivnosti Virtualnog muzeja Dotr\u0161\u010dina pratite na Facebooku:<br \/>\n<a href=\"https:\/\/www.facebook.com\/virtualnimuzejdotrscina\/\">https:\/\/www.facebook.com\/virtualnimuzejdotrscina\/<\/a><\/p>\n<p>&nbsp;<\/p>\n<p>&nbsp;<\/p>\n<p>Svi ostali upiti: vmdotrscina@gmail.com<\/p>\n<p>&nbsp;<\/p>\n<p>&nbsp;<\/p>\n<p><strong>Documenta &#8211; Centar za suo\u010davanje s pro\u0161lo\u0161\u0107u<\/strong><\/p>\n<p>&nbsp;<\/p>\n<p>&nbsp;<\/p>\n<p><a href=\"https:\/\/www.documenta.hr\/\">https:\/\/www.documenta.hr\/<\/a><\/p>\n<p>&nbsp;<\/p>\n<p>&nbsp;<\/p>\n<p>&nbsp;<\/p>\n<p>&nbsp;<\/p>\n","protected":false},"excerpt":{"rendered":"","protected":false},"author":2,"featured_media":4800,"comment_status":"open","ping_status":"open","sticky":false,"template":"","format":"standard","meta":{"_acf_changed":false,"jetpack_post_was_ever_published":false,"_jetpack_newsletter_access":"","_jetpack_dont_email_post_to_subs":false,"_jetpack_newsletter_tier_id":0,"_jetpack_memberships_contains_paywalled_content":false,"_jetpack_memberships_contains_paid_content":false,"footnotes":"","jetpack_publicize_message":"","jetpack_publicize_feature_enabled":true,"jetpack_social_post_already_shared":true,"jetpack_social_options":{"image_generator_settings":{"template":"highway","default_image_id":0,"font":"","enabled":false},"version":2}},"categories":[3],"tags":[],"class_list":["post-4799","post","type-post","status-publish","format-standard","has-post-thumbnail","hentry","category-novosti"],"acf":{"facebook_opis":""},"jetpack_publicize_connections":[],"jetpack_featured_media_url":"https:\/\/i0.wp.com\/historiografija.hr\/wp-content\/uploads\/2017\/06\/Dotrscina.jpg?fit=600%2C400&ssl=1","jetpack_sharing_enabled":true,"jetpack-related-posts":[{"id":52633,"url":"https:\/\/historiografija.hr\/?p=52633","url_meta":{"origin":4799,"position":0},"title":"POVIJEST TRE\u0160NJEVA\u010cKE GLAZBE: prikupljanje virtualnog fundusa Muzeja susjedstva Tre\u0161njevka","author":"Branimir Jankovi\u0107","date":"23. travnja 2026.","format":false,"excerpt":"utorak 28. 4. 2026. 14 - 18 h Nova BAZA, Nova cesta 66, Zagreb Prvi su dani ljeta 1957. godine. Bo\u017eica Kalafati\u0107 poha\u0111a drugi razred Osnovne \u0161kole Bratstvo i jedinstvo, danas kralja Tomislava, a ide i na muzi\u010dke satove u Mo\u0161\u0107eni\u010dkoj ulici. Na fotografiji s harmonikom u rukama stoji u\u2026","rel":"","context":"U &quot;Novosti&quot;","block_context":{"text":"Novosti","link":"https:\/\/historiografija.hr\/?cat=3"},"img":{"alt_text":"","src":"https:\/\/i0.wp.com\/historiografija.hr\/wp-content\/uploads\/2026\/04\/MST_prikupljanje.jpg?fit=380%2C475&ssl=1&resize=350%2C200","width":350,"height":200},"classes":[]},{"id":52508,"url":"https:\/\/historiografija.hr\/?p=52508","url_meta":{"origin":4799,"position":1},"title":"Glazbena radionica \u201eDUGMETARA REVISITED\u201c","author":"Branimir Jankovi\u0107","date":"17. travnja 2026.","format":false,"excerpt":"DUGMETARA REVISITED glazbena radionica vodi: Ana Horvat 13., 20. i 27. travnja, od 18 do 20 sati Radiona, Nova cesta 186 Na tri radioni\u010dka susreta uranjamo u naslje\u0111e Dugmetare, biv\u0161e tvornice dugmadi na Savskoj cesti koja je po\u010detkom 2000-ih igrom slu\u010daja postala \u017eivo, jedinstveno mjesto glazbene proizvodnje. Svoje su probe\u2026","rel":"","context":"U &quot;Novosti&quot;","block_context":{"text":"Novosti","link":"https:\/\/historiografija.hr\/?cat=3"},"img":{"alt_text":"","src":"https:\/\/i0.wp.com\/historiografija.hr\/wp-content\/uploads\/2026\/04\/TRESNJA_TRESTI.jpg?fit=380%2C475&ssl=1&resize=350%2C200","width":350,"height":200},"classes":[]},{"id":52666,"url":"https:\/\/historiografija.hr\/?p=52666","url_meta":{"origin":4799,"position":2},"title":"Najava programa Festivala povijesti Kliofest (5-8. V. 2026)","author":"Branimir Jankovi\u0107","date":"24. travnja 2026.","format":false,"excerpt":"Po trinaesti put odr\u017eava se Festival povijesti Kliofest! Do petka \u0107emo odr\u017eati osam okruglih stolova i dva kolokvija te niz predstavljanja knjiga i projekata razli\u010dite tematike, od antike do suvremenosti. Bit \u0107e predstavljeno i nekoliko izlo\u017ebi te odr\u017ean jedan povijesni kviz. Prikazat \u0107emo i jedan film \u2013 o generalu Boroevi\u0107u.\u2026","rel":"","context":"U &quot;Novosti&quot;","block_context":{"text":"Novosti","link":"https:\/\/historiografija.hr\/?cat=3"},"img":{"alt_text":"","src":"https:\/\/i0.wp.com\/historiografija.hr\/wp-content\/uploads\/2026\/04\/Kliofest-2026.jpg?fit=526%2C526&ssl=1&resize=350%2C200","width":350,"height":200,"srcset":"https:\/\/i0.wp.com\/historiografija.hr\/wp-content\/uploads\/2026\/04\/Kliofest-2026.jpg?fit=526%2C526&ssl=1&resize=350%2C200 1x, https:\/\/i0.wp.com\/historiografija.hr\/wp-content\/uploads\/2026\/04\/Kliofest-2026.jpg?fit=526%2C526&ssl=1&resize=525%2C300 1.5x"},"classes":[]},{"id":52575,"url":"https:\/\/historiografija.hr\/?p=52575","url_meta":{"origin":4799,"position":3},"title":"Izlo\u017eba dje\u010djih radova \u201cU po\u010detku bija\u0161e crte\u017e\u2026\u201d","author":"Branimir Jankovi\u0107","date":"21. travnja 2026.","format":false,"excerpt":"U subotu, 25. travnja 2026. u 11 sati u Galeriji Klovi\u0107evi dvori sve\u010dano otvaramo izlo\u017ebu dje\u010djih radova pod nazivom U po\u010detku bija\u0161e crte\u017e\u2026 Radovi su nastali u sklopu likovnih radionica uz izlo\u017ebu U po\u010detku bija\u0161e kraljevstvo \u2013 izlo\u017eba povodom 1100 godina Hrvatskoga Kraljevstva. Na brojnim likovnim radionicama, uz \u0161kolsku djecu,\u2026","rel":"","context":"U &quot;Izlo\u017ebe&quot;","block_context":{"text":"Izlo\u017ebe","link":"https:\/\/historiografija.hr\/?cat=10"},"img":{"alt_text":"","src":"https:\/\/i0.wp.com\/historiografija.hr\/wp-content\/uploads\/2025\/10\/Klovicevi_sluzbeni-plakat.png?fit=840%2C1200&ssl=1&resize=350%2C200","width":350,"height":200,"srcset":"https:\/\/i0.wp.com\/historiografija.hr\/wp-content\/uploads\/2025\/10\/Klovicevi_sluzbeni-plakat.png?fit=840%2C1200&ssl=1&resize=350%2C200 1x, https:\/\/i0.wp.com\/historiografija.hr\/wp-content\/uploads\/2025\/10\/Klovicevi_sluzbeni-plakat.png?fit=840%2C1200&ssl=1&resize=525%2C300 1.5x, https:\/\/i0.wp.com\/historiografija.hr\/wp-content\/uploads\/2025\/10\/Klovicevi_sluzbeni-plakat.png?fit=840%2C1200&ssl=1&resize=700%2C400 2x"},"classes":[]},{"id":52559,"url":"https:\/\/historiografija.hr\/?p=52559","url_meta":{"origin":4799,"position":4},"title":"Dobitnici dr\u017eavne nagrade za znanost za 2024. godinu","author":"Branimir Jankovi\u0107","date":"20. travnja 2026.","format":false,"excerpt":"Na sjednici Odbora za podjelu dr\u017eavnih nagrada za znanost odr\u017eanoj 16. travnja 2026. godine donesena je Odluka o dodjeli dr\u017eavnih nagrada za znanost za 2024. godinu. Godi\u0161njom nagradom za popularizaciju i promid\u017ebu znanosti nagra\u0111eni su u podru\u010dju humanisti\u010dkih znanosti znanstveni suradnici dr. sc. Josip Mihaljevi\u0107 i dr. sc. Gordan Ravan\u010di\u0107,\u2026","rel":"","context":"U &quot;Novosti&quot;","block_context":{"text":"Novosti","link":"https:\/\/historiografija.hr\/?cat=3"},"img":{"alt_text":"","src":"https:\/\/i0.wp.com\/historiografija.hr\/wp-content\/uploads\/2021\/12\/povijesne-kontroverze.jpg?fit=1200%2C675&ssl=1&resize=350%2C200","width":350,"height":200,"srcset":"https:\/\/i0.wp.com\/historiografija.hr\/wp-content\/uploads\/2021\/12\/povijesne-kontroverze.jpg?fit=1200%2C675&ssl=1&resize=350%2C200 1x, https:\/\/i0.wp.com\/historiografija.hr\/wp-content\/uploads\/2021\/12\/povijesne-kontroverze.jpg?fit=1200%2C675&ssl=1&resize=525%2C300 1.5x, https:\/\/i0.wp.com\/historiografija.hr\/wp-content\/uploads\/2021\/12\/povijesne-kontroverze.jpg?fit=1200%2C675&ssl=1&resize=700%2C400 2x, https:\/\/i0.wp.com\/historiografija.hr\/wp-content\/uploads\/2021\/12\/povijesne-kontroverze.jpg?fit=1200%2C675&ssl=1&resize=1050%2C600 3x"},"classes":[]},{"id":52148,"url":"https:\/\/historiografija.hr\/?p=52148","url_meta":{"origin":4799,"position":5},"title":"Poziv za prijavu na me\u0111unarodnu znanstvenu konferenciju \u201eGranice (ne)slobode: Zadarski krug 1966. Intelektualna opozicija u totalitarnom dru\u0161tvu\u201c","author":"Branimir Jankovi\u0107","date":"27. o\u017eujka 2026.","format":false,"excerpt":"\u00a0\u00a0\u00a0\u00a0 Povodom \u0161ezdesete obljetnice poku\u0161aja osnivanja \u010dasopisa Slobodan glas u Zadru 1966. godine, pozivamo vas na znanstvenu konferenciju posve\u0107enu istra\u017eivanju disidentstva, intelektualne opozicije i granica divergentnog mi\u0161ljenja nasuprot slu\u017ebenoj ideologiji u komunisti\u010dkoj Jugoslaviji. Ideja konferencije je analizirati konkretan fenomen zadarskog slu\u010daja razloge i okolnosti njegove pojave, ali uz otvaranje komparativnih\u2026","rel":"","context":"U &quot;Novosti&quot;","block_context":{"text":"Novosti","link":"https:\/\/historiografija.hr\/?cat=3"},"img":{"alt_text":"","src":"https:\/\/i0.wp.com\/historiografija.hr\/wp-content\/uploads\/2026\/03\/Poziv-konferencija-Zadar.jpg?fit=1200%2C509&ssl=1&resize=350%2C200","width":350,"height":200,"srcset":"https:\/\/i0.wp.com\/historiografija.hr\/wp-content\/uploads\/2026\/03\/Poziv-konferencija-Zadar.jpg?fit=1200%2C509&ssl=1&resize=350%2C200 1x, https:\/\/i0.wp.com\/historiografija.hr\/wp-content\/uploads\/2026\/03\/Poziv-konferencija-Zadar.jpg?fit=1200%2C509&ssl=1&resize=525%2C300 1.5x, https:\/\/i0.wp.com\/historiografija.hr\/wp-content\/uploads\/2026\/03\/Poziv-konferencija-Zadar.jpg?fit=1200%2C509&ssl=1&resize=700%2C400 2x, https:\/\/i0.wp.com\/historiografija.hr\/wp-content\/uploads\/2026\/03\/Poziv-konferencija-Zadar.jpg?fit=1200%2C509&ssl=1&resize=1050%2C600 3x"},"classes":[]}],"_links":{"self":[{"href":"https:\/\/historiografija.hr\/index.php?rest_route=\/wp\/v2\/posts\/4799","targetHints":{"allow":["GET"]}}],"collection":[{"href":"https:\/\/historiografija.hr\/index.php?rest_route=\/wp\/v2\/posts"}],"about":[{"href":"https:\/\/historiografija.hr\/index.php?rest_route=\/wp\/v2\/types\/post"}],"author":[{"embeddable":true,"href":"https:\/\/historiografija.hr\/index.php?rest_route=\/wp\/v2\/users\/2"}],"replies":[{"embeddable":true,"href":"https:\/\/historiografija.hr\/index.php?rest_route=%2Fwp%2Fv2%2Fcomments&post=4799"}],"version-history":[{"count":1,"href":"https:\/\/historiografija.hr\/index.php?rest_route=\/wp\/v2\/posts\/4799\/revisions"}],"predecessor-version":[{"id":4801,"href":"https:\/\/historiografija.hr\/index.php?rest_route=\/wp\/v2\/posts\/4799\/revisions\/4801"}],"wp:featuredmedia":[{"embeddable":true,"href":"https:\/\/historiografija.hr\/index.php?rest_route=\/wp\/v2\/media\/4800"}],"wp:attachment":[{"href":"https:\/\/historiografija.hr\/index.php?rest_route=%2Fwp%2Fv2%2Fmedia&parent=4799"}],"wp:term":[{"taxonomy":"category","embeddable":true,"href":"https:\/\/historiografija.hr\/index.php?rest_route=%2Fwp%2Fv2%2Fcategories&post=4799"},{"taxonomy":"post_tag","embeddable":true,"href":"https:\/\/historiografija.hr\/index.php?rest_route=%2Fwp%2Fv2%2Ftags&post=4799"}],"curies":[{"name":"wp","href":"https:\/\/api.w.org\/{rel}","templated":true}]}}