{"id":47954,"date":"2025-08-26T20:45:06","date_gmt":"2025-08-26T20:45:06","guid":{"rendered":"https:\/\/historiografija.hr\/?p=47954"},"modified":"2025-08-26T20:45:06","modified_gmt":"2025-08-26T20:45:06","slug":"marcel-lewandowsky-die-globale-rechte-geschichte-erfolgsbedingungen-auswirkungen","status":"publish","type":"post","link":"https:\/\/historiografija.hr\/?p=47954","title":{"rendered":"Marcel Lewandowsky, \u201eDie globale Rechte. Geschichte, Erfolgsbedingungen, Auswirkungen\u201c"},"content":{"rendered":"\n<p>Parteien und Bewegungen der radikalen und extremen Rechten sind auf Erfolgskurs. Sie gewinnen Wahlen bilden Regierungen und beeinflussen \u00f6ffentliche Debatten. Rechtspopulistische Parteien, die vordergr\u00fcndig die Demokratie bejahen, ebnen Themen und Akteuren der \u00e4u\u00dfersten Rechten den Weg in Institutionen und Diskurse. Dort, wo sie an der Macht sind, werden die Demokratie und der Rechtsstaat in Mitleidenschaft gezogen. Der Politikwissenschaftler Marcel Lewandowsky zeichnet die Geschichte der Rechten nach dem Zweiten Weltkrieg nach, erl\u00e4utert die Ursachen f\u00fcr ihre neuerlichen Erfolge und er\u00f6rtert ihre Auswirkungen auf die Demokratie.<\/p>\n\n\n\n<hr class=\"wp-block-separator has-alpha-channel-opacity\"\/>\n\n\n\n<p><strong>Marcel Lewandowsky ist<\/strong> Privatdozent an der Helmut-Schmidt-Universit\u00e4t\/Universit\u00e4t der Bundeswehr Hamburg. Er forscht zu Demokratie, Populismus und Extremismus. Im Mai 2024 erschien sein Buch &#8220;Was Populisten wollen: Wie sie die Gesellschaft herausfordern \u2013 und wie man ihnen begegnen sollte&#8221;.<\/p>\n\n\n\n<hr class=\"wp-block-separator has-alpha-channel-opacity\"\/>\n\n\n\n<p>Erschienen am 15. Mai 2025<\/p>\n\n\n\n<p>143 S.<\/p>\n\n\n\n<p>Softcover<\/p>\n\n\n\n<p>C.H.BECK Wissen<\/p>\n\n\n\n<p><a href=\"https:\/\/www.chbeck.de\/lewandowsky-globale-rechte\/product\/37976540\">https:\/\/www.chbeck.de\/lewandowsky-globale-rechte\/product\/37976540<\/a><\/p>\n\n\n\n<hr class=\"wp-block-separator has-alpha-channel-opacity\"\/>\n","protected":false},"excerpt":{"rendered":"","protected":false},"author":2,"featured_media":47955,"comment_status":"open","ping_status":"open","sticky":false,"template":"","format":"standard","meta":{"_acf_changed":false,"jetpack_post_was_ever_published":false,"_jetpack_newsletter_access":"","_jetpack_dont_email_post_to_subs":false,"_jetpack_newsletter_tier_id":0,"_jetpack_memberships_contains_paywalled_content":false,"_jetpack_memberships_contains_paid_content":false,"footnotes":"","jetpack_publicize_message":"","jetpack_publicize_feature_enabled":true,"jetpack_social_post_already_shared":true,"jetpack_social_options":{"image_generator_settings":{"template":"highway","default_image_id":0,"font":"","enabled":false},"version":2}},"categories":[8,3],"tags":[],"class_list":["post-47954","post","type-post","status-publish","format-standard","has-post-thumbnail","hentry","category-knjige","category-novosti"],"acf":{"facebook_opis":""},"jetpack_publicize_connections":[],"jetpack_featured_media_url":"https:\/\/i0.wp.com\/historiografija.hr\/wp-content\/uploads\/2025\/08\/Globale_Rechte.jpg?fit=1279%2C1950&ssl=1","jetpack_sharing_enabled":true,"jetpack-related-posts":[],"_links":{"self":[{"href":"https:\/\/historiografija.hr\/index.php?rest_route=\/wp\/v2\/posts\/47954","targetHints":{"allow":["GET"]}}],"collection":[{"href":"https:\/\/historiografija.hr\/index.php?rest_route=\/wp\/v2\/posts"}],"about":[{"href":"https:\/\/historiografija.hr\/index.php?rest_route=\/wp\/v2\/types\/post"}],"author":[{"embeddable":true,"href":"https:\/\/historiografija.hr\/index.php?rest_route=\/wp\/v2\/users\/2"}],"replies":[{"embeddable":true,"href":"https:\/\/historiografija.hr\/index.php?rest_route=%2Fwp%2Fv2%2Fcomments&post=47954"}],"version-history":[{"count":1,"href":"https:\/\/historiografija.hr\/index.php?rest_route=\/wp\/v2\/posts\/47954\/revisions"}],"predecessor-version":[{"id":47956,"href":"https:\/\/historiografija.hr\/index.php?rest_route=\/wp\/v2\/posts\/47954\/revisions\/47956"}],"wp:featuredmedia":[{"embeddable":true,"href":"https:\/\/historiografija.hr\/index.php?rest_route=\/wp\/v2\/media\/47955"}],"wp:attachment":[{"href":"https:\/\/historiografija.hr\/index.php?rest_route=%2Fwp%2Fv2%2Fmedia&parent=47954"}],"wp:term":[{"taxonomy":"category","embeddable":true,"href":"https:\/\/historiografija.hr\/index.php?rest_route=%2Fwp%2Fv2%2Fcategories&post=47954"},{"taxonomy":"post_tag","embeddable":true,"href":"https:\/\/historiografija.hr\/index.php?rest_route=%2Fwp%2Fv2%2Ftags&post=47954"}],"curies":[{"name":"wp","href":"https:\/\/api.w.org\/{rel}","templated":true}]}}