{"id":47948,"date":"2025-08-26T20:29:34","date_gmt":"2025-08-26T20:29:34","guid":{"rendered":"https:\/\/historiografija.hr\/?p=47948"},"modified":"2025-08-26T20:29:34","modified_gmt":"2025-08-26T20:29:34","slug":"atena-je-li-istinit-navod-vlatke-pokos-da-je-katolicka-crkva-u-hrvatskoj-bila-u-sprezi-sa-zlocinackim-ustaskim-rezimom-koji-je-objavila-na-svom-instagram-profilu","status":"publish","type":"post","link":"https:\/\/historiografija.hr\/?p=47948","title":{"rendered":"ATENA: Je li istinit navod Vlatke Pokos da je &#8220;Katoli\u010dka crkva u Hrvatskoj bila u sprezi sa zlo\u010dina\u010dkim usta\u0161kim re\u017eimom&#8221;, koji je objavila na svom Instagram profilu?"},"content":{"rendered":"\n<p>Na portalu ATENA objavljen je 24. kolovoza 2025. prilog Gordana Akrapa \u201eJe li istinit navod Vlatke Pokos da je &#8220;Katoli\u010dka crkva u Hrvatskoj bila u sprezi sa zlo\u010dina\u010dkim usta\u0161kim re\u017eimom&#8221;, koji je objavila na svom Instagram profilu?\u201c.<\/p>\n\n\n\n<hr class=\"wp-block-separator has-alpha-channel-opacity\"\/>\n\n\n\n<p>Prilog je dostupan na sljede\u0107oj poveznici:<\/p>\n\n\n\n<p><a href=\"https:\/\/iihs.hr\/objave\/id\/4444\">https:\/\/iihs.hr\/objave\/id\/4444<\/a><\/p>\n\n\n\n<hr class=\"wp-block-separator has-alpha-channel-opacity\"\/>\n\n\n\n<p>Prilog je objavljen i na poveznici:<\/p>\n\n\n\n<p><a href=\"https:\/\/www.tocnotako.hr\/clanak\/Je-li-istinit-navod-Vlatke-Pokos-da-je-Katolicka-crkva-u-Hrvatskoj-bila-u-sprezi-sa-zlocinackim-ustaskim-rezimom-koji-je-objavila-na-svom-Instagram-profilu_ATENA\/2013\">https:\/\/www.tocnotako.hr\/clanak\/Je-li-istinit-navod-Vlatke-Pokos-da-je-Katolicka-crkva-u-Hrvatskoj-bila-u-sprezi-sa-zlocinackim-ustaskim-rezimom-koji-je-objavila-na-svom-Instagram-profilu_ATENA\/2013<\/a><\/p>\n\n\n\n<hr class=\"wp-block-separator has-alpha-channel-opacity\"\/>\n\n\n\n<p><a href=\"https:\/\/www.tocnotako.hr\/clanak\/Jesu-li-Hrvati-u-19-stoljecu-bili-dvostruko-brojniji-od-Srba_P-FAKTI\/2015\"><\/a><\/p>\n","protected":false},"excerpt":{"rendered":"","protected":false},"author":2,"featured_media":47949,"comment_status":"open","ping_status":"open","sticky":false,"template":"","format":"standard","meta":{"_acf_changed":false,"jetpack_post_was_ever_published":false,"_jetpack_newsletter_access":"","_jetpack_dont_email_post_to_subs":false,"_jetpack_newsletter_tier_id":0,"_jetpack_memberships_contains_paywalled_content":false,"_jetpack_memberships_contains_paid_content":false,"footnotes":"","jetpack_publicize_message":"","jetpack_publicize_feature_enabled":true,"jetpack_social_post_already_shared":true,"jetpack_social_options":{"image_generator_settings":{"template":"highway","default_image_id":0,"font":"","enabled":false},"version":2}},"categories":[3],"tags":[],"class_list":["post-47948","post","type-post","status-publish","format-standard","has-post-thumbnail","hentry","category-novosti"],"acf":{"facebook_opis":""},"jetpack_publicize_connections":[],"jetpack_featured_media_url":"https:\/\/i0.wp.com\/historiografija.hr\/wp-content\/uploads\/2025\/08\/Foto_Stepinac.jpg?fit=800%2C521&ssl=1","jetpack_sharing_enabled":true,"jetpack-related-posts":[],"_links":{"self":[{"href":"https:\/\/historiografija.hr\/index.php?rest_route=\/wp\/v2\/posts\/47948","targetHints":{"allow":["GET"]}}],"collection":[{"href":"https:\/\/historiografija.hr\/index.php?rest_route=\/wp\/v2\/posts"}],"about":[{"href":"https:\/\/historiografija.hr\/index.php?rest_route=\/wp\/v2\/types\/post"}],"author":[{"embeddable":true,"href":"https:\/\/historiografija.hr\/index.php?rest_route=\/wp\/v2\/users\/2"}],"replies":[{"embeddable":true,"href":"https:\/\/historiografija.hr\/index.php?rest_route=%2Fwp%2Fv2%2Fcomments&post=47948"}],"version-history":[{"count":1,"href":"https:\/\/historiografija.hr\/index.php?rest_route=\/wp\/v2\/posts\/47948\/revisions"}],"predecessor-version":[{"id":47950,"href":"https:\/\/historiografija.hr\/index.php?rest_route=\/wp\/v2\/posts\/47948\/revisions\/47950"}],"wp:featuredmedia":[{"embeddable":true,"href":"https:\/\/historiografija.hr\/index.php?rest_route=\/wp\/v2\/media\/47949"}],"wp:attachment":[{"href":"https:\/\/historiografija.hr\/index.php?rest_route=%2Fwp%2Fv2%2Fmedia&parent=47948"}],"wp:term":[{"taxonomy":"category","embeddable":true,"href":"https:\/\/historiografija.hr\/index.php?rest_route=%2Fwp%2Fv2%2Fcategories&post=47948"},{"taxonomy":"post_tag","embeddable":true,"href":"https:\/\/historiografija.hr\/index.php?rest_route=%2Fwp%2Fv2%2Ftags&post=47948"}],"curies":[{"name":"wp","href":"https:\/\/api.w.org\/{rel}","templated":true}]}}