{"id":47935,"date":"2025-08-25T19:13:44","date_gmt":"2025-08-25T19:13:44","guid":{"rendered":"https:\/\/historiografija.hr\/?p=47935"},"modified":"2025-08-25T19:13:44","modified_gmt":"2025-08-25T19:13:44","slug":"hrt-odgoden-festival-u-benkovcu-zbog-povecanog-sigurnosnog-rizika","status":"publish","type":"post","link":"https:\/\/historiografija.hr\/?p=47935","title":{"rendered":"HRT: Odgo\u0111en festival u Benkovcu \u2013 zbog pove\u0107anog sigurnosnog rizika"},"content":{"rendered":"\n<p>\u201eFestival &#8220;Nosi se u Benkovcu&#8221; je odgo\u0111en. Nakon \u0161to je, zbog prosvjeda branitelja, otkazana prva predstava u sklopu festivala s temom dekonstrukcije rata i pluralizma, odlu\u010deno je da se ne\u0107e odr\u017eati ni ostatak programa. Ve\u010deras su na rasporedu bile projekcija filma Mirotvorac i rasprava, no iako je program odgo\u0111en, branitelji su najavili da \u0107e se okupiti i jo\u0161 jednom izraziti svoje mi\u0161ljenje.\u201c<\/p>\n\n\n\n<hr class=\"wp-block-separator has-alpha-channel-opacity\"\/>\n\n\n\n<p>Izvor i dodatne informacije:<\/p>\n\n\n\n<p><a href=\"https:\/\/vijesti.hrt.hr\/hrvatska\/zbog-straha-od-eskalacije-nasilja-festival-nosi-se-ipak-se-odgada-12304548\">https:\/\/vijesti.hrt.hr\/hrvatska\/zbog-straha-od-eskalacije-nasilja-festival-nosi-se-ipak-se-odgada-12304548<\/a><\/p>\n\n\n\n<p><a href=\"https:\/\/vijesti.hrt.hr\/hrvatska\/petorici-branitelja-izrecena-zabrana-priblizavanja-novinarki-meliti-vrsaljko-12303554\">https:\/\/vijesti.hrt.hr\/hrvatska\/petorici-branitelja-izrecena-zabrana-priblizavanja-novinarki-meliti-vrsaljko-12303554<\/a><\/p>\n\n\n\n<p><a href=\"https:\/\/vijesti.hrt.hr\/hrvatska\/policija-utvrduje-cinjenice-oko-otkazivanja-predstave-u-benkovcu-12301994\">https:\/\/vijesti.hrt.hr\/hrvatska\/policija-utvrduje-cinjenice-oko-otkazivanja-predstave-u-benkovcu-12301994<\/a><\/p>\n\n\n\n<hr class=\"wp-block-separator has-alpha-channel-opacity\"\/>\n","protected":false},"excerpt":{"rendered":"","protected":false},"author":2,"featured_media":47936,"comment_status":"open","ping_status":"open","sticky":false,"template":"","format":"standard","meta":{"_acf_changed":false,"jetpack_post_was_ever_published":false,"_jetpack_newsletter_access":"","_jetpack_dont_email_post_to_subs":false,"_jetpack_newsletter_tier_id":0,"_jetpack_memberships_contains_paywalled_content":false,"_jetpack_memberships_contains_paid_content":false,"footnotes":"","jetpack_publicize_message":"","jetpack_publicize_feature_enabled":true,"jetpack_social_post_already_shared":true,"jetpack_social_options":{"image_generator_settings":{"template":"highway","default_image_id":0,"font":"","enabled":false},"version":2}},"categories":[3],"tags":[],"class_list":["post-47935","post","type-post","status-publish","format-standard","has-post-thumbnail","hentry","category-novosti"],"acf":{"facebook_opis":""},"jetpack_publicize_connections":[],"jetpack_featured_media_url":"https:\/\/i0.wp.com\/historiografija.hr\/wp-content\/uploads\/2025\/08\/Benkovac_web.png?fit=1280%2C720&ssl=1","jetpack_sharing_enabled":true,"jetpack-related-posts":[],"_links":{"self":[{"href":"https:\/\/historiografija.hr\/index.php?rest_route=\/wp\/v2\/posts\/47935","targetHints":{"allow":["GET"]}}],"collection":[{"href":"https:\/\/historiografija.hr\/index.php?rest_route=\/wp\/v2\/posts"}],"about":[{"href":"https:\/\/historiografija.hr\/index.php?rest_route=\/wp\/v2\/types\/post"}],"author":[{"embeddable":true,"href":"https:\/\/historiografija.hr\/index.php?rest_route=\/wp\/v2\/users\/2"}],"replies":[{"embeddable":true,"href":"https:\/\/historiografija.hr\/index.php?rest_route=%2Fwp%2Fv2%2Fcomments&post=47935"}],"version-history":[{"count":1,"href":"https:\/\/historiografija.hr\/index.php?rest_route=\/wp\/v2\/posts\/47935\/revisions"}],"predecessor-version":[{"id":47937,"href":"https:\/\/historiografija.hr\/index.php?rest_route=\/wp\/v2\/posts\/47935\/revisions\/47937"}],"wp:featuredmedia":[{"embeddable":true,"href":"https:\/\/historiografija.hr\/index.php?rest_route=\/wp\/v2\/media\/47936"}],"wp:attachment":[{"href":"https:\/\/historiografija.hr\/index.php?rest_route=%2Fwp%2Fv2%2Fmedia&parent=47935"}],"wp:term":[{"taxonomy":"category","embeddable":true,"href":"https:\/\/historiografija.hr\/index.php?rest_route=%2Fwp%2Fv2%2Fcategories&post=47935"},{"taxonomy":"post_tag","embeddable":true,"href":"https:\/\/historiografija.hr\/index.php?rest_route=%2Fwp%2Fv2%2Ftags&post=47935"}],"curies":[{"name":"wp","href":"https:\/\/api.w.org\/{rel}","templated":true}]}}