{"id":47925,"date":"2025-08-25T18:43:34","date_gmt":"2025-08-25T18:43:34","guid":{"rendered":"https:\/\/historiografija.hr\/?p=47925"},"modified":"2025-08-25T18:43:34","modified_gmt":"2025-08-25T18:43:34","slug":"obiljezavanje-europskog-dana-sjecanja-na-zrtve-totalitarnih-i-autoritarnih-rezima-i-ukop-814-zrtava-iz-jame-jazovka","status":"publish","type":"post","link":"https:\/\/historiografija.hr\/?p=47925","title":{"rendered":"Obilje\u017eavanje Europskog dana sje\u0107anja na \u017ertve totalitarnih i autoritarnih re\u017eima i ukop 814 \u017ertava iz jame Jazovka"},"content":{"rendered":"\n<p>\u201eNa Europski dan sje\u0107anja na \u017ertve totalitarnih i autoritarnih re\u017eima u So\u0161icama su pokopani ostaci hrvatskih \u017ertava ekshumiranih iz jame Jazovka. Ministarstvo hrvatskih branitelja 2020. po\u010delo je istra\u017eivati jamu i u samo pet dana prona\u0111eni su posmrtni ostaci najmanje 814 osoba. Uz grobnicu je izgra\u0111eno i spomen-obilje\u017eje kao dokaz da nijedna \u017ertva ne\u0107e biti zaboravljena.<\/p>\n\n\n\n<p>Jama Jazovka je otkrivena 1989. godine, a u nju su ba\u010dena tijela uglavnom civila, ranjenika i medicinskog osoblja koje su ubili partizani nakon zauzimanja Kra\u0161i\u0107a u sije\u010dnju 1943. te vojnici Jugoslavenske armije u svibnju i lipnju 1945. Za njih je slu\u017eena sveta misa koju je predvodio zagreba\u010dki nadbiskup monsinjor Dra\u017een Kutle\u0161a. Posmrtni ostaci \u017ertava pokopani su u zajedni\u010dkoj grobnici i kod novoizgra\u0111enog spomen-obilje\u017eja.<\/p>\n\n\n\n<p>Na komemorativnom programu bili su i potpredsjednik Vlade i ministar hrvatskih branitelja Tomo Medved te predsjednik Povjerenstva za \u017ertve nakon 2. svjetskog rata Ivan Penava.\u201c<\/p>\n\n\n\n<hr class=\"wp-block-separator has-alpha-channel-opacity\"\/>\n\n\n\n<p>Izvor i dodatne obavijesti:<\/p>\n\n\n\n<p><a href=\"https:\/\/vijesti.hrt.hr\/hrvatska\/europski-je-dan-sjecanja-na-zrtve-totalitarnih-i-autoritarnih-rezima-12301940\">https:\/\/vijesti.hrt.hr\/hrvatska\/europski-je-dan-sjecanja-na-zrtve-totalitarnih-i-autoritarnih-rezima-12301940<\/a><\/p>\n\n\n\n<hr class=\"wp-block-separator has-alpha-channel-opacity\"\/>\n","protected":false},"excerpt":{"rendered":"","protected":false},"author":2,"featured_media":47926,"comment_status":"open","ping_status":"open","sticky":false,"template":"","format":"standard","meta":{"_acf_changed":false,"jetpack_post_was_ever_published":false,"_jetpack_newsletter_access":"","_jetpack_dont_email_post_to_subs":false,"_jetpack_newsletter_tier_id":0,"_jetpack_memberships_contains_paywalled_content":false,"_jetpack_memberships_contains_paid_content":false,"footnotes":"","jetpack_publicize_message":"","jetpack_publicize_feature_enabled":true,"jetpack_social_post_already_shared":true,"jetpack_social_options":{"image_generator_settings":{"template":"highway","default_image_id":0,"font":"","enabled":false},"version":2}},"categories":[3],"tags":[],"class_list":["post-47925","post","type-post","status-publish","format-standard","has-post-thumbnail","hentry","category-novosti"],"acf":{"facebook_opis":""},"jetpack_publicize_connections":[],"jetpack_featured_media_url":"https:\/\/i0.wp.com\/historiografija.hr\/wp-content\/uploads\/2025\/08\/Jazovka_2025.jpg?fit=1600%2C900&ssl=1","jetpack_sharing_enabled":true,"jetpack-related-posts":[],"_links":{"self":[{"href":"https:\/\/historiografija.hr\/index.php?rest_route=\/wp\/v2\/posts\/47925","targetHints":{"allow":["GET"]}}],"collection":[{"href":"https:\/\/historiografija.hr\/index.php?rest_route=\/wp\/v2\/posts"}],"about":[{"href":"https:\/\/historiografija.hr\/index.php?rest_route=\/wp\/v2\/types\/post"}],"author":[{"embeddable":true,"href":"https:\/\/historiografija.hr\/index.php?rest_route=\/wp\/v2\/users\/2"}],"replies":[{"embeddable":true,"href":"https:\/\/historiografija.hr\/index.php?rest_route=%2Fwp%2Fv2%2Fcomments&post=47925"}],"version-history":[{"count":1,"href":"https:\/\/historiografija.hr\/index.php?rest_route=\/wp\/v2\/posts\/47925\/revisions"}],"predecessor-version":[{"id":47927,"href":"https:\/\/historiografija.hr\/index.php?rest_route=\/wp\/v2\/posts\/47925\/revisions\/47927"}],"wp:featuredmedia":[{"embeddable":true,"href":"https:\/\/historiografija.hr\/index.php?rest_route=\/wp\/v2\/media\/47926"}],"wp:attachment":[{"href":"https:\/\/historiografija.hr\/index.php?rest_route=%2Fwp%2Fv2%2Fmedia&parent=47925"}],"wp:term":[{"taxonomy":"category","embeddable":true,"href":"https:\/\/historiografija.hr\/index.php?rest_route=%2Fwp%2Fv2%2Fcategories&post=47925"},{"taxonomy":"post_tag","embeddable":true,"href":"https:\/\/historiografija.hr\/index.php?rest_route=%2Fwp%2Fv2%2Ftags&post=47925"}],"curies":[{"name":"wp","href":"https:\/\/api.w.org\/{rel}","templated":true}]}}