{"id":47910,"date":"2025-08-22T20:49:49","date_gmt":"2025-08-22T20:49:49","guid":{"rendered":"https:\/\/historiografija.hr\/?p=47910"},"modified":"2025-08-22T20:49:49","modified_gmt":"2025-08-22T20:49:49","slug":"fabian-kummeler-korcula-ruralni-zivotni-svjetovi-i-zajednice-u-mletackoj-dalmaciji","status":"publish","type":"post","link":"https:\/\/historiografija.hr\/?p=47910","title":{"rendered":"Fabian K\u00fcmmeler, \u201eKOR\u010cULA: RURALNI \u017dIVOTNI SVJETOVI I ZAJEDNICE U MLETA\u010cKOJ DALMACIJI\u201c"},"content":{"rendered":"\n<p>Autor je austrijski znanstvenik \u010dije je zanimanje za Kor\u010dulu temeljeno na prou\u010davanju dubrova\u010dkih, venecijanskih i austrijskih arhiva \u0161to mu je omogu\u0107ilo da na sasvim novi na\u010din opi\u0161e razne sastavnice povijesti ruralnoga dijela Kor\u010dule u razdoblju 15. stolje\u0107a, odnosno u vrijeme mleta\u010dke uprave nad tim otokom. Uz pomno na\u010dinjen uvod u kojem se kazuje o strukturi knjige i dosada\u0161njim rezultatima historiografije, autor donosi i pregled uporabljenih izvora i problematski ra\u0161\u010dlanjuje pojam ruralnih zajednica na mnogo \u0161iroj razini. Autor, nadalje, donosi pregled povijesnog konteksta istra\u017eivanja (op\u0107i podaci o Kor\u010duli u 15. stolje\u0107u, sustav uprave i vlast). Sredi\u0161nji dio rukopisa odnosi se na ruralne zajednce na Kor\u010duli pri \u010demu je osobit naglasak posve\u0107en slu\u017ebenoj praksi vlasti i njezinom odnosu prema ruralnim svjetovima, ruralnim vr\u0161iteljima slu\u017ebe kao za\u0161titnicima reda, kao i dru\u0161tvenoj kulturnoj praksi seoskih zajednica. Razmatraju se, nadalje, pojedini oblici iz svakodnevnog \u017eivota kor\u010dulanskih ruralnih zajednica, a sa naglaskom na brak, probleme sa izvanbra\u010dnim odnosima, sustavom regulative u slu\u010dajevima sporova, ali i pravne jamstvenosti zajednice. Zavr\u0161ni dio rukopisa odnosi se na usporedbu izme\u0111u profesionalnog djelovanja pastira i njihovih prava, sezonske podjele poslova (ritam koji ovisi o godi\u0161njim dobima) te na neda\u0107e koje su neminovno zahva\u0107ale taj dio oto\u010dnog stanovni\u0161tva (kra\u0111a \u017eivotinja, \u0161tete na pa\u0161njacima i drugo). <\/p>\n\n\n\n<p>Knjiga je objavljena prvi puta 2020. u Be\u010du, na njema\u010dkom jeziku a izvrstan prijevod na hrvatski jezik napravila je knji\u017eevnica i prevoditeljica <strong>Ivica Duhovi\u0107 \u017dakni\u0107.<\/strong><\/p>\n\n\n\n<p>Na kraju rukopisa sadr\u017ean je popis slika-crte\u017ea i karti, popis skra\u0107enica, popis izvora i literature, kao i kazalo mjesta i predmeta i kazalo osoba.<\/p>\n\n\n\n<p>2024.\/ 428 str.<\/p>\n\n\n\n<hr class=\"wp-block-separator has-alpha-channel-opacity\"\/>\n\n\n\n<p>Izvor: <\/p>\n\n\n\n<p><a href=\"https:\/\/www.knjizevni-krug.hr\/knjige\/korcula-ruralni-zivotni-svjetovi-i-zajednice-u-mletackoj-dalmaciji\/\">https:\/\/www.knjizevni-krug.hr\/knjige\/korcula-ruralni-zivotni-svjetovi-i-zajednice-u-mletackoj-dalmaciji\/<\/a><\/p>\n\n\n\n<hr class=\"wp-block-separator has-alpha-channel-opacity\"\/>\n","protected":false},"excerpt":{"rendered":"","protected":false},"author":2,"featured_media":47911,"comment_status":"open","ping_status":"open","sticky":false,"template":"","format":"standard","meta":{"_acf_changed":false,"jetpack_post_was_ever_published":false,"_jetpack_newsletter_access":"","_jetpack_dont_email_post_to_subs":false,"_jetpack_newsletter_tier_id":0,"_jetpack_memberships_contains_paywalled_content":false,"_jetpack_memberships_contains_paid_content":false,"footnotes":"","jetpack_publicize_message":"","jetpack_publicize_feature_enabled":true,"jetpack_social_post_already_shared":true,"jetpack_social_options":{"image_generator_settings":{"template":"highway","default_image_id":0,"font":"","enabled":false},"version":2}},"categories":[8,3],"tags":[],"class_list":["post-47910","post","type-post","status-publish","format-standard","has-post-thumbnail","hentry","category-knjige","category-novosti"],"acf":{"facebook_opis":""},"jetpack_publicize_connections":[],"jetpack_featured_media_url":"https:\/\/i0.wp.com\/historiografija.hr\/wp-content\/uploads\/2025\/08\/Kummeler-KORCULA.jpg?fit=300%2C424&ssl=1","jetpack_sharing_enabled":true,"jetpack-related-posts":[],"_links":{"self":[{"href":"https:\/\/historiografija.hr\/index.php?rest_route=\/wp\/v2\/posts\/47910","targetHints":{"allow":["GET"]}}],"collection":[{"href":"https:\/\/historiografija.hr\/index.php?rest_route=\/wp\/v2\/posts"}],"about":[{"href":"https:\/\/historiografija.hr\/index.php?rest_route=\/wp\/v2\/types\/post"}],"author":[{"embeddable":true,"href":"https:\/\/historiografija.hr\/index.php?rest_route=\/wp\/v2\/users\/2"}],"replies":[{"embeddable":true,"href":"https:\/\/historiografija.hr\/index.php?rest_route=%2Fwp%2Fv2%2Fcomments&post=47910"}],"version-history":[{"count":1,"href":"https:\/\/historiografija.hr\/index.php?rest_route=\/wp\/v2\/posts\/47910\/revisions"}],"predecessor-version":[{"id":47912,"href":"https:\/\/historiografija.hr\/index.php?rest_route=\/wp\/v2\/posts\/47910\/revisions\/47912"}],"wp:featuredmedia":[{"embeddable":true,"href":"https:\/\/historiografija.hr\/index.php?rest_route=\/wp\/v2\/media\/47911"}],"wp:attachment":[{"href":"https:\/\/historiografija.hr\/index.php?rest_route=%2Fwp%2Fv2%2Fmedia&parent=47910"}],"wp:term":[{"taxonomy":"category","embeddable":true,"href":"https:\/\/historiografija.hr\/index.php?rest_route=%2Fwp%2Fv2%2Fcategories&post=47910"},{"taxonomy":"post_tag","embeddable":true,"href":"https:\/\/historiografija.hr\/index.php?rest_route=%2Fwp%2Fv2%2Ftags&post=47910"}],"curies":[{"name":"wp","href":"https:\/\/api.w.org\/{rel}","templated":true}]}}