{"id":47907,"date":"2025-08-22T20:43:49","date_gmt":"2025-08-22T20:43:49","guid":{"rendered":"https:\/\/historiografija.hr\/?p=47907"},"modified":"2025-08-22T20:43:49","modified_gmt":"2025-08-22T20:43:49","slug":"povodom-90-rodendana-povjesnicara-petera-browna","status":"publish","type":"post","link":"https:\/\/historiografija.hr\/?p=47907","title":{"rendered":"Povodom 90. ro\u0111endana povjesni\u010dara Petera Browna"},"content":{"rendered":"\n<p>Povjesni\u010dar Peter Brown, ro\u0111en 26. srpnja 1935. godine, sna\u017eno je utjecao na historiografiju oblikuju\u0107i polje \u201ekasne antike\u201c, kao i svojim drugim istra\u017eivanjima. Povodom njegovog 90. ro\u0111endana objavljeno je nekoliko priloga na koje upu\u0107ujemo u nastavku. Prethodno smo uputili na njegovu recentno objavljenu autobiografsku knjigu \u201eJourneys of the Mind: A Life in History\u201c. Prije nekoliko godina objavljen je prijevod njegovog teksta \u201eUspon i uloga pustinjaka u kasnoj antici\u201c u \u010dasopisu <em>Pro tempore<\/em>.<\/p>\n\n\n\n<hr class=\"wp-block-separator has-alpha-channel-opacity\"\/>\n\n\n\n<p><strong>The world of Peter Brown<\/strong><\/p>\n\n\n\n<p>And the rise of Late Antiquity<\/p>\n\n\n\n<p><a href=\"https:\/\/www.edwest.co.uk\/p\/the-world-of-peter-brown\">https:\/\/www.edwest.co.uk\/p\/the-world-of-peter-brown<\/a><\/p>\n\n\n\n<hr class=\"wp-block-separator has-alpha-channel-opacity\"\/>\n\n\n\n<p><strong>Peter Brown 90<\/strong><\/p>\n\n\n\n<p>Wie der Geist vom Fleck kommt<\/p>\n\n\n\n<p><a href=\"https:\/\/www.faz.net\/aktuell\/feuilleton\/buecher\/autoren\/der-historiker-peter-brown-wird-90-wie-der-geist-vom-fleck-kommt-110608363.html\">https:\/\/www.faz.net\/aktuell\/feuilleton\/buecher\/autoren\/der-historiker-peter-brown-wird-90-wie-der-geist-vom-fleck-kommt-110608363.html<\/a><\/p>\n\n\n\n<hr class=\"wp-block-separator has-alpha-channel-opacity\"\/>\n\n\n\n<p><strong>Peter Brown<\/strong><\/p>\n\n\n\n<p>Uspon i uloga pustinjaka u kasnoj antici (prev. Sa\u0161a Vukovi\u0107)<\/p>\n\n\n\n<p><em>Pro tempore<\/em>, 2021.<\/p>\n\n\n\n<p><a href=\"https:\/\/hrcak.srce.hr\/277563\">https:\/\/hrcak.srce.hr\/277563<\/a><\/p>\n\n\n\n<hr class=\"wp-block-separator has-alpha-channel-opacity\"\/>\n\n\n\n<p><strong>Peter Brown<\/strong><\/p>\n\n\n\n<p><em>Journeys of the Mind: A Life in History<\/em><\/p>\n\n\n\n<figure class=\"wp-block-embed is-type-wp-embed is-provider-historiografija-hr wp-block-embed-historiografija-hr\"><div class=\"wp-block-embed__wrapper\">\n<blockquote class=\"wp-embedded-content\" data-secret=\"bHMUcpO8f4\"><a href=\"https:\/\/historiografija.hr\/?p=44652\">Peter Brown, \u201eJourneys of the Mind: A Life in History\u201c<\/a><\/blockquote><iframe loading=\"lazy\" class=\"wp-embedded-content\" sandbox=\"allow-scripts\" security=\"restricted\" style=\"position: absolute; visibility: hidden;\" title=\"&#8220;Peter Brown, \u201eJourneys of the Mind: A Life in History\u201c&#8221; &#8212; Historiografija.hr\" src=\"https:\/\/historiografija.hr\/?p=44652&#038;embed=true#?secret=Ro8bd1oCnM#?secret=bHMUcpO8f4\" data-secret=\"bHMUcpO8f4\" width=\"600\" height=\"338\" frameborder=\"0\" marginwidth=\"0\" marginheight=\"0\" scrolling=\"no\"><\/iframe>\n<\/div><\/figure>\n\n\n\n<hr class=\"wp-block-separator has-alpha-channel-opacity\"\/>\n","protected":false},"excerpt":{"rendered":"","protected":false},"author":2,"featured_media":47908,"comment_status":"open","ping_status":"open","sticky":false,"template":"","format":"standard","meta":{"_acf_changed":false,"jetpack_post_was_ever_published":false,"_jetpack_newsletter_access":"","_jetpack_dont_email_post_to_subs":false,"_jetpack_newsletter_tier_id":0,"_jetpack_memberships_contains_paywalled_content":false,"_jetpack_memberships_contains_paid_content":false,"footnotes":"","jetpack_publicize_message":"","jetpack_publicize_feature_enabled":true,"jetpack_social_post_already_shared":true,"jetpack_social_options":{"image_generator_settings":{"template":"highway","default_image_id":0,"font":"","enabled":false},"version":2}},"categories":[3],"tags":[],"class_list":["post-47907","post","type-post","status-publish","format-standard","has-post-thumbnail","hentry","category-novosti"],"acf":{"facebook_opis":""},"jetpack_publicize_connections":[],"jetpack_featured_media_url":"https:\/\/i0.wp.com\/historiografija.hr\/wp-content\/uploads\/2025\/08\/prbrown.jpg?fit=750%2C743&ssl=1","jetpack_sharing_enabled":true,"jetpack-related-posts":[],"_links":{"self":[{"href":"https:\/\/historiografija.hr\/index.php?rest_route=\/wp\/v2\/posts\/47907","targetHints":{"allow":["GET"]}}],"collection":[{"href":"https:\/\/historiografija.hr\/index.php?rest_route=\/wp\/v2\/posts"}],"about":[{"href":"https:\/\/historiografija.hr\/index.php?rest_route=\/wp\/v2\/types\/post"}],"author":[{"embeddable":true,"href":"https:\/\/historiografija.hr\/index.php?rest_route=\/wp\/v2\/users\/2"}],"replies":[{"embeddable":true,"href":"https:\/\/historiografija.hr\/index.php?rest_route=%2Fwp%2Fv2%2Fcomments&post=47907"}],"version-history":[{"count":1,"href":"https:\/\/historiografija.hr\/index.php?rest_route=\/wp\/v2\/posts\/47907\/revisions"}],"predecessor-version":[{"id":47909,"href":"https:\/\/historiografija.hr\/index.php?rest_route=\/wp\/v2\/posts\/47907\/revisions\/47909"}],"wp:featuredmedia":[{"embeddable":true,"href":"https:\/\/historiografija.hr\/index.php?rest_route=\/wp\/v2\/media\/47908"}],"wp:attachment":[{"href":"https:\/\/historiografija.hr\/index.php?rest_route=%2Fwp%2Fv2%2Fmedia&parent=47907"}],"wp:term":[{"taxonomy":"category","embeddable":true,"href":"https:\/\/historiografija.hr\/index.php?rest_route=%2Fwp%2Fv2%2Fcategories&post=47907"},{"taxonomy":"post_tag","embeddable":true,"href":"https:\/\/historiografija.hr\/index.php?rest_route=%2Fwp%2Fv2%2Ftags&post=47907"}],"curies":[{"name":"wp","href":"https:\/\/api.w.org\/{rel}","templated":true}]}}