{"id":47867,"date":"2025-08-20T14:52:08","date_gmt":"2025-08-20T14:52:08","guid":{"rendered":"https:\/\/historiografija.hr\/?p=47867"},"modified":"2025-08-20T14:54:26","modified_gmt":"2025-08-20T14:54:26","slug":"nevjeruj-pripovjedacu-slucaj-djecjeg-ljecilista-u-krvavici","status":"publish","type":"post","link":"https:\/\/historiografija.hr\/?p=47867","title":{"rendered":"(NE)VJERUJ PRIPOVJEDA\u010cU. SLU\u010cAJ DJE\u010cJEG LJE\u010cILI\u0160TA U KRVAVICI"},"content":{"rendered":"\n<p>Dje\u010dje lje\u010dili\u0161te u Krvavici kod&nbsp;Makarske,&nbsp;arhitekta Rikarda&nbsp;Marasovi\u0107a,&nbsp;kultna je zgrada iz&nbsp;1960-ih, smje\u0161tena na&nbsp;obali&nbsp;Jadrana. Za\u0161ti\u0107eno je nepokretno pojedina\u010dno kulturno dobro i remek-djelo arhitekture kasnog modernizma koje od po\u010detka&nbsp;2000-tih&nbsp;polagano propada. Ova publikacija pri\u010da je o povijesti mjesta, stvarnim i paralelnim \u017eivotima jedne zgrade, originalno namijenjene lije\u010denju djece s respiratornim bolestima. Knjiga donosi interdisciplinarna istra\u017eivanja i tekstove o pro\u0161losti zgrade i samom autoru iz razli\u010ditih rakursa. Publikacijom smo nastojali obuhvatiti protagoniste okupljene oko gra\u0111anskih inicijativa za za\u0161titu i revitalizaciju ovog objekta, kao i stanare zgrade koji ve\u0107 godinama \u017eive u neposrednoj blizini&nbsp;centralnog&nbsp;objekta, \u010dija je sudbina vezana uz njegovu. Naslov publikacije referira se na ambivalentno prepri\u010davanje i (re)artikuliranje recentnih dru\u0161tvenih i osobnih narativa. Ona govori o gubitku dru\u0161tvenog i transformiranju osobnog pam\u0107enja uslijed radikalne dru\u0161tvene promjene te posljedicama tih procesa.<\/p>\n\n\n\n<hr class=\"wp-block-separator has-alpha-channel-opacity\"\/>\n\n\n\n<p>Izvor:<\/p>\n\n\n\n<p><a href=\"https:\/\/www.upi2mbooks.hr\/trgovina\/arhitektura\/arhitekti\/nevjeruj-pripovjedacu-slucaj-djecjeg-ljecilista-u-krvavici\">https:\/\/www.upi2mbooks.hr\/trgovina\/arhitektura\/arhitekti\/nevjeruj-pripovjedacu-slucaj-djecjeg-ljecilista-u-krvavici<\/a><\/p>\n\n\n\n<hr class=\"wp-block-separator has-alpha-channel-opacity\"\/>\n\n\n\n<p>Iz medija:<\/p>\n\n\n\n<p><a href=\"https:\/\/www.telegram.hr\/kultura\/foto-prica-o-propasti-remek-djela-jugoslavenske-arhitekture-nikad-nije-bilo-politicke-volje-da-se-krvavica-obnovi\">https:\/\/www.telegram.hr\/kultura\/foto-prica-o-propasti-remek-djela-jugoslavenske-arhitekture-nikad-nije-bilo-politicke-volje-da-se-krvavica-obnovi<\/a><\/p>\n\n\n\n<p><a href=\"https:\/\/www.portalnovosti.com\/antonia-vodanovic-i-natasa-bodrozic-socijalisticka-arhitektura-svjedoci-o-politikama-koje-danas-izostaju\">https:\/\/www.portalnovosti.com\/antonia-vodanovic-i-natasa-bodrozic-socijalisticka-arhitektura-svjedoci-o-politikama-koje-danas-izostaju<\/a><\/p>\n\n\n\n<p><a href=\"https:\/\/www.portalnovosti.com\/trajna-vrijednost-u-betonu\">https:\/\/www.portalnovosti.com\/trajna-vrijednost-u-betonu<\/a><\/p>\n\n\n\n<p><a href=\"https:\/\/vizkultura.hr\/stvarni-i-paralelni-zivoti-jedne-zgrade\">https:\/\/vizkultura.hr\/stvarni-i-paralelni-zivoti-jedne-zgrade<\/a><\/p>\n\n\n\n<p><a href=\"https:\/\/kulturpunkt.hr\/kritika\/arhiv-jednog-zaborava\">https:\/\/kulturpunkt.hr\/kritika\/arhiv-jednog-zaborava<\/a><\/p>\n\n\n\n<p><a href=\"https:\/\/www.jutarnji.hr\/vijesti\/hrvatska\/misterij-svemirskog-broda-na-jugu-hrvatske-fascinantnu-zgradu-izgradila-je-najprivilegiranija-kasta-drustva-to-je-bilo-sjeme-njene-propasti-15580069\">https:\/\/www.jutarnji.hr\/vijesti\/hrvatska\/misterij-svemirskog-broda-na-jugu-hrvatske-fascinantnu-zgradu-izgradila-je-najprivilegiranija-kasta-drustva-to-je-bilo-sjeme-njene-propasti-15580069<\/a><\/p>\n\n\n\n<hr class=\"wp-block-separator has-alpha-channel-opacity\"\/>\n\n\n\n<p><\/p>\n","protected":false},"excerpt":{"rendered":"","protected":false},"author":2,"featured_media":47870,"comment_status":"open","ping_status":"open","sticky":false,"template":"","format":"standard","meta":{"_acf_changed":false,"jetpack_post_was_ever_published":false,"_jetpack_newsletter_access":"","_jetpack_dont_email_post_to_subs":false,"_jetpack_newsletter_tier_id":0,"_jetpack_memberships_contains_paywalled_content":false,"_jetpack_memberships_contains_paid_content":false,"footnotes":"","jetpack_publicize_message":"","jetpack_publicize_feature_enabled":true,"jetpack_social_post_already_shared":true,"jetpack_social_options":{"image_generator_settings":{"template":"highway","default_image_id":0,"font":"","enabled":false},"version":2}},"categories":[8,3],"tags":[],"class_list":["post-47867","post","type-post","status-publish","format-standard","has-post-thumbnail","hentry","category-knjige","category-novosti"],"acf":{"facebook_opis":""},"jetpack_publicize_connections":[],"jetpack_featured_media_url":"https:\/\/i0.wp.com\/historiografija.hr\/wp-content\/uploads\/2025\/08\/Nevjeruj-pripovjedacu.jpg?fit=2048%2C2560&ssl=1","jetpack_sharing_enabled":true,"jetpack-related-posts":[],"_links":{"self":[{"href":"https:\/\/historiografija.hr\/index.php?rest_route=\/wp\/v2\/posts\/47867","targetHints":{"allow":["GET"]}}],"collection":[{"href":"https:\/\/historiografija.hr\/index.php?rest_route=\/wp\/v2\/posts"}],"about":[{"href":"https:\/\/historiografija.hr\/index.php?rest_route=\/wp\/v2\/types\/post"}],"author":[{"embeddable":true,"href":"https:\/\/historiografija.hr\/index.php?rest_route=\/wp\/v2\/users\/2"}],"replies":[{"embeddable":true,"href":"https:\/\/historiografija.hr\/index.php?rest_route=%2Fwp%2Fv2%2Fcomments&post=47867"}],"version-history":[{"count":2,"href":"https:\/\/historiografija.hr\/index.php?rest_route=\/wp\/v2\/posts\/47867\/revisions"}],"predecessor-version":[{"id":47871,"href":"https:\/\/historiografija.hr\/index.php?rest_route=\/wp\/v2\/posts\/47867\/revisions\/47871"}],"wp:featuredmedia":[{"embeddable":true,"href":"https:\/\/historiografija.hr\/index.php?rest_route=\/wp\/v2\/media\/47870"}],"wp:attachment":[{"href":"https:\/\/historiografija.hr\/index.php?rest_route=%2Fwp%2Fv2%2Fmedia&parent=47867"}],"wp:term":[{"taxonomy":"category","embeddable":true,"href":"https:\/\/historiografija.hr\/index.php?rest_route=%2Fwp%2Fv2%2Fcategories&post=47867"},{"taxonomy":"post_tag","embeddable":true,"href":"https:\/\/historiografija.hr\/index.php?rest_route=%2Fwp%2Fv2%2Ftags&post=47867"}],"curies":[{"name":"wp","href":"https:\/\/api.w.org\/{rel}","templated":true}]}}