{"id":47853,"date":"2025-08-20T14:32:02","date_gmt":"2025-08-20T14:32:02","guid":{"rendered":"https:\/\/historiografija.hr\/?p=47853"},"modified":"2025-08-20T14:32:02","modified_gmt":"2025-08-20T14:32:02","slug":"tjasa-konovsek-slovenska-politicna-tranzicija-1989-2004","status":"publish","type":"post","link":"https:\/\/historiografija.hr\/?p=47853","title":{"rendered":"Tja\u0161a Konov\u0161ek, \u201eSlovenska politi\u010dna tranzicija (1989-2004)\u201c"},"content":{"rendered":"\n<p>Knjiga obravnava histori\u010dni razvoj slovenskega politi\u010dnega prostora med letoma 1989 in 2004. Ta \u010das, imenovan tranzicija, je vsebinsko zamejen z dvema dogodkoma: z za\u010detkom ustavnih sprememb v Sloveniji, ki so vodile v demokratizacijo in pluralizacijo, in s pridru\u017eitvijo Slovenije Evropski uniji. Izhajajo\u010d iz obilice primarnih virov, kot so zapisi parlamentarnih sej, arhivsko in \u010dasopisno gradivo, spomini, znanstveni teksti in raziskave javnega mnenja monografija prikazuje, da je bila slovenska politi\u010dna tranzicija postopna. Gradualizem, ki se je sprva pojavil kot ideja na podro\u010dju slovenskega gospodarstva, je v zgodnjih devetdesetih letih prestopil meje ekonomije ter pre\u0161el na podro\u010dje dr\u017eavne in politi\u010dne aktivnosti kot \u0161ir\u0161a zna\u010dilnost slovenske politi\u010dnega prostora. Pri\u010dujo\u010de delo odgovarja na vpra\u0161anja, katere ideje, prakse, institucije (ali njihovi deli) in posamezniki so v lu\u010di postopnega prehoda ostali aktivni po politi\u010dnem prelomu leta 1989. Sledi njihovemu preoblikovanju, zaznamovanemu z izku\u0161njo socializma, ter s pri\u010dakovanji, ki jih je s sabo prina\u0161ala tranzicija. Posebna pozornost je namenjena tistim delom politi\u010dnega procesa, ki so zajemali (samo)regulacijo politi\u010dnih elit in njihove aktivnosti: razpravam o spreminjanju ustave, oblikovanju in sprejemanju zakonov, oblikovanju koalicij, dolo\u010danju dr\u017eavnega prora\u010duna in procesu slovenskega pridru\u017eevanja Evropski uniji. \u010ceprav je parlament predstavljal osrednjo institucijo, kjer so se odvijali vsi zgoraj na\u0161teti procesi, monografija poleg parlamentarnih sej vklju\u010duje povezovanje parlamenta z ostalimi dr\u017eavnimi institucijami ter z javnostjo.<\/p>\n\n\n\n<hr class=\"wp-block-separator has-alpha-channel-opacity\"\/>\n\n\n\n<p>Avtorji: Tja\u0161a Konov\u0161ek<\/p>\n\n\n\n<p>Leto: 2024<\/p>\n\n\n\n<p>Zalo\u017eniki: In\u0161titut za novej\u0161o zgodovino<\/p>\n\n\n\n<hr class=\"wp-block-separator has-alpha-channel-opacity\"\/>\n\n\n\n<figure class=\"wp-block-embed is-type-wp-embed is-provider-in-titut-za-novej-o-zgodovino wp-block-embed-in-titut-za-novej-o-zgodovino\"><div class=\"wp-block-embed__wrapper\">\n<blockquote class=\"wp-embedded-content\" data-secret=\"pO47AgzdaU\"><a href=\"https:\/\/inz.si\/en\/objava\/slovenska-politicna-tranzicija-1989-2004\/\">Slovenska politi\u010dna tranzicija (1989-2004)<\/a><\/blockquote><iframe loading=\"lazy\" class=\"wp-embedded-content\" sandbox=\"allow-scripts\" security=\"restricted\" style=\"position: absolute; visibility: hidden;\" title=\"&#8220;Slovenska politi\u010dna tranzicija (1989-2004)&#8221; &#8212; In\u0161titut za novej\u0161o zgodovino\" src=\"https:\/\/inz.si\/en\/objava\/slovenska-politicna-tranzicija-1989-2004\/embed\/#?secret=7OE8Caf8or#?secret=pO47AgzdaU\" data-secret=\"pO47AgzdaU\" width=\"600\" height=\"338\" frameborder=\"0\" marginwidth=\"0\" marginheight=\"0\" scrolling=\"no\"><\/iframe>\n<\/div><\/figure>\n\n\n\n<hr class=\"wp-block-separator has-alpha-channel-opacity\"\/>\n","protected":false},"excerpt":{"rendered":"","protected":false},"author":2,"featured_media":47854,"comment_status":"open","ping_status":"open","sticky":false,"template":"","format":"standard","meta":{"_acf_changed":false,"jetpack_post_was_ever_published":false,"_jetpack_newsletter_access":"","_jetpack_dont_email_post_to_subs":false,"_jetpack_newsletter_tier_id":0,"_jetpack_memberships_contains_paywalled_content":false,"_jetpack_memberships_contains_paid_content":false,"footnotes":"","jetpack_publicize_message":"","jetpack_publicize_feature_enabled":true,"jetpack_social_post_already_shared":true,"jetpack_social_options":{"image_generator_settings":{"template":"highway","default_image_id":0,"font":"","enabled":false},"version":2}},"categories":[8,3],"tags":[],"class_list":["post-47853","post","type-post","status-publish","format-standard","has-post-thumbnail","hentry","category-knjige","category-novosti"],"acf":{"facebook_opis":""},"jetpack_publicize_connections":[],"jetpack_featured_media_url":"https:\/\/i0.wp.com\/historiografija.hr\/wp-content\/uploads\/2025\/08\/Tranzicija_2004.png?fit=257%2C400&ssl=1","jetpack_sharing_enabled":true,"jetpack-related-posts":[],"_links":{"self":[{"href":"https:\/\/historiografija.hr\/index.php?rest_route=\/wp\/v2\/posts\/47853","targetHints":{"allow":["GET"]}}],"collection":[{"href":"https:\/\/historiografija.hr\/index.php?rest_route=\/wp\/v2\/posts"}],"about":[{"href":"https:\/\/historiografija.hr\/index.php?rest_route=\/wp\/v2\/types\/post"}],"author":[{"embeddable":true,"href":"https:\/\/historiografija.hr\/index.php?rest_route=\/wp\/v2\/users\/2"}],"replies":[{"embeddable":true,"href":"https:\/\/historiografija.hr\/index.php?rest_route=%2Fwp%2Fv2%2Fcomments&post=47853"}],"version-history":[{"count":1,"href":"https:\/\/historiografija.hr\/index.php?rest_route=\/wp\/v2\/posts\/47853\/revisions"}],"predecessor-version":[{"id":47855,"href":"https:\/\/historiografija.hr\/index.php?rest_route=\/wp\/v2\/posts\/47853\/revisions\/47855"}],"wp:featuredmedia":[{"embeddable":true,"href":"https:\/\/historiografija.hr\/index.php?rest_route=\/wp\/v2\/media\/47854"}],"wp:attachment":[{"href":"https:\/\/historiografija.hr\/index.php?rest_route=%2Fwp%2Fv2%2Fmedia&parent=47853"}],"wp:term":[{"taxonomy":"category","embeddable":true,"href":"https:\/\/historiografija.hr\/index.php?rest_route=%2Fwp%2Fv2%2Fcategories&post=47853"},{"taxonomy":"post_tag","embeddable":true,"href":"https:\/\/historiografija.hr\/index.php?rest_route=%2Fwp%2Fv2%2Ftags&post=47853"}],"curies":[{"name":"wp","href":"https:\/\/api.w.org\/{rel}","templated":true}]}}