{"id":47828,"date":"2025-08-19T15:30:09","date_gmt":"2025-08-19T15:30:09","guid":{"rendered":"https:\/\/historiografija.hr\/?p=47828"},"modified":"2025-08-19T15:30:09","modified_gmt":"2025-08-19T15:30:09","slug":"ivica-sarac-ur-muslimansko-bosnjacko-hrvatski-rat-s-posebnim-osvrtom-na-oruzane-sukobe-i-stradanja-hrvata-u-sredisnjoj-bosni","status":"publish","type":"post","link":"https:\/\/historiografija.hr\/?p=47828","title":{"rendered":"Ivica \u0160arac (ur.), \u201eMUSLIMANSKO (BO\u0160NJA\u010cKO)-HRVATSKI RAT: s posebnim osvrtom na oru\u017eane sukobe i stradanja Hrvata u sredi\u0161njoj Bosni\u201c"},"content":{"rendered":"\n<p>Znanstveni doga\u0111aj u lipnju 2023. godine, posve\u0107en temi &#8220;Muslimansko\/bo\u0161nja\u010dko-hrvatski rat s posebnim osvrtom na oru\u017eane sukobe i stradanja u sredi\u0161njoj Bosni 1993. godine,&#8221; odr\u017ean je kao interdisciplinarna konferencija koja je okupila povjesni\u010dare, politologe, pravne stru\u010dnjake i sociologe. Cilj skupa bio je analizirati i raspraviti kompleksne uzroke, tijek i posljedice sukoba izme\u0111u Armije Republike Bosne i Hercegovine (ARBiH) i Hrvatskog vije\u0107a obrane (HVO) s naglaskom na doga\u0111aje koji su obilje\u017eili sredi\u0161nju Bosnu. Sudionici konferencije raspravljali su o vojno-politi\u010dkim, etni\u010dkim i dru\u0161tvenim faktorima koji su pridonijeli eskalaciji sukoba u toj regiji. Godina 1993. posebno je bila u fokusu zbog intenzivnih borbi, koje su uklju\u010divale masovne \u017ertve me\u0111u civilnim stanovni\u0161tvom i ozbiljna kr\u0161enja ljudskih prava. Analizirani su klju\u010dni incidenti poput masakra u Ahmi\u0107ima, gdje su snage HVO-a po\u010dinile zlo\u010dine nad bo\u0161nja\u010dkim civilima, ali i slu\u010dajevi (\u2026)<\/p>\n\n\n\n<hr class=\"wp-block-separator has-alpha-channel-opacity\"\/>\n\n\n\n<p>Godina izdanja: 2024<\/p>\n\n\n\n<p>Broj stranica: 528<\/p>\n\n\n\n<p>Nakladnik: Hrvatski dokumentacijski centar Domovinskog rata u BiH<\/p>\n\n\n\n<hr class=\"wp-block-separator has-alpha-channel-opacity\"\/>\n\n\n\n<p>Izvor:<\/p>\n\n\n\n<p><a href=\"https:\/\/www.knjizara-dominovic.hr\/muslimansko-bosnjacko-hrvatski-rat-s-posebni-osvrtom-na-oruzane-sukobu-i-stradanja-hrvata-u-sredisnjoj-bosni-proizvod-54489\">https:\/\/www.knjizara-dominovic.hr\/muslimansko-bosnjacko-hrvatski-rat-s-posebni-osvrtom-na-oruzane-sukobu-i-stradanja-hrvata-u-sredisnjoj-bosni-proizvod-54489<\/a><\/p>\n\n\n\n<hr class=\"wp-block-separator has-alpha-channel-opacity\"\/>\n","protected":false},"excerpt":{"rendered":"","protected":false},"author":2,"featured_media":47829,"comment_status":"open","ping_status":"open","sticky":false,"template":"","format":"standard","meta":{"_acf_changed":false,"jetpack_post_was_ever_published":false,"_jetpack_newsletter_access":"","_jetpack_dont_email_post_to_subs":false,"_jetpack_newsletter_tier_id":0,"_jetpack_memberships_contains_paywalled_content":false,"_jetpack_memberships_contains_paid_content":false,"footnotes":"","jetpack_publicize_message":"","jetpack_publicize_feature_enabled":true,"jetpack_social_post_already_shared":true,"jetpack_social_options":{"image_generator_settings":{"template":"highway","default_image_id":0,"font":"","enabled":false},"version":2}},"categories":[8,3],"tags":[],"class_list":["post-47828","post","type-post","status-publish","format-standard","has-post-thumbnail","hentry","category-knjige","category-novosti"],"acf":{"facebook_opis":""},"jetpack_publicize_connections":[],"jetpack_featured_media_url":"https:\/\/i0.wp.com\/historiografija.hr\/wp-content\/uploads\/2025\/08\/Sarac.jpg?fit=420%2C610&ssl=1","jetpack_sharing_enabled":true,"jetpack-related-posts":[],"_links":{"self":[{"href":"https:\/\/historiografija.hr\/index.php?rest_route=\/wp\/v2\/posts\/47828","targetHints":{"allow":["GET"]}}],"collection":[{"href":"https:\/\/historiografija.hr\/index.php?rest_route=\/wp\/v2\/posts"}],"about":[{"href":"https:\/\/historiografija.hr\/index.php?rest_route=\/wp\/v2\/types\/post"}],"author":[{"embeddable":true,"href":"https:\/\/historiografija.hr\/index.php?rest_route=\/wp\/v2\/users\/2"}],"replies":[{"embeddable":true,"href":"https:\/\/historiografija.hr\/index.php?rest_route=%2Fwp%2Fv2%2Fcomments&post=47828"}],"version-history":[{"count":1,"href":"https:\/\/historiografija.hr\/index.php?rest_route=\/wp\/v2\/posts\/47828\/revisions"}],"predecessor-version":[{"id":47830,"href":"https:\/\/historiografija.hr\/index.php?rest_route=\/wp\/v2\/posts\/47828\/revisions\/47830"}],"wp:featuredmedia":[{"embeddable":true,"href":"https:\/\/historiografija.hr\/index.php?rest_route=\/wp\/v2\/media\/47829"}],"wp:attachment":[{"href":"https:\/\/historiografija.hr\/index.php?rest_route=%2Fwp%2Fv2%2Fmedia&parent=47828"}],"wp:term":[{"taxonomy":"category","embeddable":true,"href":"https:\/\/historiografija.hr\/index.php?rest_route=%2Fwp%2Fv2%2Fcategories&post=47828"},{"taxonomy":"post_tag","embeddable":true,"href":"https:\/\/historiografija.hr\/index.php?rest_route=%2Fwp%2Fv2%2Ftags&post=47828"}],"curies":[{"name":"wp","href":"https:\/\/api.w.org\/{rel}","templated":true}]}}