{"id":47775,"date":"2025-08-14T14:00:47","date_gmt":"2025-08-14T14:00:47","guid":{"rendered":"https:\/\/historiografija.hr\/?p=47775"},"modified":"2025-08-14T14:03:37","modified_gmt":"2025-08-14T14:03:37","slug":"sasa-vukovic-nega-fare-kaj-je-sobocka-opcina-i-zupa-mala-subotica","status":"publish","type":"post","link":"https:\/\/historiografija.hr\/?p=47775","title":{"rendered":"Sa\u0161a Vukovi\u0107, \u201eNega fare kaj je Sobo\u010dka. Op\u0107ina i \u017dupa Mala Subotica\u201c"},"content":{"rendered":"\n<p><strong>Iz \u201eUvodne rije\u010di autora\u201c<\/strong><\/p>\n\n\n\n<p><em>Struktura djela slijedi uobi\u010dajeni sustav op\u0107inskih monografija \u2013 u prvom djelu knjige tako nudimo detaljan pregled pro\u0161losti ovog podru\u010dja podijeljen na najva\u017enija razdoblja, da bi drugi dio bio posve\u0107en zasebnim tematskim cjelinama o svemu onome \u0161to je svakodnevicu mje\u0161tana na\u0161ih sela nekada \u010dinilo i danas \u010dini potpunom \u2013 gospodarstvu, \u0161kolstvu, kulturnom i sportskom \u017eivotu te radu mnogobrojnih udruga itd. Naravno, posebna je pa\u017enja posve\u0107ena i povijesti malosuboti\u010dke \u017eupe, odnosno bogatoj ba\u0161tini sakralne arhitekture i umjetnosti na na\u0161em podru\u010dju.<\/em><\/p>\n\n\n\n<hr class=\"wp-block-separator has-alpha-channel-opacity\"\/>\n\n\n\n<p><strong>Predstavljanje monografije<\/strong><\/p>\n\n\n\n<p>U sklopu ovogodi\u0161njih dana&nbsp;Op\u0107ine&nbsp; Mala Subotica&nbsp;u srijedu,&nbsp;9. srpnja, u malosuboti\u010dkom&nbsp;Domu kulture&nbsp;odr\u017eano je sve\u010dano predstavljanje nove op\u0107inske i \u017eupne monografije \u201eNega fare kaj je sobo\u010dka\u201c&nbsp;autora&nbsp;Sa\u0161e Vukovi\u0107a, okupiv\u0161i vi\u0161e od stotinu mje\u0161tana op\u0107ine, ali i ostalih krajeva&nbsp;Me\u0111imurja i Hrvatske.<\/p>\n\n\n\n<hr class=\"wp-block-separator has-alpha-channel-opacity\"\/>\n\n\n\n<p><strong>Uvid u povijest i budu\u0107nost<\/strong><\/p>\n\n\n\n<p>Na prvu op\u0107insku i \u017eupnu monografiju, objavljenu 1997. godine, detaljnije se osvrnuo dosada\u0161nji predsjednik Op\u0107inskog vije\u0107a Mladen Kri\u017eai\u0107, naglasiv\u0161i napredak Op\u0107ine Mala Subotica u svim pogledima tijekom proteklih tridesetak godina. Iz crkvene perspektive osvrt na pro\u0161lost ovog podru\u010dja i sakralne spomenike na podru\u010dju \u017dupe Ro\u0111enja Bla\u017eene Djevice Marije okupljenima je ukratko dao i \u017eupnik Tomislav Kos.<\/p>\n\n\n\n<p>U sredi\u0161njem dijelu predstavljanja, urednik monografije \u201eNega fare kaj je sobo\u010dka\u201c Zoran Turk, ujedno predsjednik \u010dakove\u010dkog Ogranka Matice hrvatske, detaljno je prikazao autorov \u017eivotopis, istaknuv\u0161i posebice njegov dosada\u0161nji opus. Kona\u010dno, Sa\u0161a Vukovi\u0107 u svom se izlaganju dotaknuo razloga za pisanje nove monografije, kao i novih mogu\u0107nosti dostupnih suvremenom povjesni\u010daru koje omogu\u0107uju konzultiranje i obradu znatno \u0161ire lepeze povijesnih izvora. Nakon kra\u0107eg osvrta na sadr\u017eaj knjige, obra\u0107anje je zavr\u0161io zahvalama svima uklju\u010denima u realizaciju projekta.<\/p>\n\n\n\n<p>Glazbenim nastupom \u2013 izvedbom pjesama \u201eSobotica moja mala\u201c i \u201eMe\u0111imurje, kak si lepo zeleno\u201c \u2013 ve\u010der su upotpunili \u010dlanovi doma\u0107eg Tambura\u0161kog sastava \u201eFrikovi\u201c, dok je o interesu publike za novu op\u0107insku monografiju najbolje posvjedo\u010dio duga\u010dak red formiran za autorovo potpisivanje dobivenih primjeraka.<\/p>\n\n\n\n<hr class=\"wp-block-separator has-alpha-channel-opacity\"\/>\n\n\n\n<p><strong>O autoru<\/strong><\/p>\n\n\n\n<p><strong>Sa\u0161a Vukovi\u0107 <\/strong>rodio se 1996. godine u \u010cakovcu. Od ro\u0111enja \u017eivi u Benkovcu, u Maloj Subotici. Osnovnu \u0161kolu poha\u0111ao je u Maloj Subotici, a gimnaziju u \u010cakovcu. Vode\u0107i se glavnim podru\u010djima interesa, 2015. godine upisuje dvopredmetni preddiplomsko studij arheologije i povijesti na Filozofskom Sveu\u010dili\u0161tu u Zagrebu. Stekav\u0161i naslov sveu\u010dili\u0161nog prvostupnika, upisuje diplomski studij Moderne i suvremene povijesti (19. i 20. stolje\u0107e), na kojem diplomira 2021. godine s temom \u201eList &#8216;Murak\u00f6z &#8211; Medjimurje&#8217; kao sredstvo ma\u0111arizacije u razdoblju od 1884. do 1914. godine\u201c.<\/p>\n\n\n\n<p>Tijekom studija vi\u0161egodi\u0161nji je \u010dlan uredni\u0161tva \u010dasopisa studenata povijesti <em>Pro tempore <\/em>(u 15. broju glavni urednik), odnosno portala <em>Povcast<\/em> pokrenutog s ciljem popularizacije povijesti i \u0161irenja spoznaja o recentnim istra\u017eivanjima na podru\u010dju humanistike. Nastavljaju\u0107i s potonjim, trenutno djeluje i kao pomo\u0107ni urednik \u201eHrvatskoga kajakavskog kolendara\u201c, odnosno glavni urednik \u201eNa\u0161eg listeka\u201c, informativnog glasila Op\u0107ine Mala Subotice. Od lipnja 2023. godine voditelj je ureda Ogranka Matice hrvatske u \u010cakovcu. \u010clan je centra za istra\u017eivanje Me\u0111imurja i vlasnik Obrta za povijesna istra\u017eivanja \u201eVeterum Sapientia\u201c. \u0160irokog je raspona interesa, s naglaskom na kritiku suvremenog dru\u0161tva, crkvenu povijest i pro\u0161lost Me\u0111imurja.<\/p>\n\n\n\n<hr class=\"wp-block-separator has-alpha-channel-opacity\"\/>\n\n\n\n<p><strong>Nakladnici<\/strong>: Op\u0107ina Mala Subotica<\/p>\n\n\n\n<p><strong>Sunakladnik<\/strong>: Ogranak Matice hrvatske u \u010cakovcu<\/p>\n\n\n\n<p><strong>Godina izdanja<\/strong>: 2025.<\/p>\n\n\n\n<p><strong>Broj stranica<\/strong>: 415<\/p>\n\n\n\n<hr class=\"wp-block-separator has-alpha-channel-opacity\"\/>\n\n\n\n<p>Dodatne obavijesti:\u00a0<\/p>\n\n\n\n<figure class=\"wp-block-embed is-type-wp-embed is-provider-mnovine-hr wp-block-embed-mnovine-hr\"><div class=\"wp-block-embed__wrapper\">\n<blockquote class=\"wp-embedded-content\" data-secret=\"0Opi3bgHNn\"><a href=\"https:\/\/www.mnovine.hr\/medimurje\/drustvo\/predstavljena-nova-monografija-nega-fare-kaj-je-sobocka-u-maloj-subotici\/\">Predstavljena nova monografija &#8220;Nega fare kaj je sobo\u010dka&#8221; u Maloj Subotici<\/a><\/blockquote><iframe loading=\"lazy\" class=\"wp-embedded-content\" sandbox=\"allow-scripts\" security=\"restricted\" style=\"position: absolute; visibility: hidden;\" title=\"&#8220;Predstavljena nova monografija &#8220;Nega fare kaj je sobo\u010dka&#8221; u Maloj Subotici&#8221; &#8212; mnovine.hr\" src=\"https:\/\/www.mnovine.hr\/medimurje\/drustvo\/predstavljena-nova-monografija-nega-fare-kaj-je-sobocka-u-maloj-subotici\/embed\/#?secret=BuZyFJkPWx#?secret=0Opi3bgHNn\" data-secret=\"0Opi3bgHNn\" width=\"600\" height=\"338\" frameborder=\"0\" marginwidth=\"0\" marginheight=\"0\" scrolling=\"no\"><\/iframe>\n<\/div><\/figure>\n\n\n\n<hr class=\"wp-block-separator has-alpha-channel-opacity\"\/>\n","protected":false},"excerpt":{"rendered":"","protected":false},"author":2,"featured_media":47776,"comment_status":"open","ping_status":"open","sticky":false,"template":"","format":"standard","meta":{"_acf_changed":false,"jetpack_post_was_ever_published":false,"_jetpack_newsletter_access":"","_jetpack_dont_email_post_to_subs":false,"_jetpack_newsletter_tier_id":0,"_jetpack_memberships_contains_paywalled_content":false,"_jetpack_memberships_contains_paid_content":false,"footnotes":"","jetpack_publicize_message":"","jetpack_publicize_feature_enabled":true,"jetpack_social_post_already_shared":true,"jetpack_social_options":{"image_generator_settings":{"template":"highway","default_image_id":0,"font":"","enabled":false},"version":2}},"categories":[8,3],"tags":[],"class_list":["post-47775","post","type-post","status-publish","format-standard","has-post-thumbnail","hentry","category-knjige","category-novosti"],"acf":{"facebook_opis":""},"jetpack_publicize_connections":[],"jetpack_featured_media_url":"https:\/\/i0.wp.com\/historiografija.hr\/wp-content\/uploads\/2025\/08\/mala-subotica.jpg?fit=949%2C1100&ssl=1","jetpack_sharing_enabled":true,"jetpack-related-posts":[{"id":52616,"url":"https:\/\/historiografija.hr\/?p=52616","url_meta":{"origin":47775,"position":0},"title":"No\u0107 knjige 2026.","author":"Branimir Jankovi\u0107","date":"22. travnja 2026.","format":false,"excerpt":"Slavljeni\u010dka 15. No\u0107 knjige odr\u017eat \u0107e se 23. travnja diljem Hrvatske u povodu Svjetskog dana knjige i autorskih prava te Dana hrvatske knjige. S vi\u0161e od 1.000 prijavljenih programa i akcija s pravom nosi epitet najmasovnije doma\u0107e kulturne manifestacije, a ove \u0107e godine prote\u0107i u znaku mira, razumijevanja, tolerancije, srodnosti\u2026","rel":"","context":"U &quot;Novosti&quot;","block_context":{"text":"Novosti","link":"https:\/\/historiografija.hr\/?cat=3"},"img":{"alt_text":"","src":"https:\/\/i0.wp.com\/historiografija.hr\/wp-content\/uploads\/2026\/04\/noc_knjige_2026.jpg?fit=680%2C276&ssl=1&resize=350%2C200","width":350,"height":200,"srcset":"https:\/\/i0.wp.com\/historiografija.hr\/wp-content\/uploads\/2026\/04\/noc_knjige_2026.jpg?fit=680%2C276&ssl=1&resize=350%2C200 1x, https:\/\/i0.wp.com\/historiografija.hr\/wp-content\/uploads\/2026\/04\/noc_knjige_2026.jpg?fit=680%2C276&ssl=1&resize=525%2C300 1.5x"},"classes":[]},{"id":52528,"url":"https:\/\/historiografija.hr\/?p=52528","url_meta":{"origin":47775,"position":1},"title":"[Promocija knjige] Banja Luka u ratu: Etnopolitika i svakodnevica (1990\u20131995) (ActiveLab, YugoLab)","author":"Branimir Jankovi\u0107","date":"17. travnja 2026.","format":false,"excerpt":"Institut za filozofiju i dru\u0161tvenu teoriju i O\u0161tra Nula organizuju promociju knjige Banja Luka u ratu: Etnopolitika i svakodnevica (1990\u20131995) autorke Armine Galija\u0161, koja \u0107e se odr\u017eati 20. aprila 2026. u 12.00 sati u prostorijama Instituta (Kraljice Natalije 45, Beograd). Re\u010d je o prvom nau\u010dno utemeljenom i sistematskom radu koji\u2026","rel":"","context":"U &quot;Novosti&quot;","block_context":{"text":"Novosti","link":"https:\/\/historiografija.hr\/?cat=3"},"img":{"alt_text":"","src":"https:\/\/i0.wp.com\/historiografija.hr\/wp-content\/uploads\/2026\/04\/20-april-RS.jpg?fit=1200%2C675&ssl=1&resize=350%2C200","width":350,"height":200,"srcset":"https:\/\/i0.wp.com\/historiografija.hr\/wp-content\/uploads\/2026\/04\/20-april-RS.jpg?fit=1200%2C675&ssl=1&resize=350%2C200 1x, https:\/\/i0.wp.com\/historiografija.hr\/wp-content\/uploads\/2026\/04\/20-april-RS.jpg?fit=1200%2C675&ssl=1&resize=525%2C300 1.5x, https:\/\/i0.wp.com\/historiografija.hr\/wp-content\/uploads\/2026\/04\/20-april-RS.jpg?fit=1200%2C675&ssl=1&resize=700%2C400 2x, https:\/\/i0.wp.com\/historiografija.hr\/wp-content\/uploads\/2026\/04\/20-april-RS.jpg?fit=1200%2C675&ssl=1&resize=1050%2C600 3x"},"classes":[]},{"id":52520,"url":"https:\/\/historiografija.hr\/?p=52520","url_meta":{"origin":47775,"position":2},"title":"Predstavljanje knjige &#8220;Socialist Economics in Yugoslavia: A Critical History&#8221; u Zagrebu","author":"Branimir Jankovi\u0107","date":"17. travnja 2026.","format":false,"excerpt":"Pozivamo vas na predstavljanje knjige \"Socialist Economics in Yugoslavia: A Critical History\", autora Mislava \u00a0\u017ditka i Marka Grde\u0161i\u0107a (Routledge, 2026). Na predstavljanju \u0107e govoriti Branko Milanovi\u0107 (CUNY), Milica Uvali\u0107 (EUI), Zdravko Petak (FPZG) te autori.\u00a0 Predstavljanje \u0107e se odr\u017eati u srijedu 22. travnja u 16:00 sati na Fakultetu politi\u010dkih znanosti\u2026","rel":"","context":"U &quot;Novosti&quot;","block_context":{"text":"Novosti","link":"https:\/\/historiografija.hr\/?cat=3"},"img":{"alt_text":"","src":"https:\/\/i0.wp.com\/historiografija.hr\/wp-content\/uploads\/2026\/04\/Poziv-na-predstavljanje.png?fit=800%2C652&ssl=1&resize=350%2C200","width":350,"height":200,"srcset":"https:\/\/i0.wp.com\/historiografija.hr\/wp-content\/uploads\/2026\/04\/Poziv-na-predstavljanje.png?fit=800%2C652&ssl=1&resize=350%2C200 1x, https:\/\/i0.wp.com\/historiografija.hr\/wp-content\/uploads\/2026\/04\/Poziv-na-predstavljanje.png?fit=800%2C652&ssl=1&resize=525%2C300 1.5x, https:\/\/i0.wp.com\/historiografija.hr\/wp-content\/uploads\/2026\/04\/Poziv-na-predstavljanje.png?fit=800%2C652&ssl=1&resize=700%2C400 2x"},"classes":[]},{"id":52603,"url":"https:\/\/historiografija.hr\/?p=52603","url_meta":{"origin":47775,"position":3},"title":"No\u0107 knjige: Carska i kraljevska kuhinja","author":"Branimir Jankovi\u0107","date":"22. travnja 2026.","format":false,"excerpt":"Pozivamo vas da nam se pridru\u017eite 23. travnja 2026. u 18 sati u obilje\u017eavanju No\u0107i knjige u Pivnici Bobi&Rudi na Trgu Ivana Me\u0161trovi\u0107a u Zapru\u0111u u Zagrebu gdje uz kavu \u010ditamo recepte iz zemalja Austro-Ugarske Monarhije iz knjige Carska i kraljevska kuhinja, autora Roberta Mak\u0142owicza, u prijevodu Damira Agi\u010di\u0107a. Izvor:\u2026","rel":"","context":"U &quot;Novosti&quot;","block_context":{"text":"Novosti","link":"https:\/\/historiografija.hr\/?cat=3"},"img":{"alt_text":"","src":"https:\/\/i0.wp.com\/historiografija.hr\/wp-content\/uploads\/2026\/04\/Noc-knjige-Carska-i-kraljevska.jpg?fit=1200%2C1200&ssl=1&resize=350%2C200","width":350,"height":200,"srcset":"https:\/\/i0.wp.com\/historiografija.hr\/wp-content\/uploads\/2026\/04\/Noc-knjige-Carska-i-kraljevska.jpg?fit=1200%2C1200&ssl=1&resize=350%2C200 1x, https:\/\/i0.wp.com\/historiografija.hr\/wp-content\/uploads\/2026\/04\/Noc-knjige-Carska-i-kraljevska.jpg?fit=1200%2C1200&ssl=1&resize=525%2C300 1.5x, https:\/\/i0.wp.com\/historiografija.hr\/wp-content\/uploads\/2026\/04\/Noc-knjige-Carska-i-kraljevska.jpg?fit=1200%2C1200&ssl=1&resize=700%2C400 2x, https:\/\/i0.wp.com\/historiografija.hr\/wp-content\/uploads\/2026\/04\/Noc-knjige-Carska-i-kraljevska.jpg?fit=1200%2C1200&ssl=1&resize=1050%2C600 3x"},"classes":[]},{"id":52651,"url":"https:\/\/historiografija.hr\/?p=52651","url_meta":{"origin":47775,"position":4},"title":"Promocija knjige Emira O. Filipovi\u0107a \u201cVite\u0161tvo u srednjovjekovnoj Bosni\u201d u Sarajevu","author":"Branimir Jankovi\u0107","date":"24. travnja 2026.","format":false,"excerpt":"Knji\u017eevni korner poziva na promociju knjige Emira O. Filipovi\u0107a \u201cVite\u0161tvo u srednjovjekovnoj Bosni\u201d koja \u0107e se odr\u017eati u srijedu, 29. aprila 2026. u 18 sati u Evropskoj ku\u0107i kulture i nacionalnih manjina (Austrijska ku\u0107a) u Sarajevu. Na promociji \u0107e govoriti Mirsad Sijari\u0107, Ema Mazrak i autor, a moderirat \u0107e Nikola\u2026","rel":"","context":"U &quot;Novosti&quot;","block_context":{"text":"Novosti","link":"https:\/\/historiografija.hr\/?cat=3"},"img":{"alt_text":"","src":"https:\/\/i0.wp.com\/historiografija.hr\/wp-content\/uploads\/2026\/04\/Vitestvo.jpg?fit=1080%2C565&ssl=1&resize=350%2C200","width":350,"height":200,"srcset":"https:\/\/i0.wp.com\/historiografija.hr\/wp-content\/uploads\/2026\/04\/Vitestvo.jpg?fit=1080%2C565&ssl=1&resize=350%2C200 1x, https:\/\/i0.wp.com\/historiografija.hr\/wp-content\/uploads\/2026\/04\/Vitestvo.jpg?fit=1080%2C565&ssl=1&resize=525%2C300 1.5x, https:\/\/i0.wp.com\/historiografija.hr\/wp-content\/uploads\/2026\/04\/Vitestvo.jpg?fit=1080%2C565&ssl=1&resize=700%2C400 2x, https:\/\/i0.wp.com\/historiografija.hr\/wp-content\/uploads\/2026\/04\/Vitestvo.jpg?fit=1080%2C565&ssl=1&resize=1050%2C600 3x"},"classes":[]},{"id":52592,"url":"https:\/\/historiografija.hr\/?p=52592","url_meta":{"origin":47775,"position":5},"title":"Predstavljanje knjige &#8220;Turska ku\u0107a u Rijeci&#8221; u Zagrebu","author":"Branimir Jankovi\u0107","date":"22. travnja 2026.","format":false,"excerpt":"U prostorijama Turskog kulturnog centra Yunus Emre u Zagrebu, u utorak 21. travnja 2026. godine, odr\u017eano je sve\u010dano predstavljanje dopunjenog izdanja knjige Turska ku\u0107a u Rijeci, u organizaciji Hrvatsko-turskog dru\u0161tva Rijeka i partnerstvu sa Skupinom prijateljstva Hrvatska-Turska Hrvatskog sabora, Veleposlanstvom Republike Turske u Republici Hrvatskoj te Turskim kulturnim centrom Yunus\u2026","rel":"","context":"U &quot;Novosti&quot;","block_context":{"text":"Novosti","link":"https:\/\/historiografija.hr\/?cat=3"},"img":{"alt_text":"","src":"https:\/\/i0.wp.com\/historiografija.hr\/wp-content\/uploads\/2026\/04\/Turska-kuca-ZG.jpg?fit=1200%2C800&ssl=1&resize=350%2C200","width":350,"height":200,"srcset":"https:\/\/i0.wp.com\/historiografija.hr\/wp-content\/uploads\/2026\/04\/Turska-kuca-ZG.jpg?fit=1200%2C800&ssl=1&resize=350%2C200 1x, https:\/\/i0.wp.com\/historiografija.hr\/wp-content\/uploads\/2026\/04\/Turska-kuca-ZG.jpg?fit=1200%2C800&ssl=1&resize=525%2C300 1.5x, https:\/\/i0.wp.com\/historiografija.hr\/wp-content\/uploads\/2026\/04\/Turska-kuca-ZG.jpg?fit=1200%2C800&ssl=1&resize=700%2C400 2x, https:\/\/i0.wp.com\/historiografija.hr\/wp-content\/uploads\/2026\/04\/Turska-kuca-ZG.jpg?fit=1200%2C800&ssl=1&resize=1050%2C600 3x"},"classes":[]}],"_links":{"self":[{"href":"https:\/\/historiografija.hr\/index.php?rest_route=\/wp\/v2\/posts\/47775","targetHints":{"allow":["GET"]}}],"collection":[{"href":"https:\/\/historiografija.hr\/index.php?rest_route=\/wp\/v2\/posts"}],"about":[{"href":"https:\/\/historiografija.hr\/index.php?rest_route=\/wp\/v2\/types\/post"}],"author":[{"embeddable":true,"href":"https:\/\/historiografija.hr\/index.php?rest_route=\/wp\/v2\/users\/2"}],"replies":[{"embeddable":true,"href":"https:\/\/historiografija.hr\/index.php?rest_route=%2Fwp%2Fv2%2Fcomments&post=47775"}],"version-history":[{"count":4,"href":"https:\/\/historiografija.hr\/index.php?rest_route=\/wp\/v2\/posts\/47775\/revisions"}],"predecessor-version":[{"id":47780,"href":"https:\/\/historiografija.hr\/index.php?rest_route=\/wp\/v2\/posts\/47775\/revisions\/47780"}],"wp:featuredmedia":[{"embeddable":true,"href":"https:\/\/historiografija.hr\/index.php?rest_route=\/wp\/v2\/media\/47776"}],"wp:attachment":[{"href":"https:\/\/historiografija.hr\/index.php?rest_route=%2Fwp%2Fv2%2Fmedia&parent=47775"}],"wp:term":[{"taxonomy":"category","embeddable":true,"href":"https:\/\/historiografija.hr\/index.php?rest_route=%2Fwp%2Fv2%2Fcategories&post=47775"},{"taxonomy":"post_tag","embeddable":true,"href":"https:\/\/historiografija.hr\/index.php?rest_route=%2Fwp%2Fv2%2Ftags&post=47775"}],"curies":[{"name":"wp","href":"https:\/\/api.w.org\/{rel}","templated":true}]}}