{"id":47768,"date":"2025-08-14T13:51:32","date_gmt":"2025-08-14T13:51:32","guid":{"rendered":"https:\/\/historiografija.hr\/?p=47768"},"modified":"2025-08-14T13:53:15","modified_gmt":"2025-08-14T13:53:15","slug":"vine-mihaljevic-lijecnik-i-kirurg-fra-mihovil-sucic-1820-1865-iz-padovanske-perspektive","status":"publish","type":"post","link":"https:\/\/historiografija.hr\/?p=47768","title":{"rendered":"Vine Mihaljevi\u0107, \u201eLije\u010dnik i kirurg FRA MIHOVIL SU\u010cI\u0106 (1820. \u2013 1865.) \u2013 iz padovanske perspektive\u201c"},"content":{"rendered":"\n<p><strong>Iz recenzija<\/strong><\/p>\n\n\n\n<p>Znanstveni doprinos ovoga izvornoga znanstvenog djela svoju znanstvenu i stru\u010dnu relevantnost crpi iz vi\u0161e \u010dimbenika i potvr\u0111uje s vi\u0161e aspekata, pri \u010demu su izdvojena dva. Autor se bavi likom i djelom fra Mihovila Su\u010di\u0107a i na osobit na\u010din njegovim lije\u010dni\u010dkim djelovanjem u bosanskoj franjeva\u010dkoj provinciji Bosni Srebrenoj, a na temelju izvorne arhivske gra\u0111e govori i o njegovom filozofsko-teolo\u0161kom studiju u Veneciji i studiju medicine i kirurgije u Padovi, odabrav\u0161i \u201cmleta\u010dku\u201c, ali ponajprije \u201cpadovansku perspektivu\u201c kako bi vremenskim slijedom istra\u017eio boravak fra Mihovila Su\u010di\u0107a u Italiji, to jest boravak u Veneciji u franjeva\u010dkom samostanu S. Francesco della Vigna i filozofsko-teolo\u0161ki studij u Veneciji (1838.\u20141845.) te studij medicine i kirurgije i boravak kod Reda milosrdne bra\u0107e sv. Ivana od Boga Fatebenefratelli u Padovi (1845.\u20141851.). Rije\u010d je o studiji koja na sustavan na\u010din \u2014 detaljno i temeljito, argumentirano i vjerodostojno, na temelju izvornih dokumenata \u2014 predstavlja i analizira va\u017enu temu vezanu za \u017eivot i djelovanje lije\u010dnika i kirurga fra Mihovila Su\u010di\u0107a.<br>Znanstveni doprinos ovoga djela ogleda se i u prou\u010davanju izvorne mleta\u010dke, padovanske i rimske arhivske gra\u0111e koja svjedo\u010di o boravku fra Mihovila Su\u010di\u0107a u Italiji. Podnaslov koji upu\u0107uje na \u201cpadovansku perspektivu\u201c pogleda na njegov \u017eivot i studij medicine na Sveu\u010dili\u0161tu u Padovi autor znanstveno opravdava \u010dinjenicom da je fra Mihovil prepoznatljiv i veoma zna\u010dajan upravo po tome \u0161to je prvi bosanski franjevac Bosne Srebrene iz Sarajeva zavr\u0161io studij medicine i kirurgije u Padovi, a da pri tome nije umanjen njegov filozofsko-teolo\u0161ki studij u Veneciji. Stoga se iz te \u201cpadovanske perspektive\u201c mo\u017ee razumjeti \u201cnjegovo suvremeno medicinsko obrazovanje, franjeva\u010dki apostolat te zdravstveno, medicinsko poslanje u franjeva\u010dkoj provinciji Bosni Srebrenoj kako u pro\u0161losti tako i u sada\u0161njosti\u201c. \u2013 prof. dr. sc. <strong>Danijel LABA\u0160<\/strong><\/p>\n\n\n\n<p>Fra Mihovil Su\u010di\u0107 zoran je primjer kako su se franjevci Bosne Srebrene bavili ne samo du\u0161obri\u017eni\u0161tvom i pastoralnom djelatno\u0161\u0107u nego i prakti\u010dnim disciplinama, medicinom i ranarni\u0161tvom (kirurgijom). Ovo je prvi cjelovit i sustavan znanstveni rad o bosanskome franjevcu, sve\u0107eniku koji je \u201cuzet iz naroda i za narod\u201c obavljao ne samo pastoralno-teolo\u0161ku slu\u017ebu, nego i prakti\u010dno djelovao lije\u010de\u0107i potrebite i poma\u017eu\u0107i potrebitima svojim medicinskim radom i stru\u010dnim znanjem ste\u010denim na presti\u017enom i svjetski poznatome Medicinskom fakultetu u Padovi. \u2013 prof. dr. sc. <strong>Stipe TADI\u0106<\/strong><\/p>\n\n\n\n<hr class=\"wp-block-separator has-alpha-channel-opacity\"\/>\n\n\n\n<p><strong>Nakladnik<\/strong>: Institut dru\u0161tvenih znanosti Ivo Pilar<\/p>\n\n\n\n<p><strong>Godina izdanja<\/strong>: 2024.<\/p>\n\n\n\n<p><strong>Broj stranica<\/strong>: 184<\/p>\n\n\n\n<hr class=\"wp-block-separator has-alpha-channel-opacity\"\/>\n\n\n\n<p>Izvor: <a href=\"https:\/\/www.pilar.hr\/2025\/05\/objavljena-studija-vine-mihaljevica-lijecnik-i-kirurg-fra-mihovil-sucic-1820-1865-iz-padovanske-perspektive\/#rec\">https:\/\/www.pilar.hr\/2025\/05\/objavljena-studija-vine-mihaljevica-lijecnik-i-kirurg-fra-mihovil-sucic-1820-1865-iz-padovanske-perspektive\/#rec<\/a><\/p>\n\n\n\n<hr class=\"wp-block-separator has-alpha-channel-opacity\"\/>\n\n\n\n<p>Sadr\u017eaj: <a href=\"https:\/\/www.pilar.hr\/wp-content\/uploads\/2025\/05\/FraMihovil-sadrzaj.pdf\">https:\/\/www.pilar.hr\/wp-content\/uploads\/2025\/05\/FraMihovil-sadrzaj.pdf<\/a><\/p>\n\n\n\n<p>Uvod: <a href=\"https:\/\/www.pilar.hr\/wp-content\/uploads\/2025\/05\/FraMihovil-uvod.pdf\">https:\/\/www.pilar.hr\/wp-content\/uploads\/2025\/05\/FraMihovil-uvod.pdf<\/a> <\/p>\n\n\n\n<p>Sa\u017eetak: <a href=\"https:\/\/www.pilar.hr\/wp-content\/uploads\/2025\/05\/FraMihovil-sazetak.pdf\">https:\/\/www.pilar.hr\/wp-content\/uploads\/2025\/05\/FraMihovil-sazetak.pdf<\/a><\/p>\n\n\n\n<hr class=\"wp-block-separator has-alpha-channel-opacity\"\/>\n\n\n\n<p><\/p>\n","protected":false},"excerpt":{"rendered":"","protected":false},"author":2,"featured_media":47769,"comment_status":"open","ping_status":"open","sticky":false,"template":"","format":"standard","meta":{"_acf_changed":false,"jetpack_post_was_ever_published":false,"_jetpack_newsletter_access":"","_jetpack_dont_email_post_to_subs":false,"_jetpack_newsletter_tier_id":0,"_jetpack_memberships_contains_paywalled_content":false,"_jetpack_memberships_contains_paid_content":false,"footnotes":"","jetpack_publicize_message":"","jetpack_publicize_feature_enabled":true,"jetpack_social_post_already_shared":true,"jetpack_social_options":{"image_generator_settings":{"template":"highway","default_image_id":0,"font":"","enabled":false},"version":2}},"categories":[8,3],"tags":[],"class_list":["post-47768","post","type-post","status-publish","format-standard","has-post-thumbnail","hentry","category-knjige","category-novosti"],"acf":{"facebook_opis":""},"jetpack_publicize_connections":[],"jetpack_featured_media_url":"https:\/\/i0.wp.com\/historiografija.hr\/wp-content\/uploads\/2025\/08\/Fra-Mihovil-Sucic.jpg?fit=498%2C708&ssl=1","jetpack_sharing_enabled":true,"jetpack-related-posts":[],"_links":{"self":[{"href":"https:\/\/historiografija.hr\/index.php?rest_route=\/wp\/v2\/posts\/47768","targetHints":{"allow":["GET"]}}],"collection":[{"href":"https:\/\/historiografija.hr\/index.php?rest_route=\/wp\/v2\/posts"}],"about":[{"href":"https:\/\/historiografija.hr\/index.php?rest_route=\/wp\/v2\/types\/post"}],"author":[{"embeddable":true,"href":"https:\/\/historiografija.hr\/index.php?rest_route=\/wp\/v2\/users\/2"}],"replies":[{"embeddable":true,"href":"https:\/\/historiografija.hr\/index.php?rest_route=%2Fwp%2Fv2%2Fcomments&post=47768"}],"version-history":[{"count":3,"href":"https:\/\/historiografija.hr\/index.php?rest_route=\/wp\/v2\/posts\/47768\/revisions"}],"predecessor-version":[{"id":47772,"href":"https:\/\/historiografija.hr\/index.php?rest_route=\/wp\/v2\/posts\/47768\/revisions\/47772"}],"wp:featuredmedia":[{"embeddable":true,"href":"https:\/\/historiografija.hr\/index.php?rest_route=\/wp\/v2\/media\/47769"}],"wp:attachment":[{"href":"https:\/\/historiografija.hr\/index.php?rest_route=%2Fwp%2Fv2%2Fmedia&parent=47768"}],"wp:term":[{"taxonomy":"category","embeddable":true,"href":"https:\/\/historiografija.hr\/index.php?rest_route=%2Fwp%2Fv2%2Fcategories&post=47768"},{"taxonomy":"post_tag","embeddable":true,"href":"https:\/\/historiografija.hr\/index.php?rest_route=%2Fwp%2Fv2%2Ftags&post=47768"}],"curies":[{"name":"wp","href":"https:\/\/api.w.org\/{rel}","templated":true}]}}