{"id":47725,"date":"2025-08-12T13:28:11","date_gmt":"2025-08-12T13:28:11","guid":{"rendered":"https:\/\/historiografija.hr\/?p=47725"},"modified":"2025-08-12T13:28:11","modified_gmt":"2025-08-12T13:28:11","slug":"noa-tishby-izrael-jednostavan-vodic-kroz-najneshvaceniju-zemlju-na-svijetu","status":"publish","type":"post","link":"https:\/\/historiografija.hr\/?p=47725","title":{"rendered":"Noa Tishby, \u201eIzrael. Jednostavan vodi\u010d kroz najneshva\u0107eniju zemlju na svijetu\u201c"},"content":{"rendered":"\n<p>Malena bliskoisto\u010dna zemlja godinama je nepresu\u0161na tema rasprava.<\/p>\n\n\n\n<p><br>Baratali informacijama ili ne, ispada da o Izraelu svi imaju neko mi\u0161ljenje. No koliko se ljudi upustilo u istra\u017eivanje teme i informiranje prije nego \u0161to su formirali svoj \u010dvrsti stav, kakav god on bio?<\/p>\n\n\n\n<p><br>Poznata i nagra\u0111ivana glumica i producentica Noa Tishby nudi nam osvje\u017eenu sliku, iz svih perspektiva, pu\u0161ta svoj neposredni, privla\u010dan i pomalo neobi\u010dan glas, stvaraju\u0107i pristupa\u010dan i dinami\u010dan portret te nevjerojatno va\u017ene malene zemlje.<\/p>\n\n\n\n<p><br>Kombiniraju\u0107i isje\u010dke iz povijesti i duboko osobne pri\u010de, autorica bilje\u017ei evoluciju svoje domovine, po\u010dev\u0161i od biblijskih vremena, preko Prvog svjetskog rata do stvaranja Izraela i stvarnih sporova koji ga i danas dijele.<\/p>\n\n\n\n<hr class=\"wp-block-separator has-alpha-channel-opacity\"\/>\n\n\n\n<p>Autor: Noa Tishby<\/p>\n\n\n\n<p>Broj stranica: 328<\/p>\n\n\n\n<p>Godina izdanja: 2023.<\/p>\n\n\n\n<p>Izdava\u010d: Fokus komunikacije d.o.o.<\/p>\n\n\n\n<p>Prijevod: Igor Rendi\u0107<\/p>\n\n\n\n<p>\u017danr: Publicistika<\/p>\n\n\n\n<hr class=\"wp-block-separator has-alpha-channel-opacity\"\/>\n\n\n\n<p>Izvor:<\/p>\n\n\n\n<figure class=\"wp-block-embed is-type-wp-embed is-provider-fokusnahit wp-block-embed-fokusnahit\"><div class=\"wp-block-embed__wrapper\">\n<blockquote class=\"wp-embedded-content\" data-secret=\"scFDhYTAaH\"><a href=\"https:\/\/fokusnahit.com\/proizvod\/izrael\/\">Izrael<\/a><\/blockquote><iframe loading=\"lazy\" class=\"wp-embedded-content\" sandbox=\"allow-scripts\" security=\"restricted\" style=\"position: absolute; visibility: hidden;\" title=\"&#8220;Izrael&#8221; &#8212; FokusNaHit!\" src=\"https:\/\/fokusnahit.com\/proizvod\/izrael\/embed\/#?secret=WFb2RfeZdg#?secret=scFDhYTAaH\" data-secret=\"scFDhYTAaH\" width=\"600\" height=\"338\" frameborder=\"0\" marginwidth=\"0\" marginheight=\"0\" scrolling=\"no\"><\/iframe>\n<\/div><\/figure>\n\n\n\n<hr class=\"wp-block-separator has-alpha-channel-opacity\"\/>\n","protected":false},"excerpt":{"rendered":"","protected":false},"author":2,"featured_media":47726,"comment_status":"open","ping_status":"open","sticky":false,"template":"","format":"standard","meta":{"_acf_changed":false,"jetpack_post_was_ever_published":false,"_jetpack_newsletter_access":"","_jetpack_dont_email_post_to_subs":false,"_jetpack_newsletter_tier_id":0,"_jetpack_memberships_contains_paywalled_content":false,"_jetpack_memberships_contains_paid_content":false,"footnotes":"","jetpack_publicize_message":"","jetpack_publicize_feature_enabled":true,"jetpack_social_post_already_shared":true,"jetpack_social_options":{"image_generator_settings":{"template":"highway","default_image_id":0,"font":"","enabled":false},"version":2}},"categories":[8,3],"tags":[],"class_list":["post-47725","post","type-post","status-publish","format-standard","has-post-thumbnail","hentry","category-knjige","category-novosti"],"acf":{"facebook_opis":""},"jetpack_publicize_connections":[],"jetpack_featured_media_url":"https:\/\/i0.wp.com\/historiografija.hr\/wp-content\/uploads\/2025\/08\/Izrael_knjiga.jpg?fit=361%2C500&ssl=1","jetpack_sharing_enabled":true,"jetpack-related-posts":[],"_links":{"self":[{"href":"https:\/\/historiografija.hr\/index.php?rest_route=\/wp\/v2\/posts\/47725","targetHints":{"allow":["GET"]}}],"collection":[{"href":"https:\/\/historiografija.hr\/index.php?rest_route=\/wp\/v2\/posts"}],"about":[{"href":"https:\/\/historiografija.hr\/index.php?rest_route=\/wp\/v2\/types\/post"}],"author":[{"embeddable":true,"href":"https:\/\/historiografija.hr\/index.php?rest_route=\/wp\/v2\/users\/2"}],"replies":[{"embeddable":true,"href":"https:\/\/historiografija.hr\/index.php?rest_route=%2Fwp%2Fv2%2Fcomments&post=47725"}],"version-history":[{"count":1,"href":"https:\/\/historiografija.hr\/index.php?rest_route=\/wp\/v2\/posts\/47725\/revisions"}],"predecessor-version":[{"id":47727,"href":"https:\/\/historiografija.hr\/index.php?rest_route=\/wp\/v2\/posts\/47725\/revisions\/47727"}],"wp:featuredmedia":[{"embeddable":true,"href":"https:\/\/historiografija.hr\/index.php?rest_route=\/wp\/v2\/media\/47726"}],"wp:attachment":[{"href":"https:\/\/historiografija.hr\/index.php?rest_route=%2Fwp%2Fv2%2Fmedia&parent=47725"}],"wp:term":[{"taxonomy":"category","embeddable":true,"href":"https:\/\/historiografija.hr\/index.php?rest_route=%2Fwp%2Fv2%2Fcategories&post=47725"},{"taxonomy":"post_tag","embeddable":true,"href":"https:\/\/historiografija.hr\/index.php?rest_route=%2Fwp%2Fv2%2Ftags&post=47725"}],"curies":[{"name":"wp","href":"https:\/\/api.w.org\/{rel}","templated":true}]}}