{"id":47719,"date":"2025-08-11T11:27:51","date_gmt":"2025-08-11T11:27:51","guid":{"rendered":"https:\/\/historiografija.hr\/?p=47719"},"modified":"2025-08-11T11:27:51","modified_gmt":"2025-08-11T11:27:51","slug":"alberto-toscano-kasni-fasizam","status":"publish","type":"post","link":"https:\/\/historiografija.hr\/?p=47719","title":{"rendered":"Alberto Toscano, \u201eKasni fa\u0161izam\u201c"},"content":{"rendered":"\n<p>\u201eMo\u017eemo li govoriti o fa\u0161izmu prije fa\u0161izma? Alberto Toscano vjeruje da mo\u017eemo. U svojem dobro informiranom iskapanju debata iz raznih dijelova 20. stolje\u0107a on o\u017eivljava pitanja koja su jo\u0161 uvijek bez odgovora, o mjestu zatvora, tr\u017ei\u0161ta i spava\u0107e sobe u teorijama o fa\u0161izmu. Tako\u0111er nas podsje\u0107a da upitamo \u010dega se kasni fa\u0161izam boji. \u0160to poku\u0161ava sprije\u010diti? Tako prou\u010davanje fa\u0161izma postaje neizravna obnova potisnutih i zaboravljenih utopija \u2013 svjetiljka u mrkloj no\u0107i.\u201c<\/p>\n\n\n\n<p>Quinn Slobodian, autor knjige The Globalists<\/p>\n\n\n\n<p>\u201eToscano u ovoj knjizi zastupa tezu da stare kontrolne liste kriterija za identificiranje i razumijevanje suvremenog fa\u0161izma danas vi\u0161e ne va\u017ee. Da bismo shvatili njegove dana\u0161nje pojavne oblike, moramo \u010ditati autore i autorice crna\u010dke radikalne tradicije i kriti\u010dkih etni\u010dkih studija. Sa svojom karakteristi\u010dnom erudicijom Toscano kombinira inovativno \u010ditanje zapadnog marksizma s pronicavim interpretacijama genealogija antirasizma. Ovo je nezaobilazna knjiga u uznemiruju\u0107em vremenu.\u201c<\/p>\n\n\n\n<p>Roderick A. Ferguson, Yale University<\/p>\n\n\n\n<p>\u201e<em>Kasni fa\u0161izam<\/em>&nbsp;je izvrsna, o\u0161tra i pravodobna knjiga. Pro\u017eivljavamo moment kada rije\u010d na \u201ef\u201d vi\u0161e nije tabu a prijetnja fa\u0161izma \u010du\u010di posvuda. A ipak, tako smo zaglibjeli u debate o definicijama, tipologijama i analogijama da nam razumijevanje fa\u0161izma izmi\u010de. Alberto Toscano toj zamki izmi\u010de okre\u0107u\u0107i se&nbsp; antifa\u0161isti\u010dkim misliteljicama i misliocima, \u010diji nas temelji u antikolonijalnim, antirasisti\u010dkim i antikapitalisti\u010dkim borbama podsje\u0107a da liberalizam nije neprijatelj fa\u0161izma, a fa\u0161izam cvjeta u stakleniku kapitalizma.\u201c<\/p>\n\n\n\n<p>Robin D. G. Kelley, autor knjige&nbsp;<em>Freedom Dreams: The Black Radical Imagination<\/em><\/p>\n\n\n\n<hr class=\"wp-block-separator has-alpha-channel-opacity\"\/>\n\n\n\n<p>Broj stranica: 204<\/p>\n\n\n\n<p>Godina izdanja: 2024<\/p>\n\n\n\n<hr class=\"wp-block-separator has-alpha-channel-opacity\"\/>\n\n\n\n<p>Izvor: <a href=\"https:\/\/www.agm.hr\/hr\/shop\/kasni-fasizam,1141.html\">https:\/\/www.agm.hr\/hr\/shop\/kasni-fasizam,1141.html<\/a><\/p>\n\n\n\n<hr class=\"wp-block-separator has-alpha-channel-opacity\"\/>\n","protected":false},"excerpt":{"rendered":"","protected":false},"author":2,"featured_media":47720,"comment_status":"open","ping_status":"open","sticky":false,"template":"","format":"standard","meta":{"_acf_changed":false,"jetpack_post_was_ever_published":false,"_jetpack_newsletter_access":"","_jetpack_dont_email_post_to_subs":false,"_jetpack_newsletter_tier_id":0,"_jetpack_memberships_contains_paywalled_content":false,"_jetpack_memberships_contains_paid_content":false,"footnotes":"","jetpack_publicize_message":"","jetpack_publicize_feature_enabled":true,"jetpack_social_post_already_shared":true,"jetpack_social_options":{"image_generator_settings":{"template":"highway","default_image_id":0,"font":"","enabled":false},"version":2}},"categories":[8,3],"tags":[],"class_list":["post-47719","post","type-post","status-publish","format-standard","has-post-thumbnail","hentry","category-knjige","category-novosti"],"acf":{"facebook_opis":""},"jetpack_publicize_connections":[],"jetpack_featured_media_url":"https:\/\/i0.wp.com\/historiografija.hr\/wp-content\/uploads\/2025\/08\/Toscano-Kasni-fasizam-naslovnica.jpg?fit=2560%2C1698&ssl=1","jetpack_sharing_enabled":true,"jetpack-related-posts":[],"_links":{"self":[{"href":"https:\/\/historiografija.hr\/index.php?rest_route=\/wp\/v2\/posts\/47719","targetHints":{"allow":["GET"]}}],"collection":[{"href":"https:\/\/historiografija.hr\/index.php?rest_route=\/wp\/v2\/posts"}],"about":[{"href":"https:\/\/historiografija.hr\/index.php?rest_route=\/wp\/v2\/types\/post"}],"author":[{"embeddable":true,"href":"https:\/\/historiografija.hr\/index.php?rest_route=\/wp\/v2\/users\/2"}],"replies":[{"embeddable":true,"href":"https:\/\/historiografija.hr\/index.php?rest_route=%2Fwp%2Fv2%2Fcomments&post=47719"}],"version-history":[{"count":1,"href":"https:\/\/historiografija.hr\/index.php?rest_route=\/wp\/v2\/posts\/47719\/revisions"}],"predecessor-version":[{"id":47721,"href":"https:\/\/historiografija.hr\/index.php?rest_route=\/wp\/v2\/posts\/47719\/revisions\/47721"}],"wp:featuredmedia":[{"embeddable":true,"href":"https:\/\/historiografija.hr\/index.php?rest_route=\/wp\/v2\/media\/47720"}],"wp:attachment":[{"href":"https:\/\/historiografija.hr\/index.php?rest_route=%2Fwp%2Fv2%2Fmedia&parent=47719"}],"wp:term":[{"taxonomy":"category","embeddable":true,"href":"https:\/\/historiografija.hr\/index.php?rest_route=%2Fwp%2Fv2%2Fcategories&post=47719"},{"taxonomy":"post_tag","embeddable":true,"href":"https:\/\/historiografija.hr\/index.php?rest_route=%2Fwp%2Fv2%2Ftags&post=47719"}],"curies":[{"name":"wp","href":"https:\/\/api.w.org\/{rel}","templated":true}]}}