{"id":4771,"date":"2017-06-08T12:15:41","date_gmt":"2017-06-08T12:15:41","guid":{"rendered":"http:\/\/historiografija.hr\/?p=4771"},"modified":"2017-06-08T12:16:04","modified_gmt":"2017-06-08T12:16:04","slug":"predstavljanje-drugog-izdanja-prijevoda-montaigneovih-eseja","status":"publish","type":"post","link":"https:\/\/historiografija.hr\/?p=4771","title":{"rendered":"Predstavljanje drugog izdanja prijevoda Montaigneovih &#8220;Eseja&#8221;"},"content":{"rendered":"<p>U ponedjeljak, 12. lipnja 2017. u 12 sati u Hrvatskoj akademiji znanosti i umjetnosti u Zagrebu.<\/p>\n<p>&nbsp;<\/p>\n<p>&#8212;<\/p>\n<p>&nbsp;<\/p>\n<p>HRVATSKA AKADEMIJA ZNANOSTI I UMJETNOSTI<\/p>\n<p>RAZRED ZA FILOLO\u0160KE ZNANOSTI<\/p>\n<p>&nbsp;<\/p>\n<p>organizira i poziva Vas na<\/p>\n<p>obilje\u017eavanje 10. obljetnice smrti akademika Vojmira Vinje i<\/p>\n<p>predstavljanje izdanja njegova prijevoda Montaigneovih &#8220;Eseja&#8221;<\/p>\n<p>&nbsp;<\/p>\n<p>u ponedjeljak, 12. lipnja s po\u010detkom u 12 sati<\/p>\n<p>u velikoj dvorani pala\u010de Hrvatske akademije znanosti i umjetnosti<\/p>\n<p>Trg Nikole \u0160ubi\u0107a Zrinskog 11, Zagreb<\/p>\n<p>&nbsp;<\/p>\n<p>Hrvatska akademija znanosti i umjetnosti \u0107e u ponedjeljak, 12. lipnja s po\u010detkom u 12 sati u velikoj dvorani pala\u010de na Trgu Nikole \u0160ubi\u0107a Zrinskog 11 u Zagreb obilje\u017eiti 10. obljetnicu smrti akademika Vojmira Vinje, prilikom \u010dega \u0107e biti predstavljeno drugo izdanja njegova prijevoda Montaigneovih &#8220;Eseja&#8221;.<\/p>\n<p>&nbsp;<\/p>\n<p>Na sve\u010danosti \u0107e govoriti akademik August Kova\u010dec o Vojmiru Vinji kao romanistu, prof. dr. Nikola Vuleti\u0107 (Centar za jadranska onomasti\u010dka istra\u017eivanja Sveu\u010dili\u0161ta u Zadru) o Vinjinim jadranskim etimologijama i morskom jezi\u010dnom znaku, akademik Darko Novakovi\u0107 o Montaigneu i renesansi te urednik Josip Panduri\u0107 o drugom izdanje Montaigneovih &#8220;Eseja&#8221;.<\/p>\n<p>&nbsp;<\/p>\n<p>Izdava\u010dka ku\u0107a Disput upravo je objavila drugo izdanje &#8220;Eseja&#8221; Michela de Montaignea u prijevodu pok. akademika Vojmira Vinje. To troknji\u017eje objavljuje se deset godina nakon njegova prvotnog hrvatskog izdanja u sklopu &#8220;Sabranih djela Michela de Montaignea&#8221; (Disput, 2007) i deset godina od smrti prevoditelja Vojmira Vinje (Dubrovnik, 12. studenoga 1921. \u2013 Zagreb, 15. lipnja 2007), istaknutoga hrvatskog lingvista, romanista i prevoditelja. Izdava\u010d je za to izdanje dobio &#8220;Nagradu Josip Juraj Strossmayer&#8221; za najuspje\u0161niji izdava\u010dki pothvat 2007. godine s podru\u010dja humanisti\u010dkih znanosti.<\/p>\n<p>&nbsp;<\/p>\n<p>U riznici svjetske knji\u017eevnosti, posebice u grani\u010dnom podru\u010dju koje ona dijeli s tradicijom filozofskog mi\u0161ljenja, djelo Michela de Montaignea (1533-1592) zauzima prijelomno i stoga nezaobilazno mjesto. Svojim Esejima (prvo izdanje: Bordeaux 1580), koje je kasnija kriti\u010dka recepcija atribuirala djelom epohe, Montaigne je utemeljio odnosno kanonizirao novi knji\u017eevni oblik: po naslovu njegovih lucidnih razmatranja kasnije je nazvan cijeli jedan knji\u017eevni \u017eanr. Svojim na\u010dinom pisanja Montaigne se svrstava me\u0111u klju\u010dne pionire epohalnog zaokreta u zapadnoj kulturi, koji je donio nov na\u010din promi\u0161ljanja subjektivnoga, i koji se danas op\u0107enito smatra jednom od najva\u017enijih zna\u010dajki moderne \u0161to je nicala u renesansi. Danas ga analiti\u010dari stavljaju uz bok W. Shakespeareu i N. Machiavelliju, u red velikana renesanse koji su izvr\u0161ili najzna\u010dajniji utjecaj na razvoj modernog mi\u0161ljenja.<\/p>\n<p>&nbsp;<\/p>\n<p>Akad. Vojmir VINJA (Dubrovnik, 12.XI.1921.-Zagreb, 15.VI.2007.). Od 1947., nakon diplome, pa do umirovljenja 1989. predavao je na Filozofskom fakultetu na Katedri za francuski jezik i na Katedri za romansku lingvistiku. Nakon umirovljenja svojega u\u010ditelja Petra Skoka (g. 1951.), osim pomnog i dugoro\u010dno planiranoga predavanja lingvisti\u010dkih kolegija (prvenstveno iz romanske lingvistike i iz povijesti francuskoga jezika), posebno se posvetio prou\u010davanju romansko-slavenskih (ponajprije romansko-hrvatskih) jezi\u010dnih dodira. No za razliku od svojega u\u010ditelja koji je romansko-slavenske jezi\u010dne kontakte prou\u010davao na podru\u010dju cijele jugoisto\u010dne Europe i Balkanskoga poluotoka, akad. Vinja usredoto\u010dio se na prou\u010davanje romanizama na Jadranskoj obali i otocima, ali s ciljem da ta prou\u010davanja produbi i metodolo\u0161ki obnovi. Akad. Vinja jedan je od prvih na\u0161ih lingvista koji je uo\u010dio va\u017enost pouzdane teoretske podloge i metodologije u lingvisti\u010dkom prou\u010davanju pa je za studente romanistike ve\u0107 po\u010detkom 1950-ih godina uveo u nastavu teme iz op\u0107e lingvistike, lingvisti\u010dke geografije, semantike, posebice Saussureove jezi\u010dne teorija i strukturalizma. Kolegije iz op\u0107e lingvistike predavao je i na poslijediplomskim studijima lingvistike u Zagrebu (bio je i jedan od njihovih osniva\u010da) i u Dubrovniku. U prikupljanju i tuma\u010denju jezi\u010dne gra\u0111e s obala Jadrana slu\u017eio se metodologijom lingvisti\u010dke geografije, a u tuma\u010denju razvitka rije\u010di posebno vodio brigu o pomnoj i sustavnoj njihovoj semanti\u010dkoj analizi (usp. npr. Jadranska faune. Etimologija i struktura naziva, I-II, Zagreb-Split, 1986; Jadranske etimologije, I-IV, Zagreb, 1998.-2016.). Uz studij francuskoga i talijanskoga jezika i knji\u017eevnosti, utemeljio je i organizirao studij \u0161panjolskoga jezika i knji\u017eevnosti (te za nj pripremio i objavio temeljne priru\u010dnike), a poticao je i osnutak punog studija rumunjskoga i portugalskoga. Odgojio je niz nara\u0161taja romanista i lingvista koji djeluju ponajprije na sveu\u010dili\u0161tima u Zagrebu, u Zadru i u Puli nastavljaju\u0107i njegova istra\u017eivanja. Osim prijevoda kapitalnih djela iz op\u0107e lingvistike (F. De Saussure, E. Benveniste), ostvario je i nekoliko prvorazrednih prijevoda knji\u017eevnih djela s romanskih jezika i s latinskoga.<\/p>\n<p>Me\u0111u kapitalne prinose akad. V. Vinje spada i njegov majstorski prijevod sabranih Montaigneovih djela (objavljeno 2007.), od kojih se upravo ovih dana objavljuje i drugo izdanje Montaigneovih \u201eOgleda\/Eseja\u201c u tri knjige. Montaigneovi \u201eEseji\u201c obuhva\u0107aju 107 poglavlja, razdjela, tj. ogleda, koje je on pisao iz dana u dan (stalno ih dopunjuju\u0107i, ali ne i ispravljaju\u0107i) ra\u0161\u010dlanjuju\u0107i pojavnosti na koje je nailazio u svakodnevnom \u017eivotu i u lektirama, nastoje\u0107i ih rasvijetliti iz razli\u010ditih stajali\u0161ta. Njegovi ogledi prepuni su reminiscencija i citata iz klasi\u010dnih knji\u017eevnosti (klasi\u010dnu gr\u010dku i rimsku knji\u017eevnost, povijest i filozofiju izvrsno je poznavao i stalno \u010ditao djela iz tih razdoblja, osobito djela pjesnika, povjesni\u010dara i moralista). Iz djela klasi\u010dnih knji\u017eevnosti uzima mnogobrojne primjere kako bi mogao usporediti svoje iskustvo i potkrijepiti svoje misli. To je djelo koje se po svojoj strukturi opire analizi i sa\u017eimanju, koje oslikava njegova razmi\u0161ljanja o raznorodnim pojavama iz dana u dan, koje nije pisano ni prema kakvu unaprijed zadanom ili stvorenom planu, u kojem naslovi razdjela nerijetko samo hirovito navje\u0161\u0107uju sadr\u017eaj (jer, prema Montaigneu, ljudska misao jedva mo\u017ee okrznuti sadr\u017eaj, a istina je neuhvatljiva) postalo je vrhunski prauzorak za jednu knji\u017eevnu vrstu \u2013esej\/ogled \u2013 do danas. U svojim \u201eEsejima\/Ogledima\u201c Montaigne ne \u017eeli dijeliti lekcije \u010ditatelju, nego ga poziva da s njim pro\u017eivi zapa\u017eanja, poku\u0161aje i razmi\u0161ljanja. Oni su njegov unutarnji dnevnik i psiholo\u0161ke uspomene u tra\u017eenju mudrosti i istine.<\/p>\n<p>Srda\u010dno Vas pozdravljamo, zahvaljujemo na suradnji i o\u010dekujemo Va\u0161 dolazak.<\/p>\n<p>Ured za odnose s javno\u0161\u0107u i medije HAZU<\/p>\n<p>Gordana Poletto Ru\u017ei\u0107<\/p>\n<p>&nbsp;<\/p>\n<p>Izvor: <a href=\"http:\/\/info.hazu.hr\/\">http:\/\/info.hazu.hr\/<\/a><\/p>\n<p>&nbsp;<\/p>\n","protected":false},"excerpt":{"rendered":"","protected":false},"author":2,"featured_media":4772,"comment_status":"open","ping_status":"open","sticky":false,"template":"","format":"standard","meta":{"_acf_changed":false,"jetpack_post_was_ever_published":false,"_jetpack_newsletter_access":"","_jetpack_dont_email_post_to_subs":false,"_jetpack_newsletter_tier_id":0,"_jetpack_memberships_contains_paywalled_content":false,"_jetpack_memberships_contains_paid_content":false,"footnotes":"","jetpack_publicize_message":"","jetpack_publicize_feature_enabled":true,"jetpack_social_post_already_shared":true,"jetpack_social_options":{"image_generator_settings":{"template":"highway","default_image_id":0,"font":"","enabled":false},"version":2}},"categories":[3],"tags":[],"class_list":["post-4771","post","type-post","status-publish","format-standard","has-post-thumbnail","hentry","category-novosti"],"acf":{"facebook_opis":""},"jetpack_publicize_connections":[],"jetpack_featured_media_url":"https:\/\/i0.wp.com\/historiografija.hr\/wp-content\/uploads\/2017\/06\/montaigne_komplet.jpg?fit=451%2C570&ssl=1","jetpack_sharing_enabled":true,"jetpack-related-posts":[{"id":52578,"url":"https:\/\/historiografija.hr\/?p=52578","url_meta":{"origin":4771,"position":0},"title":"Poziv za sudjelovanje: XXII. Dani Julija Bene\u0161i\u0107a u Iloku","author":"Branimir Jankovi\u0107","date":"21. travnja 2026.","format":false,"excerpt":"Zavod za lingvisti\u010dka istra\u017eivanja Hrvatske akademije znanosti i umjetnosti, zajedno s Muzejom grada Iloka, organizira XXII. Dane Julija Bene\u0161i\u0107a, koji \u0107e se odr\u017eati od 28. do 30. listopada 2026. u Iloku.\u00a0Teme ovogodi\u0161njih Dana podijeljene su u dvije cjeline: Knji\u017eevno-jezikoslovni d\u00ecv\u0101n s Bene\u0161i\u0107em te Ilok i Srijem u povijesnim stalnicama i\u2026","rel":"","context":"U &quot;Novosti&quot;","block_context":{"text":"Novosti","link":"https:\/\/historiografija.hr\/?cat=3"},"img":{"alt_text":"","src":"https:\/\/i0.wp.com\/historiografija.hr\/wp-content\/uploads\/2019\/10\/HE2_Benesic.jpg?fit=413%2C591&ssl=1&resize=350%2C200","width":350,"height":200},"classes":[]},{"id":52520,"url":"https:\/\/historiografija.hr\/?p=52520","url_meta":{"origin":4771,"position":1},"title":"Predstavljanje knjige &#8220;Socialist Economics in Yugoslavia: A Critical History&#8221; u Zagrebu","author":"Branimir Jankovi\u0107","date":"17. travnja 2026.","format":false,"excerpt":"Pozivamo vas na predstavljanje knjige \"Socialist Economics in Yugoslavia: A Critical History\", autora Mislava \u00a0\u017ditka i Marka Grde\u0161i\u0107a (Routledge, 2026). Na predstavljanju \u0107e govoriti Branko Milanovi\u0107 (CUNY), Milica Uvali\u0107 (EUI), Zdravko Petak (FPZG) te autori.\u00a0 Predstavljanje \u0107e se odr\u017eati u srijedu 22. travnja u 16:00 sati na Fakultetu politi\u010dkih znanosti\u2026","rel":"","context":"U &quot;Novosti&quot;","block_context":{"text":"Novosti","link":"https:\/\/historiografija.hr\/?cat=3"},"img":{"alt_text":"","src":"https:\/\/i0.wp.com\/historiografija.hr\/wp-content\/uploads\/2026\/04\/Poziv-na-predstavljanje.png?fit=800%2C652&ssl=1&resize=350%2C200","width":350,"height":200,"srcset":"https:\/\/i0.wp.com\/historiografija.hr\/wp-content\/uploads\/2026\/04\/Poziv-na-predstavljanje.png?fit=800%2C652&ssl=1&resize=350%2C200 1x, https:\/\/i0.wp.com\/historiografija.hr\/wp-content\/uploads\/2026\/04\/Poziv-na-predstavljanje.png?fit=800%2C652&ssl=1&resize=525%2C300 1.5x, https:\/\/i0.wp.com\/historiografija.hr\/wp-content\/uploads\/2026\/04\/Poziv-na-predstavljanje.png?fit=800%2C652&ssl=1&resize=700%2C400 2x"},"classes":[]},{"id":52563,"url":"https:\/\/historiografija.hr\/?p=52563","url_meta":{"origin":4771,"position":2},"title":"Predavanje Nenada Fabijani\u0107a o stadionu Poljud u Splitu","author":"Branimir Jankovi\u0107","date":"21. travnja 2026.","format":false,"excerpt":"Znanstveno vije\u0107e za arhitekturu, urbanizam i ure\u0111enje prostora Hrvatske akademije znanosti i umjetnosti organizira predavanje \u201cPo Poljudu\u201d koje \u0107e u srijedu 22. travnja 2026. s po\u010detkom u 14 sati u Knji\u017enici HAZU, Strossmayerov trg 14 u Zagrebu, odr\u017eati\u00a0prof. emerit. dr. art. Nenad Fabijani\u0107,\u00a0\u010dlan suradnik HAZU. Predavanje \u201ePo Poljudu\u201c (Projekt obnove)\u2026","rel":"","context":"U &quot;Novosti&quot;","block_context":{"text":"Novosti","link":"https:\/\/historiografija.hr\/?cat=3"},"img":{"alt_text":"","src":"https:\/\/i0.wp.com\/historiografija.hr\/wp-content\/uploads\/2026\/04\/Poljud-scaled.jpeg?fit=1200%2C800&ssl=1&resize=350%2C200","width":350,"height":200,"srcset":"https:\/\/i0.wp.com\/historiografija.hr\/wp-content\/uploads\/2026\/04\/Poljud-scaled.jpeg?fit=1200%2C800&ssl=1&resize=350%2C200 1x, https:\/\/i0.wp.com\/historiografija.hr\/wp-content\/uploads\/2026\/04\/Poljud-scaled.jpeg?fit=1200%2C800&ssl=1&resize=525%2C300 1.5x, https:\/\/i0.wp.com\/historiografija.hr\/wp-content\/uploads\/2026\/04\/Poljud-scaled.jpeg?fit=1200%2C800&ssl=1&resize=700%2C400 2x, https:\/\/i0.wp.com\/historiografija.hr\/wp-content\/uploads\/2026\/04\/Poljud-scaled.jpeg?fit=1200%2C800&ssl=1&resize=1050%2C600 3x"},"classes":[]},{"id":52666,"url":"https:\/\/historiografija.hr\/?p=52666","url_meta":{"origin":4771,"position":3},"title":"Najava programa Festivala povijesti Kliofest (5-8. V. 2026)","author":"Branimir Jankovi\u0107","date":"24. travnja 2026.","format":false,"excerpt":"Po trinaesti put odr\u017eava se Festival povijesti Kliofest! Do petka \u0107emo odr\u017eati osam okruglih stolova i dva kolokvija te niz predstavljanja knjiga i projekata razli\u010dite tematike, od antike do suvremenosti. Bit \u0107e predstavljeno i nekoliko izlo\u017ebi te odr\u017ean jedan povijesni kviz. Prikazat \u0107emo i jedan film \u2013 o generalu Boroevi\u0107u.\u2026","rel":"","context":"U &quot;Novosti&quot;","block_context":{"text":"Novosti","link":"https:\/\/historiografija.hr\/?cat=3"},"img":{"alt_text":"","src":"https:\/\/i0.wp.com\/historiografija.hr\/wp-content\/uploads\/2026\/04\/Kliofest-2026.jpg?fit=526%2C526&ssl=1&resize=350%2C200","width":350,"height":200,"srcset":"https:\/\/i0.wp.com\/historiografija.hr\/wp-content\/uploads\/2026\/04\/Kliofest-2026.jpg?fit=526%2C526&ssl=1&resize=350%2C200 1x, https:\/\/i0.wp.com\/historiografija.hr\/wp-content\/uploads\/2026\/04\/Kliofest-2026.jpg?fit=526%2C526&ssl=1&resize=525%2C300 1.5x"},"classes":[]},{"id":52592,"url":"https:\/\/historiografija.hr\/?p=52592","url_meta":{"origin":4771,"position":4},"title":"Predstavljanje knjige &#8220;Turska ku\u0107a u Rijeci&#8221; u Zagrebu","author":"Branimir Jankovi\u0107","date":"22. travnja 2026.","format":false,"excerpt":"U prostorijama Turskog kulturnog centra Yunus Emre u Zagrebu, u utorak 21. travnja 2026. godine, odr\u017eano je sve\u010dano predstavljanje dopunjenog izdanja knjige Turska ku\u0107a u Rijeci, u organizaciji Hrvatsko-turskog dru\u0161tva Rijeka i partnerstvu sa Skupinom prijateljstva Hrvatska-Turska Hrvatskog sabora, Veleposlanstvom Republike Turske u Republici Hrvatskoj te Turskim kulturnim centrom Yunus\u2026","rel":"","context":"U &quot;Novosti&quot;","block_context":{"text":"Novosti","link":"https:\/\/historiografija.hr\/?cat=3"},"img":{"alt_text":"","src":"https:\/\/i0.wp.com\/historiografija.hr\/wp-content\/uploads\/2026\/04\/Turska-kuca-ZG.jpg?fit=1200%2C800&ssl=1&resize=350%2C200","width":350,"height":200,"srcset":"https:\/\/i0.wp.com\/historiografija.hr\/wp-content\/uploads\/2026\/04\/Turska-kuca-ZG.jpg?fit=1200%2C800&ssl=1&resize=350%2C200 1x, https:\/\/i0.wp.com\/historiografija.hr\/wp-content\/uploads\/2026\/04\/Turska-kuca-ZG.jpg?fit=1200%2C800&ssl=1&resize=525%2C300 1.5x, https:\/\/i0.wp.com\/historiografija.hr\/wp-content\/uploads\/2026\/04\/Turska-kuca-ZG.jpg?fit=1200%2C800&ssl=1&resize=700%2C400 2x, https:\/\/i0.wp.com\/historiografija.hr\/wp-content\/uploads\/2026\/04\/Turska-kuca-ZG.jpg?fit=1200%2C800&ssl=1&resize=1050%2C600 3x"},"classes":[]},{"id":52573,"url":"https:\/\/historiografija.hr\/?p=52573","url_meta":{"origin":4771,"position":5},"title":"Znanstvena konferencija &#8220;Filozofija odgoja: povijest, praksa, perspektive&#8221;","author":"Branimir Jankovi\u0107","date":"21. travnja 2026.","format":false,"excerpt":"Znanstvena konferencija \"Filozofija odgoja: povijest, praksa, perspektive\" odr\u017eat \u0107e se 23. i 24. travnja 2026. u Konferencijskoj dvorani Knji\u017enice Filozofskog fakulteta u Zagrebu (2. kat).\u00a0Konferencija je organizirana u okviru projekta\u00a0SUMKOS (voditeljica prof. dr. sc. Ivana Zagorac, financiran\u00a0sredstvima NextGenerationEU), uz potporu Odsjeka za filozofiju.\u00a0 Uz izlaga\u010dki dio, konferencija obuhva\u0107a i izlo\u017ebu\u2026","rel":"","context":"U &quot;Novosti&quot;","block_context":{"text":"Novosti","link":"https:\/\/historiografija.hr\/?cat=3"},"img":{"alt_text":"","src":"","width":0,"height":0},"classes":[]}],"_links":{"self":[{"href":"https:\/\/historiografija.hr\/index.php?rest_route=\/wp\/v2\/posts\/4771","targetHints":{"allow":["GET"]}}],"collection":[{"href":"https:\/\/historiografija.hr\/index.php?rest_route=\/wp\/v2\/posts"}],"about":[{"href":"https:\/\/historiografija.hr\/index.php?rest_route=\/wp\/v2\/types\/post"}],"author":[{"embeddable":true,"href":"https:\/\/historiografija.hr\/index.php?rest_route=\/wp\/v2\/users\/2"}],"replies":[{"embeddable":true,"href":"https:\/\/historiografija.hr\/index.php?rest_route=%2Fwp%2Fv2%2Fcomments&post=4771"}],"version-history":[{"count":2,"href":"https:\/\/historiografija.hr\/index.php?rest_route=\/wp\/v2\/posts\/4771\/revisions"}],"predecessor-version":[{"id":4774,"href":"https:\/\/historiografija.hr\/index.php?rest_route=\/wp\/v2\/posts\/4771\/revisions\/4774"}],"wp:featuredmedia":[{"embeddable":true,"href":"https:\/\/historiografija.hr\/index.php?rest_route=\/wp\/v2\/media\/4772"}],"wp:attachment":[{"href":"https:\/\/historiografija.hr\/index.php?rest_route=%2Fwp%2Fv2%2Fmedia&parent=4771"}],"wp:term":[{"taxonomy":"category","embeddable":true,"href":"https:\/\/historiografija.hr\/index.php?rest_route=%2Fwp%2Fv2%2Fcategories&post=4771"},{"taxonomy":"post_tag","embeddable":true,"href":"https:\/\/historiografija.hr\/index.php?rest_route=%2Fwp%2Fv2%2Ftags&post=4771"}],"curies":[{"name":"wp","href":"https:\/\/api.w.org\/{rel}","templated":true}]}}