{"id":47706,"date":"2025-08-07T20:54:53","date_gmt":"2025-08-07T20:54:53","guid":{"rendered":"https:\/\/historiografija.hr\/?p=47706"},"modified":"2025-08-07T20:54:53","modified_gmt":"2025-08-07T20:54:53","slug":"webinar-zds-ustase-partizani-marsovci-sto-zapravo-govorimo","status":"publish","type":"post","link":"https:\/\/historiografija.hr\/?p=47706","title":{"rendered":"Webinar: ZDS, usta\u0161e, partizani, marsovci: \u0160to zapravo govorimo?"},"content":{"rendered":"\n<p><strong>3. rujna 2025 @ 18:00 \u2013 19:30 CEST<\/strong><\/p>\n\n\n\n<p>Ljetni mjeseci u Hrvatskoj ve\u0107 odavno nisu samo vrijeme odmora, ve\u0107 i razdoblje intenzivnih dru\u0161tvenih rasprava \u2013 o usta\u0161ama i partizanima, o HOS-u i ratnim pjesmama, o simbolima i znakovlju, o vojsci i navija\u010dima, o politi\u010darima i pjeva\u010dima. I dok se ve\u0107ina komentara svodi na podjele i me\u0111usobne optu\u017ebe, mnogi gra\u0111ani \u2013 osobito roditelji i u\u010ditelji \u2013 ostaju zbunjeni i bez jasnih odgovora.<\/p>\n\n\n\n<p>Ovaj <strong>BESPLATNI webinar<\/strong> i prate\u0107i online te\u010daj nastali su iz potrebe da se <em>pojasne temeljni pojmovi i simboli<\/em> koji su se kroz desetlje\u0107a mijenjali, politizirali i \u010desto izgubili izvorno zna\u010denje. Te\u010daj nije namijenjen stru\u010dnjacima za povijest, ve\u0107 <em>onima koji se do sada nisu sustavno bavili temom<\/em>, ali osje\u0107aju potrebu razumjeti kontekst kako bi mogli odgovorno razgovarati sa svojom djecom, u\u010denicima, kolegama i poznanicima.<\/p>\n\n\n\n<p>Bez optu\u017eivanja i ideolo\u0161kih etiketa, vodimo vas kroz klju\u010dne povijesne \u010dinjenice, razlike u tuma\u010denju, pravne okvire i dana\u0161nje posljedice.<\/p>\n\n\n\n<p>Webinar se odr\u017eava 3. rujna 2025. s po\u010detkom u 18.00 sati putem Zoom platforme. <a href=\"https:\/\/us02web.zoom.us\/meeting\/register\/Be7OPzzHRBeurWVg5VAeOg\">Registracija je potrebna<\/a> zbog organiziranog broja mjesta.<\/p>\n\n\n\n<p>Webinar \u0107emo snimati, a dijelovi snimke bit \u0107e dostupni u te\u010daju.<\/p>\n\n\n\n<p>Za vas koji ne mo\u017eete uskladiti termine sve \u0107emo trajno prebaciti u <a href=\"https:\/\/edukacije.com.hr\/course\/zds-ustase-partizani-marsovci\/\" target=\"_blank\" rel=\"noreferrer noopener\"><em>online <\/em>te\u010daj dostupan na ovoj poveznici<\/a>.<\/p>\n\n\n\n<p><strong>Platforma Klio<\/strong> (udruga u\u010ditelja i nastavnika povijesti) poziva vas na <strong>besplatan webinar<\/strong> koji \u0107e pomo\u0107i svima koji se <em>nikada profesionalno nisu bavili tim temama<\/em>, ali ih aktualna dru\u0161tvena situacija poti\u010de na informiranje.<\/p>\n\n\n\n<hr class=\"wp-block-separator has-alpha-channel-opacity\"\/>\n\n\n\n<p>Izvor:<\/p>\n\n\n\n<figure class=\"wp-block-embed is-type-wp-embed is-provider-clionaut-akademija wp-block-embed-clionaut-akademija\"><div class=\"wp-block-embed__wrapper\">\n<blockquote class=\"wp-embedded-content\" data-secret=\"chVTuB9yoo\"><a href=\"https:\/\/povijest.net\/ca\/edukacija\/webinar-zds-ustase-partizani-marsovci-sto-zapravo-govorimo\/\">Webinar: ZDS, usta\u0161e, partizani, marsovci: \u0160to zapravo govorimo?<\/a><\/blockquote><iframe loading=\"lazy\" class=\"wp-embedded-content\" sandbox=\"allow-scripts\" security=\"restricted\" style=\"position: absolute; visibility: hidden;\" title=\"&#8220;Webinar: ZDS, usta\u0161e, partizani, marsovci: \u0160to zapravo govorimo?&#8221; &#8212; ClioNaut Akademija\" src=\"https:\/\/povijest.net\/ca\/edukacija\/webinar-zds-ustase-partizani-marsovci-sto-zapravo-govorimo\/embed\/#?secret=NCpjIBsikx#?secret=chVTuB9yoo\" data-secret=\"chVTuB9yoo\" width=\"600\" height=\"338\" frameborder=\"0\" marginwidth=\"0\" marginheight=\"0\" scrolling=\"no\"><\/iframe>\n<\/div><\/figure>\n\n\n\n<hr class=\"wp-block-separator has-alpha-channel-opacity\"\/>\n","protected":false},"excerpt":{"rendered":"","protected":false},"author":2,"featured_media":47707,"comment_status":"open","ping_status":"open","sticky":false,"template":"","format":"standard","meta":{"_acf_changed":false,"jetpack_post_was_ever_published":false,"_jetpack_newsletter_access":"","_jetpack_dont_email_post_to_subs":false,"_jetpack_newsletter_tier_id":0,"_jetpack_memberships_contains_paywalled_content":false,"_jetpack_memberships_contains_paid_content":false,"footnotes":"","jetpack_publicize_message":"","jetpack_publicize_feature_enabled":true,"jetpack_social_post_already_shared":true,"jetpack_social_options":{"image_generator_settings":{"template":"highway","default_image_id":0,"font":"","enabled":false},"version":2}},"categories":[3],"tags":[],"class_list":["post-47706","post","type-post","status-publish","format-standard","has-post-thumbnail","hentry","category-novosti"],"acf":{"facebook_opis":""},"jetpack_publicize_connections":[],"jetpack_featured_media_url":"https:\/\/i0.wp.com\/historiografija.hr\/wp-content\/uploads\/2025\/08\/Webinar.jpg?fit=1180%2C646&ssl=1","jetpack_sharing_enabled":true,"jetpack-related-posts":[],"_links":{"self":[{"href":"https:\/\/historiografija.hr\/index.php?rest_route=\/wp\/v2\/posts\/47706","targetHints":{"allow":["GET"]}}],"collection":[{"href":"https:\/\/historiografija.hr\/index.php?rest_route=\/wp\/v2\/posts"}],"about":[{"href":"https:\/\/historiografija.hr\/index.php?rest_route=\/wp\/v2\/types\/post"}],"author":[{"embeddable":true,"href":"https:\/\/historiografija.hr\/index.php?rest_route=\/wp\/v2\/users\/2"}],"replies":[{"embeddable":true,"href":"https:\/\/historiografija.hr\/index.php?rest_route=%2Fwp%2Fv2%2Fcomments&post=47706"}],"version-history":[{"count":1,"href":"https:\/\/historiografija.hr\/index.php?rest_route=\/wp\/v2\/posts\/47706\/revisions"}],"predecessor-version":[{"id":47708,"href":"https:\/\/historiografija.hr\/index.php?rest_route=\/wp\/v2\/posts\/47706\/revisions\/47708"}],"wp:featuredmedia":[{"embeddable":true,"href":"https:\/\/historiografija.hr\/index.php?rest_route=\/wp\/v2\/media\/47707"}],"wp:attachment":[{"href":"https:\/\/historiografija.hr\/index.php?rest_route=%2Fwp%2Fv2%2Fmedia&parent=47706"}],"wp:term":[{"taxonomy":"category","embeddable":true,"href":"https:\/\/historiografija.hr\/index.php?rest_route=%2Fwp%2Fv2%2Fcategories&post=47706"},{"taxonomy":"post_tag","embeddable":true,"href":"https:\/\/historiografija.hr\/index.php?rest_route=%2Fwp%2Fv2%2Ftags&post=47706"}],"curies":[{"name":"wp","href":"https:\/\/api.w.org\/{rel}","templated":true}]}}