{"id":47699,"date":"2025-08-06T13:22:30","date_gmt":"2025-08-06T13:22:30","guid":{"rendered":"https:\/\/historiografija.hr\/?p=47699"},"modified":"2025-08-06T13:22:30","modified_gmt":"2025-08-06T13:22:30","slug":"poziv-za-ucesce-na-regionalnoj-skoli-devedesete-u-jugoslaviji-novi-izvori-i-metodologije","status":"publish","type":"post","link":"https:\/\/historiografija.hr\/?p=47699","title":{"rendered":"Poziv za u\u010de\u0161\u0107e na regionalnoj \u0161koli \u201eDevedesete u Jugoslaviji \u2013 novi izvori i metodologije\u201c"},"content":{"rendered":"\n<p>Centar za gra\u0111ansko obrazovanje (CGO) i Udru\u017eenje gra\u0111ana Kulturni front objavljuju poziv za drugu generaciju u\u010desnika\/ca regionalne \u0161kole <strong>Devedesete u Jugoslaviji \u2013 novi izvori i metodologije<\/strong><em>.<\/em><\/p>\n\n\n\n<p>Ovaj program je osmi\u0161ljen kao dio neformalnog i dopunskog obrazovanja za 25 u\u010desnika\/ca iz regiona. Kroz interdisciplinaran pristup, koji podrazumijeva predavanja, diskusije, rad sa arhivskim izvorima, analizu usmenih predanja, posjetu izlo\u017ebi \u201cLavirint devedesetih\u201d, obradu muzejskih predmeta, u\u010denje na lokalitetima odnosno mjestima stradanja, projekcije filmova, edukativno-zabavni sadr\u017eaj, itd. oni \u0107e imati priliku da pro\u0161ire znanja o dru\u0161tveno-politi\u010dkom kontekstu raspada Jugoslavije i nau\u010dno utvr\u0111enim \u010dinjenicama o sukobima i ratnim zlo\u010dinima tokom 90ih.<\/p>\n\n\n\n<p>Tako\u0111e, u\u010desnici\/e \u0107e biti upoznati sa najnovijim rezultatima istra\u017eivanja sprovedenih u Crnoj Gori i Srbiji u vezi sa poznavanjem \u010dinjenica i stavovima mladih o devedesetim godinama u Jugoslaviji, a program \u0107e uklju\u010diti i razli\u010dite tematske ve\u010dernje sesije.<\/p>\n\n\n\n<p>Predavanja \u0107e voditi profesori\/ke Univerziteta u Beogradu i Univerziteta Crne Gore, istra\u017eiva\u010di\/ce nau\u010dno-istra\u017eiva\u010dkih instituta iz regiona, kao i eksperti\/kinje iz oblasti muzeologije, kulturne ba\u0161tine i filma.<\/p>\n\n\n\n<p><strong>Ko se mo\u017ee prijaviti?<\/strong><\/p>\n\n\n\n<p>Regionalna \u0161kola je \u010detvorodnevni program namijenjen studentima\/kinjama postdiplomskih studija istorije i svih drugih odsjeka filozofskih fakulteta, politikologije, \u017eurnalistike i srodnih nauka, kao i mla\u0111oj generaciji novinara\/ki, istra\u017eiva\u010da\/ica i aktivista\/kinja iz Crne Gore, Srbije, Bosne i Hercegovine, Hrvatske, Makedonije, Kosova i Slovenije. Prednost imaju oni koji pokazuju visok stepen dru\u0161tvenog aktivizma u vladinom, nevladinom, partijskom, sindikalnom, medijskom, privrednom, nau\u010dnom i kulturnom okviru, ali i zainteresovanosti za istra\u017eivanje istorije i sje\u0107anja na devedesete godine na prostoru biv\u0161e Jugoslavije.<\/p>\n\n\n\n<p>Radni jezik \u0161kole je crnogorski\/srpski\/bosanski\/hrvatski.<\/p>\n\n\n\n<p><strong>Kako se i do kada prijaviti:<\/strong><\/p>\n\n\n\n<p>Svi zainteresovani se mogu prijaviti direktno na <a href=\"https:\/\/forms.gle\/SHMK6zLo4hoURa3F9\">linku<\/a>, a detaljne informacije o programu i na\u010dinu rada regionalne \u0161kole dobi\u0107e oni koji budu odabrani nakon procesa evaluacije prijava.<\/p>\n\n\n\n<p><strong>Rok za prijavu:<\/strong><\/p>\n\n\n\n<p>Prijave se \u0161alju najkasnije do 3. septembra 2025. godine, do pono\u0107i.<\/p>\n\n\n\n<p><strong>Logistika:<\/strong><\/p>\n\n\n\n<p>Planirano je da se regionalna \u0161koli organizuje u Budvi, od 25. do 29. septembra 2025. godine.<\/p>\n\n\n\n<p>Organizatori pokrivaju pune tro\u0161kove putovanja (autobus ili voz) i smje\u0161taja na bazi punog pansiona.<\/p>\n\n\n\n<p>Za u\u010desnike\/ce koji dolaze automobilom iz gradova van Crne Gore, bi\u0107e izvr\u0161ena refundacija pune cijene goriva, pod uslovom da automobilom dolaze najmanje dva polaznika\/ce \u0161kole. Ukoliko dolazi samo jedna osoba, refundacija se odobrava do iznosa od 100 EUR.<\/p>\n\n\n\n<p>Za u\u010desnike\/ce koji dolaze avionom, bi\u0107e refundirani tro\u0161kovi avionske karte do iznosa od 100 eura.<\/p>\n\n\n\n<p>U slu\u010daju nedoumica, dodatne informacije mo\u017eete dobiti slanjem pitanja na <a href=\"mailto:maja.m@cgo-cce.org\">maja.m@cgo-cce.org<\/a><\/p>\n\n\n\n<p>Regionalna \u0161kola <em><strong>Devedesete u Jugoslaviji \u2013 novi izvori i metodologije<\/strong><\/em> organizuje se u okviru projekta \u201c<em>Muzej 90ih \u2013 regionalni centar za pomirenje, obrazovanje i budu\u0107u saradnju<\/em>\u201d, koji sprovode CGO iz Crne Gore, Kulturni front i Fondacija M90 iz Srbije, uz podr\u0161ku Ministarstva vanjskih poslova Holandije.<\/p>\n\n\n\n<hr class=\"wp-block-separator has-alpha-channel-opacity\"\/>\n\n\n\n<p>Izvori:<\/p>\n\n\n\n<figure class=\"wp-block-embed is-type-wp-embed is-provider-centar-za-gra-ansko-obrazovanje wp-block-embed-centar-za-gra-ansko-obrazovanje\"><div class=\"wp-block-embed__wrapper\">\n<blockquote class=\"wp-embedded-content\" data-secret=\"2b8qShw9Sj\"><a href=\"https:\/\/cgo-cce.org\/2025\/07\/29\/poziv-za-ucesce-na-regionalnoj-skoli-devedesete-u-jugoslaviji-novi-izvori-i-metodologije-2\/\">Poziv za u\u010de\u0161\u0107e na regionalnoj \u0161koli Devedesete u Jugoslaviji \u2013 novi izvori i metodologije<\/a><\/blockquote><iframe loading=\"lazy\" class=\"wp-embedded-content\" sandbox=\"allow-scripts\" security=\"restricted\" style=\"position: absolute; visibility: hidden;\" title=\"&#8220;Poziv za u\u010de\u0161\u0107e na regionalnoj \u0161koli Devedesete u Jugoslaviji \u2013 novi izvori i metodologije&#8221; &#8212; Centar za gra\u0111ansko obrazovanje\" src=\"https:\/\/cgo-cce.org\/2025\/07\/29\/poziv-za-ucesce-na-regionalnoj-skoli-devedesete-u-jugoslaviji-novi-izvori-i-metodologije-2\/embed\/#?secret=AJR0C6s8Xv#?secret=2b8qShw9Sj\" data-secret=\"2b8qShw9Sj\" width=\"600\" height=\"338\" frameborder=\"0\" marginwidth=\"0\" marginheight=\"0\" scrolling=\"no\"><\/iframe>\n<\/div><\/figure>\n\n\n\n<p><a href=\"https:\/\/historiografija.ba\/historija-u-javnosti\/naucne-manifestacije\/poziv-za-ucesce-na-regionalnoj-skoli-devedesete-u-jugoslaviji-novi-izvori-i-metodologije\">https:\/\/historiografija.ba\/historija-u-javnosti\/naucne-manifestacije\/poziv-za-ucesce-na-regionalnoj-skoli-devedesete-u-jugoslaviji-novi-izvori-i-metodologije<\/a><\/p>\n\n\n\n<hr class=\"wp-block-separator has-alpha-channel-opacity\"\/>\n\n\n\n<p>Dodatne obavijesti:<\/p>\n\n\n\n<figure class=\"wp-block-embed is-type-wp-embed is-provider-historiografija-hr wp-block-embed-historiografija-hr\"><div class=\"wp-block-embed__wrapper\">\n<blockquote class=\"wp-embedded-content\" data-secret=\"QdtfDkwXyP\"><a href=\"https:\/\/historiografija.hr\/?p=42608\">Odr\u017eana regionalna \u0161kola \u201cDevedesete u Jugoslaviji \u2013 novi izvori i metodologije\u201d<\/a><\/blockquote><iframe loading=\"lazy\" class=\"wp-embedded-content\" sandbox=\"allow-scripts\" security=\"restricted\" style=\"position: absolute; visibility: hidden;\" title=\"&#8220;Odr\u017eana regionalna \u0161kola \u201cDevedesete u Jugoslaviji \u2013 novi izvori i metodologije\u201d&#8221; &#8212; Historiografija.hr\" src=\"https:\/\/historiografija.hr\/?p=42608&#038;embed=true#?secret=w2aRR7k4Ip#?secret=QdtfDkwXyP\" data-secret=\"QdtfDkwXyP\" width=\"600\" height=\"338\" frameborder=\"0\" marginwidth=\"0\" marginheight=\"0\" scrolling=\"no\"><\/iframe>\n<\/div><\/figure>\n\n\n\n<hr class=\"wp-block-separator has-alpha-channel-opacity\"\/>\n","protected":false},"excerpt":{"rendered":"","protected":false},"author":2,"featured_media":47700,"comment_status":"open","ping_status":"open","sticky":false,"template":"","format":"standard","meta":{"_acf_changed":false,"jetpack_post_was_ever_published":false,"_jetpack_newsletter_access":"","_jetpack_dont_email_post_to_subs":false,"_jetpack_newsletter_tier_id":0,"_jetpack_memberships_contains_paywalled_content":false,"_jetpack_memberships_contains_paid_content":false,"footnotes":"","jetpack_publicize_message":"","jetpack_publicize_feature_enabled":true,"jetpack_social_post_already_shared":true,"jetpack_social_options":{"image_generator_settings":{"template":"highway","default_image_id":0,"font":"","enabled":false},"version":2}},"categories":[3,9],"tags":[],"class_list":["post-47699","post","type-post","status-publish","format-standard","has-post-thumbnail","hentry","category-novosti","category-skupovi"],"acf":{"facebook_opis":""},"jetpack_publicize_connections":[],"jetpack_featured_media_url":"https:\/\/i0.wp.com\/historiografija.hr\/wp-content\/uploads\/2025\/08\/reg-skola-90te.jpg?fit=819%2C1024&ssl=1","jetpack_sharing_enabled":true,"jetpack-related-posts":[],"_links":{"self":[{"href":"https:\/\/historiografija.hr\/index.php?rest_route=\/wp\/v2\/posts\/47699","targetHints":{"allow":["GET"]}}],"collection":[{"href":"https:\/\/historiografija.hr\/index.php?rest_route=\/wp\/v2\/posts"}],"about":[{"href":"https:\/\/historiografija.hr\/index.php?rest_route=\/wp\/v2\/types\/post"}],"author":[{"embeddable":true,"href":"https:\/\/historiografija.hr\/index.php?rest_route=\/wp\/v2\/users\/2"}],"replies":[{"embeddable":true,"href":"https:\/\/historiografija.hr\/index.php?rest_route=%2Fwp%2Fv2%2Fcomments&post=47699"}],"version-history":[{"count":1,"href":"https:\/\/historiografija.hr\/index.php?rest_route=\/wp\/v2\/posts\/47699\/revisions"}],"predecessor-version":[{"id":47701,"href":"https:\/\/historiografija.hr\/index.php?rest_route=\/wp\/v2\/posts\/47699\/revisions\/47701"}],"wp:featuredmedia":[{"embeddable":true,"href":"https:\/\/historiografija.hr\/index.php?rest_route=\/wp\/v2\/media\/47700"}],"wp:attachment":[{"href":"https:\/\/historiografija.hr\/index.php?rest_route=%2Fwp%2Fv2%2Fmedia&parent=47699"}],"wp:term":[{"taxonomy":"category","embeddable":true,"href":"https:\/\/historiografija.hr\/index.php?rest_route=%2Fwp%2Fv2%2Fcategories&post=47699"},{"taxonomy":"post_tag","embeddable":true,"href":"https:\/\/historiografija.hr\/index.php?rest_route=%2Fwp%2Fv2%2Ftags&post=47699"}],"curies":[{"name":"wp","href":"https:\/\/api.w.org\/{rel}","templated":true}]}}