{"id":47691,"date":"2025-08-04T15:21:17","date_gmt":"2025-08-04T15:21:17","guid":{"rendered":"https:\/\/historiografija.hr\/?p=47691"},"modified":"2025-08-04T15:27:29","modified_gmt":"2025-08-04T15:27:29","slug":"dwp-o-cemu-ne-govorimo-kada-pricamo-o-oluji","status":"publish","type":"post","link":"https:\/\/historiografija.hr\/?p=47691","title":{"rendered":"DWP: O \u010demu ne govorimo kada pri\u010damo o Oluji"},"content":{"rendered":"\n<p>\u201eOve godine obele\u017eava se 30 godina od vojno-redarstvene operacije <em>Oluja<\/em>. Ona ne predstavlja samo jedan od klju\u010dnih istorijskih doga\u0111aja kad je re\u010d o ratovima 1990-ih, ve\u0107 jedan od najzna\u010danjih kamena spoticanja za normalizaciju i upostavljanje dobrih odnosa izme\u0111u Srbije i Hrvatske, kamen toliko te\u017eak da bi i Sizif poku\u0161ao da ga izbegne. Ona je simboli\u010dka granica izme\u0111u dve razli\u010dite istorijske naracije koje se do danas ne dodiruju. Za jedne ova operacija simbolizira gotovo bezgre\u0161nu pobjedu i obilje\u017eava se slu\u017ebenim dr\u017eavnim praznikom, Danom pobjede i dr\u017eavne zahvalnosti i Danom hrvatskih branitelja. Za druge ovaj doga\u0111aj ima 3 u 1 \u017ertvoslovnu simboliku, instant gorivo za nacionalizam i podgrevanje politi\u010dkih tenzija. (\u2026) Kako iza\u0107i iz lavirinta paralelnih istina? (\u2026) Ovaj je tekst mali doprinos toj ideji. Cilj mu nije da presu\u0111uje, ve\u0107 da pru\u017ei prostor za razumevanje. Da poka\u017ee kako se operacija Oluja vidi iz hrvatske i srpske perspektive, i da nas podstakne da, umesto da tra\u017eimo ko je u pravu, ko je krivac, a ko \u017ertva, poku\u0161amo da \u010dujemo jedni druge i pokrenemo otvoren razgovor o ovoj temi.\u201c<\/p>\n\n\n\n<hr class=\"wp-block-separator has-alpha-channel-opacity\"\/>\n\n\n\n<p><strong><em>Cijeli tekst dostupan je na sljede\u0107im poveznicama:<\/em><\/strong><\/p>\n\n\n\n<figure class=\"wp-block-embed is-type-wp-embed is-provider-dwp-balkan wp-block-embed-dwp-balkan\"><div class=\"wp-block-embed__wrapper\">\n<blockquote class=\"wp-embedded-content\" data-secret=\"fUHgDM90iw\"><a href=\"https:\/\/dwp-balkan.org\/bs\/o-cemu-ne-govorimo-kada-pricamo-o-oluji\/\">O \u010demu ne govorimo kada pri\u010damo o Oluji<\/a><\/blockquote><iframe loading=\"lazy\" class=\"wp-embedded-content\" sandbox=\"allow-scripts\" security=\"restricted\" style=\"position: absolute; visibility: hidden;\" title=\"&#8220;O \u010demu ne govorimo kada pri\u010damo o Oluji&#8221; &#8212; DWP-BALKAN\" src=\"https:\/\/dwp-balkan.org\/bs\/o-cemu-ne-govorimo-kada-pricamo-o-oluji\/embed\/#?secret=2PDTFGPVi5#?secret=fUHgDM90iw\" data-secret=\"fUHgDM90iw\" width=\"600\" height=\"338\" frameborder=\"0\" marginwidth=\"0\" marginheight=\"0\" scrolling=\"no\"><\/iframe>\n<\/div><\/figure>\n\n\n\n<figure class=\"wp-block-embed is-type-wp-embed is-provider-pe-anik wp-block-embed-pe-anik\"><div class=\"wp-block-embed__wrapper\">\n<blockquote class=\"wp-embedded-content\" data-secret=\"UQhwqXYbjt\"><a href=\"https:\/\/pescanik.net\/o-cemu-ne-govorimo-kada-pricamo-o-oluji\/\">O \u010demu ne govorimo kada pri\u010damo o Oluji<\/a><\/blockquote><iframe loading=\"lazy\" class=\"wp-embedded-content\" sandbox=\"allow-scripts\" security=\"restricted\" style=\"position: absolute; visibility: hidden;\" title=\"&#8220;O \u010demu ne govorimo kada pri\u010damo o Oluji&#8221; &#8212; Pe\u0161\u010danik\" src=\"https:\/\/pescanik.net\/o-cemu-ne-govorimo-kada-pricamo-o-oluji\/embed\/#?secret=vHcszcrf4W#?secret=UQhwqXYbjt\" data-secret=\"UQhwqXYbjt\" width=\"600\" height=\"338\" frameborder=\"0\" marginwidth=\"0\" marginheight=\"0\" scrolling=\"no\"><\/iframe>\n<\/div><\/figure>\n\n\n\n<hr class=\"wp-block-separator has-alpha-channel-opacity\"\/>\n\n\n\n<p><\/p>\n","protected":false},"excerpt":{"rendered":"","protected":false},"author":2,"featured_media":47692,"comment_status":"open","ping_status":"open","sticky":false,"template":"","format":"standard","meta":{"_acf_changed":false,"jetpack_post_was_ever_published":false,"_jetpack_newsletter_access":"","_jetpack_dont_email_post_to_subs":false,"_jetpack_newsletter_tier_id":0,"_jetpack_memberships_contains_paywalled_content":false,"_jetpack_memberships_contains_paid_content":false,"footnotes":"","jetpack_publicize_message":"","jetpack_publicize_feature_enabled":true,"jetpack_social_post_already_shared":true,"jetpack_social_options":{"image_generator_settings":{"template":"highway","default_image_id":0,"font":"","enabled":false},"version":2}},"categories":[3],"tags":[],"class_list":["post-47691","post","type-post","status-publish","format-standard","has-post-thumbnail","hentry","category-novosti"],"acf":{"facebook_opis":""},"jetpack_publicize_connections":[],"jetpack_featured_media_url":"https:\/\/i0.wp.com\/historiografija.hr\/wp-content\/uploads\/2025\/08\/Oluja_AFP.jpg?fit=1023%2C575&ssl=1","jetpack_sharing_enabled":true,"jetpack-related-posts":[],"_links":{"self":[{"href":"https:\/\/historiografija.hr\/index.php?rest_route=\/wp\/v2\/posts\/47691","targetHints":{"allow":["GET"]}}],"collection":[{"href":"https:\/\/historiografija.hr\/index.php?rest_route=\/wp\/v2\/posts"}],"about":[{"href":"https:\/\/historiografija.hr\/index.php?rest_route=\/wp\/v2\/types\/post"}],"author":[{"embeddable":true,"href":"https:\/\/historiografija.hr\/index.php?rest_route=\/wp\/v2\/users\/2"}],"replies":[{"embeddable":true,"href":"https:\/\/historiografija.hr\/index.php?rest_route=%2Fwp%2Fv2%2Fcomments&post=47691"}],"version-history":[{"count":2,"href":"https:\/\/historiografija.hr\/index.php?rest_route=\/wp\/v2\/posts\/47691\/revisions"}],"predecessor-version":[{"id":47698,"href":"https:\/\/historiografija.hr\/index.php?rest_route=\/wp\/v2\/posts\/47691\/revisions\/47698"}],"wp:featuredmedia":[{"embeddable":true,"href":"https:\/\/historiografija.hr\/index.php?rest_route=\/wp\/v2\/media\/47692"}],"wp:attachment":[{"href":"https:\/\/historiografija.hr\/index.php?rest_route=%2Fwp%2Fv2%2Fmedia&parent=47691"}],"wp:term":[{"taxonomy":"category","embeddable":true,"href":"https:\/\/historiografija.hr\/index.php?rest_route=%2Fwp%2Fv2%2Fcategories&post=47691"},{"taxonomy":"post_tag","embeddable":true,"href":"https:\/\/historiografija.hr\/index.php?rest_route=%2Fwp%2Fv2%2Ftags&post=47691"}],"curies":[{"name":"wp","href":"https:\/\/api.w.org\/{rel}","templated":true}]}}