{"id":47685,"date":"2025-08-04T15:10:59","date_gmt":"2025-08-04T15:10:59","guid":{"rendered":"https:\/\/historiografija.hr\/?p=47685"},"modified":"2025-08-04T15:10:59","modified_gmt":"2025-08-04T15:10:59","slug":"hazu-sretan-dan-pobjede-i-domovinske-zahvalnosti-i-dan-hrvatskih-branitelja","status":"publish","type":"post","link":"https:\/\/historiografija.hr\/?p=47685","title":{"rendered":"HAZU: Sretan Dan pobjede i domovinske zahvalnosti i Dan hrvatskih branitelja!"},"content":{"rendered":"\n<p>Predsjednik Hrvatske akademije znanosti i umjetnosti <strong>akademik Velimir Neidhardt<\/strong> uputio je u ponedjeljak 4. kolovoza 2025. povodom 5. kolovoza, Dana pobjede i domovinske zahvalnosti i Dana hrvatskih branitelja te 30. godi\u0161njice vojno-redarstvene operacije Oluja, \u010destitku hrvatskim braniteljima i svim hrvatskim gra\u0111anima:<\/p>\n\n\n\n<p>\u201eProteklo je trideset godina kako je oslobodila\u010dkom vojno-redarstvenom operacijom Oluja zauvijek pora\u017eena zlo\u010dina\u010dka ideja o stvaranju velike Srbije na hrvatskim podru\u010djima. Oslobo\u0111enje Knina i isticanje hrvatske zastave na kninskoj tvr\u0111avi 5. kolovoza 1995. zna\u010dilo je ne samo kraj Domovinskog rata i okon\u010danje srpske okupacije i terora, nego i pobjedni\u010dki dovr\u0161etak tegobnog puta hrvatskog naroda prema ostvarenju slobode i samostalnosti kao osnovnih preduvjeta pune afirmacije svih hrvatskih materijalnih i duhovnih potencijala. Stolje\u0107ima je hrvatski narod bio primoran boriti se za o\u010duvanje svoje dr\u017eavnosti i identiteta nasuprot onih koji su mu otimali dijelove nacionalnog teritorija, negirali nacionalnu samobitnost i razjedinjavali hrvatsko nacionalno bi\u0107e, da bi tek potkraj 20. stolje\u0107a zrelo\u0161\u0107u i jedinstvom hrvatskog naroda i hrabro\u0161\u0107u hrvatskih branitelja samostalna i slobodna Hrvatska postala neupitna \u010dinjenica koju su morali prihvatiti i oni koji joj nisu bili skloni. Stoga s ponosom mo\u017eemo re\u0107i da su Hrvati pobjedni\u010dki narod, narod spreman podnijeti najve\u0107e \u017ertve za obranu i oslobo\u0111enje svoje domovine. Taj pobjedni\u010dki duh neka nas nadahnjuje i danas u suo\u010davanju sa svim suvremenim izazovima, a tome \u0107e svoj djelatni doprinos davati i Hrvatska akademija znanosti i umjetnosti kao znanstveno-umjetni\u010dka svijest i savjest hrvatskog naroda.<\/p>\n\n\n\n<p>Trideset godina nakon olujnog i pobjedonosnog kolovoza du\u017eni smo jo\u0161 jednom iskazati zahvalnost svim hrvatskim braniteljima, posebno onima koji su dali \u017eivote na hrvatsku slobodu i samostalnost, kao i tada\u0161njem hrvatskom dr\u017eavnom vodstvu na \u010delu s prvim hrvatskim predsjednikom akademikom Franjom Tu\u0111manom, ali i svima onima koji su u pro\u0161losti gradili i stvarali Hrvatsku i \u017ertvovali se za njenu slobodu i boljitak\u201c, poru\u010dio je u \u010destitki akademik Neidhardt.<\/p>\n\n\n\n<hr class=\"wp-block-separator has-alpha-channel-opacity\"\/>\n\n\n\n<p>Izvor:<\/p>\n\n\n\n<figure class=\"wp-block-embed is-type-wp-embed is-provider-hazu wp-block-embed-hazu\"><div class=\"wp-block-embed__wrapper\">\n<blockquote class=\"wp-embedded-content\" data-secret=\"ArBoiTXGIQ\"><a href=\"https:\/\/www.info.hazu.hr\/2025\/08\/sretan-dan-pobjede-i-domovinske-zahvalnosti-i-dan-hrvatskih-branitelja\/\">Sretan Dan pobjede i domovinske zahvalnosti i Dan hrvatskih branitelja!<\/a><\/blockquote><iframe loading=\"lazy\" class=\"wp-embedded-content\" sandbox=\"allow-scripts\" security=\"restricted\" style=\"position: absolute; visibility: hidden;\" title=\"&#8220;Sretan Dan pobjede i domovinske zahvalnosti i Dan hrvatskih branitelja!&#8221; &#8212; HAZU\" src=\"https:\/\/www.info.hazu.hr\/2025\/08\/sretan-dan-pobjede-i-domovinske-zahvalnosti-i-dan-hrvatskih-branitelja\/embed\/#?secret=ArBoiTXGIQ\" data-secret=\"ArBoiTXGIQ\" width=\"600\" height=\"338\" frameborder=\"0\" marginwidth=\"0\" marginheight=\"0\" scrolling=\"no\"><\/iframe>\n<\/div><\/figure>\n\n\n\n<hr class=\"wp-block-separator has-alpha-channel-opacity\"\/>\n","protected":false},"excerpt":{"rendered":"","protected":false},"author":2,"featured_media":47686,"comment_status":"open","ping_status":"open","sticky":false,"template":"","format":"standard","meta":{"_acf_changed":false,"jetpack_post_was_ever_published":false,"_jetpack_newsletter_access":"","_jetpack_dont_email_post_to_subs":false,"_jetpack_newsletter_tier_id":0,"_jetpack_memberships_contains_paywalled_content":false,"_jetpack_memberships_contains_paid_content":false,"footnotes":"","jetpack_publicize_message":"","jetpack_publicize_feature_enabled":true,"jetpack_social_post_already_shared":true,"jetpack_social_options":{"image_generator_settings":{"template":"highway","default_image_id":0,"font":"","enabled":false},"version":2}},"categories":[3],"tags":[],"class_list":["post-47685","post","type-post","status-publish","format-standard","has-post-thumbnail","hentry","category-novosti"],"acf":{"facebook_opis":""},"jetpack_publicize_connections":[],"jetpack_featured_media_url":"https:\/\/i0.wp.com\/historiografija.hr\/wp-content\/uploads\/2025\/08\/Knin-zastava.jpg?fit=1500%2C787&ssl=1","jetpack_sharing_enabled":true,"jetpack-related-posts":[],"_links":{"self":[{"href":"https:\/\/historiografija.hr\/index.php?rest_route=\/wp\/v2\/posts\/47685","targetHints":{"allow":["GET"]}}],"collection":[{"href":"https:\/\/historiografija.hr\/index.php?rest_route=\/wp\/v2\/posts"}],"about":[{"href":"https:\/\/historiografija.hr\/index.php?rest_route=\/wp\/v2\/types\/post"}],"author":[{"embeddable":true,"href":"https:\/\/historiografija.hr\/index.php?rest_route=\/wp\/v2\/users\/2"}],"replies":[{"embeddable":true,"href":"https:\/\/historiografija.hr\/index.php?rest_route=%2Fwp%2Fv2%2Fcomments&post=47685"}],"version-history":[{"count":1,"href":"https:\/\/historiografija.hr\/index.php?rest_route=\/wp\/v2\/posts\/47685\/revisions"}],"predecessor-version":[{"id":47687,"href":"https:\/\/historiografija.hr\/index.php?rest_route=\/wp\/v2\/posts\/47685\/revisions\/47687"}],"wp:featuredmedia":[{"embeddable":true,"href":"https:\/\/historiografija.hr\/index.php?rest_route=\/wp\/v2\/media\/47686"}],"wp:attachment":[{"href":"https:\/\/historiografija.hr\/index.php?rest_route=%2Fwp%2Fv2%2Fmedia&parent=47685"}],"wp:term":[{"taxonomy":"category","embeddable":true,"href":"https:\/\/historiografija.hr\/index.php?rest_route=%2Fwp%2Fv2%2Fcategories&post=47685"},{"taxonomy":"post_tag","embeddable":true,"href":"https:\/\/historiografija.hr\/index.php?rest_route=%2Fwp%2Fv2%2Ftags&post=47685"}],"curies":[{"name":"wp","href":"https:\/\/api.w.org\/{rel}","templated":true}]}}