{"id":47663,"date":"2025-08-01T17:30:00","date_gmt":"2025-08-01T17:30:00","guid":{"rendered":"https:\/\/historiografija.hr\/?p=47663"},"modified":"2025-08-01T20:41:56","modified_gmt":"2025-08-01T20:41:56","slug":"tudmanova-ideja-pomirbe-na-vojnim-mimohodima-1995-i-1997-godine","status":"publish","type":"post","link":"https:\/\/historiografija.hr\/?p=47663","title":{"rendered":"Tu\u0111manova ideja pomirbe na vojnim mimohodima 1995. i 1997. godine"},"content":{"rendered":"\n<p>Dosad se u literaturi i medijskim napisima Tu\u0111manova ideja nacionalne pomirbe ilustrirala razli\u010ditim primjerima, naj\u010de\u0161\u0107e memorijalizacijskim planovima u vezi Jasenovca i sl. \u201eVe\u010dernji list\u201c upu\u0107uje u recentnom <a href=\"https:\/\/www.vecernji.hr\/vijesti\/video-tudmanu-na-mimohodu-95-skandirali-dinamo-dinamo-a-dvije-godine-kasnije-medu-zastavama-marsirala-i-petokraka-1880497\">\u010dlanku<\/a> Tomislava Krasneca povodom vojnog mimohoda 2025. godine na jo\u0161 jedan bitno manje poznati primjer \u2013 sudjelovanje na vojnim mimohodima 1995. i 1997. godine, u sklopu povijesnih postrojbi, pripadnika domobrana i partizana te znakovitog na\u010dina na koji su predstavljeni (\u0161to je potaknulo i <a href=\"https:\/\/www.dnevno.hr\/domovina\/hrt-ov-novinar-hrvate-ostavio-u-nevjerici-pogledajte-zastave-na-mimohodu-1997-godine-3013770\/\">neke<\/a> druge medijske priloge).<\/p>\n\n\n\n<p>Bilo je to naime posve u skladu s tada\u0161njom \u0161irom politikom povijesti prema kojoj su se i NDH i ZAVNOH prikazivali kao odre\u0111eni vidovi hrvatske dr\u017eavnosti. To je itekako vidljivo u ud\u017ebenicima povijesti i historiografskim sintezama i pregledima iz toga razdoblja, u kojima je me\u0111utim kasnije ideja <em>hrvatskog antifa\u0161izma<\/em> postupno zamijenjena stavljanjem \u201eantifa\u0161izma\u201c u navodnike i zatim njegovim natkrivanjem pojmovima kao \u0161to su <em>totalitarizam<\/em> i <em>nedemokratski re\u017eimi <\/em>(o \u010demu je recentno pisao npr. B. Jankovi\u0107 u radu \u201eTransformacija pojma antifa\u0161izam i tranzicija povjesni\u010dara u Hrvatskoj\u201c, u zborniku <em>Antifa\u0161izam <\/em>iz 2023. dostupnom i u <a href=\"https:\/\/www.unipu.hr\/ckpis\/cekapisarnica\">pdf<\/a>-u), \u0161to se dakako po\u010delo primjenjivati i na NDH. <\/p>\n\n\n\n<p>Zbog toga u vojnim mimohodima 2015. i 2025. me\u0111u povijesnim postrojbama nisu bili zastupljeni ni domobrani ni partizani.<\/p>\n\n\n\n<hr class=\"wp-block-separator has-alpha-channel-opacity\"\/>\n","protected":false},"excerpt":{"rendered":"","protected":false},"author":2,"featured_media":47664,"comment_status":"open","ping_status":"open","sticky":false,"template":"","format":"standard","meta":{"_acf_changed":false,"jetpack_post_was_ever_published":false,"_jetpack_newsletter_access":"","_jetpack_dont_email_post_to_subs":false,"_jetpack_newsletter_tier_id":0,"_jetpack_memberships_contains_paywalled_content":false,"_jetpack_memberships_contains_paid_content":false,"footnotes":"","jetpack_publicize_message":"","jetpack_publicize_feature_enabled":true,"jetpack_social_post_already_shared":true,"jetpack_social_options":{"image_generator_settings":{"template":"highway","default_image_id":0,"font":"","enabled":false},"version":2}},"categories":[3],"tags":[],"class_list":["post-47663","post","type-post","status-publish","format-standard","has-post-thumbnail","hentry","category-novosti"],"acf":{"facebook_opis":""},"jetpack_publicize_connections":[],"jetpack_featured_media_url":"https:\/\/i0.wp.com\/historiografija.hr\/wp-content\/uploads\/2025\/08\/Zastave.jpg?fit=660%2C450&ssl=1","jetpack_sharing_enabled":true,"jetpack-related-posts":[],"_links":{"self":[{"href":"https:\/\/historiografija.hr\/index.php?rest_route=\/wp\/v2\/posts\/47663","targetHints":{"allow":["GET"]}}],"collection":[{"href":"https:\/\/historiografija.hr\/index.php?rest_route=\/wp\/v2\/posts"}],"about":[{"href":"https:\/\/historiografija.hr\/index.php?rest_route=\/wp\/v2\/types\/post"}],"author":[{"embeddable":true,"href":"https:\/\/historiografija.hr\/index.php?rest_route=\/wp\/v2\/users\/2"}],"replies":[{"embeddable":true,"href":"https:\/\/historiografija.hr\/index.php?rest_route=%2Fwp%2Fv2%2Fcomments&post=47663"}],"version-history":[{"count":4,"href":"https:\/\/historiografija.hr\/index.php?rest_route=\/wp\/v2\/posts\/47663\/revisions"}],"predecessor-version":[{"id":47673,"href":"https:\/\/historiografija.hr\/index.php?rest_route=\/wp\/v2\/posts\/47663\/revisions\/47673"}],"wp:featuredmedia":[{"embeddable":true,"href":"https:\/\/historiografija.hr\/index.php?rest_route=\/wp\/v2\/media\/47664"}],"wp:attachment":[{"href":"https:\/\/historiografija.hr\/index.php?rest_route=%2Fwp%2Fv2%2Fmedia&parent=47663"}],"wp:term":[{"taxonomy":"category","embeddable":true,"href":"https:\/\/historiografija.hr\/index.php?rest_route=%2Fwp%2Fv2%2Fcategories&post=47663"},{"taxonomy":"post_tag","embeddable":true,"href":"https:\/\/historiografija.hr\/index.php?rest_route=%2Fwp%2Fv2%2Ftags&post=47663"}],"curies":[{"name":"wp","href":"https:\/\/api.w.org\/{rel}","templated":true}]}}