{"id":47639,"date":"2025-07-31T21:22:14","date_gmt":"2025-07-31T21:22:14","guid":{"rendered":"https:\/\/historiografija.hr\/?p=47639"},"modified":"2025-07-31T21:22:14","modified_gmt":"2025-07-31T21:22:14","slug":"vecernji-list-specijal-oluja-2025","status":"publish","type":"post","link":"https:\/\/historiografija.hr\/?p=47639","title":{"rendered":"\u201eVe\u010dernji list\u201c \u2013 specijal \u201eOluja\u201c 2025."},"content":{"rendered":"\n<p>U \u010detvrtak, 31. srpnja 2025., povodom tri desetlje\u0107a od najve\u0107e oslobodila\u010dke operacije Hrvatske vojske, uz Ve\u010dernji list poklanjamo vam specijal Oluja \u2013 izdanje na 130 stranica koje na temelju deklasificiranih dokumenata, svjedo\u010danstava sudionika i analize klju\u010dnih politi\u010dkih i vojnih trenutaka donosi novu perspektivu o doga\u0111ajima koji su oblikovali suvremenu Hrvatsku.<\/p>\n\n\n\n<p><strong>Tri desetlje\u0107a od najve\u0107e vojno-redarstvene operacije<\/strong><\/p>\n\n\n\n<p>Iako je pro\u0161lo gotovo tri desetlje\u0107a od veli\u010danstvene oslobodila\u010dke operacije Oluja, njezin zna\u010daj ne blijedi. Naprotiv, nova svjedo\u010danstva, deklasificirani ameri\u010dki dokumenti i arhivska gra\u0111a otkrivaju va\u017ene \u010dinjenice koje dodatno rasvjetljavaju politi\u010dke, vojne i diplomatske okolnosti u kojima je Hrvatska izborila svoju slobodu.<\/p>\n\n\n\n<p>Ovaj magazin, temeljen na vjerodostojnim dokumentima, razgovorima s klju\u010dnim akterima i analizom dotad nepoznatih detalja, donosi cjelovit pogled na doga\u0111aje koji su prethodili Oluji, samu operaciju i njezine dalekose\u017ene posljedice \u2013 kako za Hrvatsku, tako i za cijelu regiju.<\/p>\n\n\n\n<p><strong>Tri tematske cjeline<\/strong><\/p>\n\n\n\n<p>U tri tematske cjeline \u2013 <strong>Nemo\u0107 diplomacije<\/strong>, <strong>Oluja nad Krajinom<\/strong> i <strong>Post festum<\/strong> \u2013 \u010ditatelji \u0107e saznati:<\/p>\n\n\n\n<p><em>Kako je me\u0111unarodna zajednica kasno i s podozrenjem reagirala na hrvatske napore za oslobo\u0111enjem?&nbsp;<\/em><\/p>\n\n\n\n<p><em>Kako su izgledale vojne operacije koje su prethodile Oluji, uklju\u010duju\u0107i klju\u010dne odluke na tajnim sastancima,<\/em><\/p>\n\n\n\n<p><em>Kako se Oluja reflektirala na kasnije diplomatske pregovore, su\u0111enja generalima i interpretacije u \u0161kolskim ud\u017ebenicima?&nbsp;<\/em><\/p>\n\n\n\n<p>Ovaj magazin nije samo povijesna rekonstrukcija \u2013 ve\u0107 va\u017ean doprinos razumijevanju slo\u017eenih okolnosti u kojima je ostvarena hrvatska sloboda i neovisnost. U vremenu kada se sve \u010de\u0161\u0107e preispisuju povijesne \u010dinjenice, va\u017eno je da nove generacije imaju uvid u vjerodostojna svjedo\u010danstva i dokumente koji govore o izazovima i \u017ertvama na putu prema samostalnoj dr\u017eavi.<\/p>\n\n\n\n<p><strong>U \u010detvrtak, 31. kolovoza, na svim kioscima potra\u017eite specijal Oluja na dar uz Ve\u010dernji list!<\/strong><\/p>\n\n\n\n<hr class=\"wp-block-separator has-alpha-channel-opacity\"\/>\n\n\n\n<p>Izvor:<\/p>\n\n\n\n<p><a href=\"https:\/\/www.vecernji.hr\/vijesti\/tri-desetljeca-oluje-novi-uvidi-u-politicku-vojnu-i-diplomatsku-pozadinu-operacije-1879970\">https:\/\/www.vecernji.hr\/vijesti\/tri-desetljeca-oluje-novi-uvidi-u-politicku-vojnu-i-diplomatsku-pozadinu-operacije-1879970<\/a><\/p>\n\n\n\n<hr class=\"wp-block-separator has-alpha-channel-opacity\"\/>\n","protected":false},"excerpt":{"rendered":"","protected":false},"author":2,"featured_media":47640,"comment_status":"open","ping_status":"open","sticky":false,"template":"","format":"standard","meta":{"_acf_changed":false,"jetpack_post_was_ever_published":false,"_jetpack_newsletter_access":"","_jetpack_dont_email_post_to_subs":false,"_jetpack_newsletter_tier_id":0,"_jetpack_memberships_contains_paywalled_content":false,"_jetpack_memberships_contains_paid_content":false,"footnotes":"","jetpack_publicize_message":"","jetpack_publicize_feature_enabled":true,"jetpack_social_post_already_shared":true,"jetpack_social_options":{"image_generator_settings":{"template":"highway","default_image_id":0,"font":"","enabled":false},"version":2}},"categories":[3],"tags":[],"class_list":["post-47639","post","type-post","status-publish","format-standard","has-post-thumbnail","hentry","category-novosti"],"acf":{"facebook_opis":""},"jetpack_publicize_connections":[],"jetpack_featured_media_url":"https:\/\/i0.wp.com\/historiografija.hr\/wp-content\/uploads\/2025\/07\/Specijal.jpeg?fit=940%2C1268&ssl=1","jetpack_sharing_enabled":true,"jetpack-related-posts":[],"_links":{"self":[{"href":"https:\/\/historiografija.hr\/index.php?rest_route=\/wp\/v2\/posts\/47639","targetHints":{"allow":["GET"]}}],"collection":[{"href":"https:\/\/historiografija.hr\/index.php?rest_route=\/wp\/v2\/posts"}],"about":[{"href":"https:\/\/historiografija.hr\/index.php?rest_route=\/wp\/v2\/types\/post"}],"author":[{"embeddable":true,"href":"https:\/\/historiografija.hr\/index.php?rest_route=\/wp\/v2\/users\/2"}],"replies":[{"embeddable":true,"href":"https:\/\/historiografija.hr\/index.php?rest_route=%2Fwp%2Fv2%2Fcomments&post=47639"}],"version-history":[{"count":1,"href":"https:\/\/historiografija.hr\/index.php?rest_route=\/wp\/v2\/posts\/47639\/revisions"}],"predecessor-version":[{"id":47641,"href":"https:\/\/historiografija.hr\/index.php?rest_route=\/wp\/v2\/posts\/47639\/revisions\/47641"}],"wp:featuredmedia":[{"embeddable":true,"href":"https:\/\/historiografija.hr\/index.php?rest_route=\/wp\/v2\/media\/47640"}],"wp:attachment":[{"href":"https:\/\/historiografija.hr\/index.php?rest_route=%2Fwp%2Fv2%2Fmedia&parent=47639"}],"wp:term":[{"taxonomy":"category","embeddable":true,"href":"https:\/\/historiografija.hr\/index.php?rest_route=%2Fwp%2Fv2%2Fcategories&post=47639"},{"taxonomy":"post_tag","embeddable":true,"href":"https:\/\/historiografija.hr\/index.php?rest_route=%2Fwp%2Fv2%2Ftags&post=47639"}],"curies":[{"name":"wp","href":"https:\/\/api.w.org\/{rel}","templated":true}]}}