{"id":47621,"date":"2025-07-30T20:08:17","date_gmt":"2025-07-30T20:08:17","guid":{"rendered":"https:\/\/historiografija.hr\/?p=47621"},"modified":"2025-07-30T20:08:17","modified_gmt":"2025-07-30T20:08:17","slug":"snv-bulletin-25-politika-brisanja-operacija-dzep-93-i-njene-posljedice","status":"publish","type":"post","link":"https:\/\/historiografija.hr\/?p=47621","title":{"rendered":"SNV Bulletin #25 \/ Politika brisanja: Operacija D\u017eep 93 i njene posljedice"},"content":{"rendered":"\n<p>Bilten <em>Politika brisanja: Operacija D\u017eep 93 i njene posljedice<\/em> bavi se analizom po\u010dinjenih ratnih zlo\u010dina i kr\u0161enja ljudskih prava tijekom vojno-redarstvene operacije Hrvatske vojske D\u017eep 93, koja je provedena izme\u0111u 9. i 17. rujna 1993. godine. Iz te perspektive poku\u0161alo se precizno opisati podru\u010dje na kojemu je akcija provedena i prikazati vremenski raspored doga\u0111anja na terenu po danima. Analizirali su se svi segmenti zapovjedne odgovornosti koji su funkcionirali na nekoliko paralelnih razina, a unutar kojih se nastojala utvrditi odgovornost za po\u010dinjenje zlo\u010dina.<\/p>\n\n\n\n<p>Ovo istra\u017eivanje postavlja i interpretacijski okvir po\u010dinjenja zlo\u010dina, me\u0111u koje spadaju ubojstva, mu\u010denja civila i ratnih zarobljenika, uni\u0161tavanje imovine, plja\u010dka i poku\u0161aj prikrivanja zlo\u010dina, kao sastavni dijelovi etni\u010dkog \u010di\u0161\u0107enja. Istra\u017eivanje se bavi i razradom ciljeva i povoda za pokretanje akcije, a prikazuje i ulogu te vojne i politi\u010dke planove rukovodstva u Hrvatskoj.<\/p>\n\n\n\n<p><em>Politika brisanja: Operacija D\u017eep 93 i njene posljedice<\/em> prezentira dru\u0161tvene i politi\u010dke posljedice akcije D\u017eep 93, a u tom smislu pokazuje njezinu prisutnost u javnom prostoru, daje analizu u Hrvatskoj provedenih su\u0111enja za ratne zlo\u010dine koji su po\u010dinjeni u akciji i na\u010dina na koji su \u017ertve poku\u0161ale dodatnim mehanizmima ostvariti pravdu i reparacije. Na kraju, ovaj bilten donosi prikaz aktualnih politika sje\u0107anja i prisutnosti po\u010dinitelja ratnih zlo\u010dina u javnom prostoru te analizu suvremenih izazova, me\u0111u kojima su i odredbe Zakona o pravnim posljedicama osude, kaznenoj evidenciji i rehabilitaciji, koje predstavljaju sada\u0161nje i budu\u0107e izazove u procesu suo\u010davanja s pro\u0161lo\u0161\u0107u.<\/p>\n\n\n\n<hr class=\"wp-block-separator has-alpha-channel-opacity\"\/>\n\n\n\n<p>SNV Bulletin #25<\/p>\n\n\n\n<p><em><strong>Politika brisanja: Operacija D\u017eep 93 i njene posljedice<\/strong><\/em><\/p>\n\n\n\n<p>izdava\u010d: Srpsko narodno vije\u0107e<\/p>\n\n\n\n<p>broj stranica: 192<\/p>\n\n\n\n<p>godina izdanja: 2025.<\/p>\n\n\n\n<p>uvez: meki<\/p>\n\n\n\n<p>ISSN: 1849-7314<\/p>\n\n\n\n<p>ISBN: 978-953-7442-75-0<\/p>\n\n\n\n<p><strong>Preuzmi PDF:<\/strong><\/p>\n\n\n\n<figure class=\"wp-block-embed is-type-wp-embed is-provider-srpsko-narodno-vije-e-snv wp-block-embed-srpsko-narodno-vije-e-snv\"><div class=\"wp-block-embed__wrapper\">\n<blockquote class=\"wp-embedded-content\" data-secret=\"Rw5yNjQAGE\"><a href=\"https:\/\/snv.hr\/publikacije\/snv-bulletin-25\/\">SNV Bulletin #25<\/a><\/blockquote><iframe loading=\"lazy\" class=\"wp-embedded-content\" sandbox=\"allow-scripts\" security=\"restricted\" style=\"position: absolute; visibility: hidden;\" title=\"&#8220;SNV Bulletin #25&#8221; &#8212; Srpsko Narodno Vije\u0107e - SNV\" src=\"https:\/\/snv.hr\/publikacije\/snv-bulletin-25\/embed\/#?secret=zwXRWIzsKZ#?secret=Rw5yNjQAGE\" data-secret=\"Rw5yNjQAGE\" width=\"600\" height=\"338\" frameborder=\"0\" marginwidth=\"0\" marginheight=\"0\" scrolling=\"no\"><\/iframe>\n<\/div><\/figure>\n\n\n\n<hr class=\"wp-block-separator has-alpha-channel-opacity\"\/>\n\n\n\n<p>Iz medija:<\/p>\n\n\n\n<p><a href=\"https:\/\/www.portalnovosti.com\/etnicki-ispraznjen-dzep\">https:\/\/www.portalnovosti.com\/etnicki-ispraznjen-dzep<\/a><\/p>\n\n\n\n<hr class=\"wp-block-separator has-alpha-channel-opacity\"\/>\n","protected":false},"excerpt":{"rendered":"","protected":false},"author":2,"featured_media":47622,"comment_status":"open","ping_status":"open","sticky":false,"template":"","format":"standard","meta":{"_acf_changed":false,"jetpack_post_was_ever_published":false,"_jetpack_newsletter_access":"","_jetpack_dont_email_post_to_subs":false,"_jetpack_newsletter_tier_id":0,"_jetpack_memberships_contains_paywalled_content":false,"_jetpack_memberships_contains_paid_content":false,"footnotes":"","jetpack_publicize_message":"","jetpack_publicize_feature_enabled":true,"jetpack_social_post_already_shared":true,"jetpack_social_options":{"image_generator_settings":{"template":"highway","default_image_id":0,"font":"","enabled":false},"version":2}},"categories":[8,3],"tags":[],"class_list":["post-47621","post","type-post","status-publish","format-standard","has-post-thumbnail","hentry","category-knjige","category-novosti"],"acf":{"facebook_opis":""},"jetpack_publicize_connections":[],"jetpack_featured_media_url":"https:\/\/i0.wp.com\/historiografija.hr\/wp-content\/uploads\/2025\/07\/SNV_Bulletin_25.jpg?fit=1025%2C1536&ssl=1","jetpack_sharing_enabled":true,"jetpack-related-posts":[],"_links":{"self":[{"href":"https:\/\/historiografija.hr\/index.php?rest_route=\/wp\/v2\/posts\/47621","targetHints":{"allow":["GET"]}}],"collection":[{"href":"https:\/\/historiografija.hr\/index.php?rest_route=\/wp\/v2\/posts"}],"about":[{"href":"https:\/\/historiografija.hr\/index.php?rest_route=\/wp\/v2\/types\/post"}],"author":[{"embeddable":true,"href":"https:\/\/historiografija.hr\/index.php?rest_route=\/wp\/v2\/users\/2"}],"replies":[{"embeddable":true,"href":"https:\/\/historiografija.hr\/index.php?rest_route=%2Fwp%2Fv2%2Fcomments&post=47621"}],"version-history":[{"count":1,"href":"https:\/\/historiografija.hr\/index.php?rest_route=\/wp\/v2\/posts\/47621\/revisions"}],"predecessor-version":[{"id":47623,"href":"https:\/\/historiografija.hr\/index.php?rest_route=\/wp\/v2\/posts\/47621\/revisions\/47623"}],"wp:featuredmedia":[{"embeddable":true,"href":"https:\/\/historiografija.hr\/index.php?rest_route=\/wp\/v2\/media\/47622"}],"wp:attachment":[{"href":"https:\/\/historiografija.hr\/index.php?rest_route=%2Fwp%2Fv2%2Fmedia&parent=47621"}],"wp:term":[{"taxonomy":"category","embeddable":true,"href":"https:\/\/historiografija.hr\/index.php?rest_route=%2Fwp%2Fv2%2Fcategories&post=47621"},{"taxonomy":"post_tag","embeddable":true,"href":"https:\/\/historiografija.hr\/index.php?rest_route=%2Fwp%2Fv2%2Ftags&post=47621"}],"curies":[{"name":"wp","href":"https:\/\/api.w.org\/{rel}","templated":true}]}}