{"id":47607,"date":"2025-07-29T21:51:49","date_gmt":"2025-07-29T21:51:49","guid":{"rendered":"https:\/\/historiografija.hr\/?p=47607"},"modified":"2025-07-29T21:51:49","modified_gmt":"2025-07-29T21:51:49","slug":"predstavljanje-knjige-vladimira-nazora-hrvatski-kraljevi-u-petrinji","status":"publish","type":"post","link":"https:\/\/historiografija.hr\/?p=47607","title":{"rendered":"Predstavljanje knjige Vladimira Nazora &#8220;HRVATSKI KRALJEVI&#8221; u Petrinji"},"content":{"rendered":"\n<p>Subota 2. kolovoza 2025. godine u 20 sati. POU Hrvatski dom Petrinja, Mala dvorana, Ulica M. Gupca 2.<\/p>\n\n\n\n<hr class=\"wp-block-separator has-alpha-channel-opacity\"\/>\n\n\n\n<p><strong>Ogranak Matice hrvatske u Petrinji<\/strong><\/p>\n\n\n\n<p>prigodom <em>Dana grada Petrinje,<\/em><br><em>blagdana sv. Lovre,<\/em><em><br>1100.&nbsp;obljetnice Hrvatskoga Kraljevstva<\/em><br><em>i 30. obljetnice VRO \u201eOluja\u201c<\/em><\/p>\n\n\n\n<p>ima \u010dast i zadovoljstvo pozvati Vas na predstavljanje knjige<\/p>\n\n\n\n<p><strong><em>HRVATSKI KRALJEVI<\/em><\/strong><br><em>Vladimira Nazora<\/em><\/p>\n\n\n\n<p><strong>O knjizi govore:<\/strong><br>Bo\u017eidar Petra\u010d, <em>potpredsjednik Matice hrvatske<\/em><br>prof. dr. sc. Vladimir Lon\u010darevi\u0107, <em>knji\u017eevni tajnik Matice hrvatske<\/em><\/p>\n\n\n\n<p><strong>Stihove \u010dita:<\/strong><br>Tomislav Marti\u0107, <em>dramski umjetnik<\/em><\/p>\n\n\n\n<p><strong>U glazbenom dijelu sudjeluju:<\/strong><br>Sanda i Leon Bu\u010dar<\/p>\n\n\n\n<p><strong>Voditelj:<\/strong><br>Vladimir Krpan, <em>predsjednik OMH u Petrinji<\/em><\/p>\n\n\n\n<p><strong><em>Subota, 2. kolovoza 2025. u 20.00 sati<\/em><\/strong><br><strong><em>POU Hrvatski dom Petrinja, Mala dvorana, Ulica M. Gupca 2<\/em><\/strong><\/p>\n\n\n\n<hr class=\"wp-block-separator has-alpha-channel-opacity\"\/>\n\n\n\n<p>Izvor:<\/p>\n\n\n\n<p><a href=\"https:\/\/www.matica.hr\/zbivanja\/predstavljanje-knjige-vladimira-nazora-hrvatski-kraljevi-4849\">https:\/\/www.matica.hr\/zbivanja\/predstavljanje-knjige-vladimira-nazora-hrvatski-kraljevi-4849<\/a><\/p>\n\n\n\n<hr class=\"wp-block-separator has-alpha-channel-opacity\"\/>\n","protected":false},"excerpt":{"rendered":"","protected":false},"author":2,"featured_media":47608,"comment_status":"open","ping_status":"open","sticky":false,"template":"","format":"standard","meta":{"_acf_changed":false,"jetpack_post_was_ever_published":false,"_jetpack_newsletter_access":"","_jetpack_dont_email_post_to_subs":false,"_jetpack_newsletter_tier_id":0,"_jetpack_memberships_contains_paywalled_content":false,"_jetpack_memberships_contains_paid_content":false,"footnotes":"","jetpack_publicize_message":"","jetpack_publicize_feature_enabled":true,"jetpack_social_post_already_shared":true,"jetpack_social_options":{"image_generator_settings":{"template":"highway","default_image_id":0,"font":"","enabled":false},"version":2}},"categories":[3],"tags":[],"class_list":["post-47607","post","type-post","status-publish","format-standard","has-post-thumbnail","hentry","category-novosti"],"acf":{"facebook_opis":""},"jetpack_publicize_connections":[],"jetpack_featured_media_url":"https:\/\/i0.wp.com\/historiografija.hr\/wp-content\/uploads\/2025\/07\/Petrinja_Hrv_kraljevi.jpg?fit=680%2C479&ssl=1","jetpack_sharing_enabled":true,"jetpack-related-posts":[],"_links":{"self":[{"href":"https:\/\/historiografija.hr\/index.php?rest_route=\/wp\/v2\/posts\/47607","targetHints":{"allow":["GET"]}}],"collection":[{"href":"https:\/\/historiografija.hr\/index.php?rest_route=\/wp\/v2\/posts"}],"about":[{"href":"https:\/\/historiografija.hr\/index.php?rest_route=\/wp\/v2\/types\/post"}],"author":[{"embeddable":true,"href":"https:\/\/historiografija.hr\/index.php?rest_route=\/wp\/v2\/users\/2"}],"replies":[{"embeddable":true,"href":"https:\/\/historiografija.hr\/index.php?rest_route=%2Fwp%2Fv2%2Fcomments&post=47607"}],"version-history":[{"count":1,"href":"https:\/\/historiografija.hr\/index.php?rest_route=\/wp\/v2\/posts\/47607\/revisions"}],"predecessor-version":[{"id":47609,"href":"https:\/\/historiografija.hr\/index.php?rest_route=\/wp\/v2\/posts\/47607\/revisions\/47609"}],"wp:featuredmedia":[{"embeddable":true,"href":"https:\/\/historiografija.hr\/index.php?rest_route=\/wp\/v2\/media\/47608"}],"wp:attachment":[{"href":"https:\/\/historiografija.hr\/index.php?rest_route=%2Fwp%2Fv2%2Fmedia&parent=47607"}],"wp:term":[{"taxonomy":"category","embeddable":true,"href":"https:\/\/historiografija.hr\/index.php?rest_route=%2Fwp%2Fv2%2Fcategories&post=47607"},{"taxonomy":"post_tag","embeddable":true,"href":"https:\/\/historiografija.hr\/index.php?rest_route=%2Fwp%2Fv2%2Ftags&post=47607"}],"curies":[{"name":"wp","href":"https:\/\/api.w.org\/{rel}","templated":true}]}}