{"id":47602,"date":"2025-07-29T21:41:21","date_gmt":"2025-07-29T21:41:21","guid":{"rendered":"https:\/\/historiografija.hr\/?p=47602"},"modified":"2025-07-31T20:44:42","modified_gmt":"2025-07-31T20:44:42","slug":"documenta-objavljeni-rezultati-istrazivanja-ljudski-gubici-1991-1995-u-hrvatskoj-vojno-redarstvena-operacija-oluja-i-poslije","status":"publish","type":"post","link":"https:\/\/historiografija.hr\/?p=47602","title":{"rendered":"Documenta: Objavljeni rezultati istra\u017eivanja \u201eLjudski gubici 1991.\u20131995. u Hrvatskoj\u201d \u2013 Vojno-redarstvena operacija \u201eOluja\u201d i poslije"},"content":{"rendered":"\n<p>U ponedjeljak, 28. srpnja 2025., predstavljeni su preliminarni rezultati istra\u017eivanja ljudskih gubitaka <strong>povezanih s razdobljem Vojno-redarstvene operacije \u201eOluja\u201d i doga\u0111ajima koji su uslijedili, zaklju\u010dno s 14. sije\u010dnja 2001. godine.<\/strong> Istra\u017eivanje provodi <em>Documenta<\/em> \u2013 Centar za suo\u010davanje s pro\u0161lo\u0161\u0107u u okviru vi\u0161egodi\u0161njeg rada na dokumentiranju ljudskih gubitaka tijekom rata u Hrvatskoj 1991.\u20131995.<\/p>\n\n\n\n<p>Za razdoblje od 25. srpnja 1995. do 14. sije\u010dnja 2001. godine ukupno je evidentirano<strong> 2654 osoba<\/strong>. Od tog broja, <strong>2353<\/strong> osobe su identificirane kao potvr\u0111ene i djelomi\u010dno potvr\u0111ene \u017ertve rata. Uz njih, evidentirano je i <strong>126<\/strong> osoba za koje se, prema trenutno dostupnim podacima, ne mo\u017ee utvrditi da su bile \u017ertve rata. U bazi se nalazi i <strong>113<\/strong> osoba koje su zasad ozna\u010dene kao nepotvr\u0111ene \u017ertve, budu\u0107i da za njih nedostaju vjerodostojni izvori koji bi omogu\u0107ili potvrdu okolnosti stradanja. Tako\u0111er, dokumentirane su <strong>62<\/strong> osobe koje su imale prebivali\u0161te ili su bile dr\u017eavljani tada\u0161nje Savezne Republike Jugoslavije (Srbija i Crna Gora) ili Bosne i Hercegovine, a koje su ve\u0107 evidentirane od strane Fonda za humanitarno pravo ili se nalaze u Bosanskoj knjizi mrtvih, dok ih je i <em>Documenta<\/em> uvrstila u svoju evidenciju.<\/p>\n\n\n\n<p>Cilj istra\u017eivanja je stvaranje \u0161to to\u010dnijeg, utemeljenog i javno dostupnog popisa svih stradalih \u2013 kako civilnih, tako i vojnih osoba \u2013 neovisno o njihovoj nacionalnoj, etni\u010dkoj ili politi\u010dkoj pripadnosti. Proces prikupljanja podataka temelji se na vi\u0161egodi\u0161njem radu na terenu, razgovorima sa svjedocima i \u010dlanovima obitelji, uvidu u dokumentaciju razli\u010ditih institucija te suradnji s doma\u0107im i regionalnim organizacijama koje se bave dokumentiranjem ratnih \u017ertava.<\/p>\n\n\n\n<p>Objavljeni podaci predstavljaju preliminarne rezultate i podlo\u017eni su promjenama kako bude pristizalo vi\u0161e informacija. Javna objava ima za cilj potaknuti dodatna saznanja i svjedo\u010denja koja mogu doprinijeti boljem razumijevanju okolnosti stradanja i identiteta svih osoba koje su izgubile \u017eivot tijekom i nakon operacije \u201eOluja\u201d.<\/p>\n\n\n\n<hr class=\"wp-block-separator has-alpha-channel-opacity\"\/>\n\n\n\n<p>Budu\u0107i da kvaliteta podataka dostupnih za pojedine \u017ertve i stradalnike izrazito varira uslijed nedostatka ili nepouzdanosti izvora, potrebna nam je svaka pomo\u0107 da popis pobolj\u0161amo: bilo dodavanjem detalja, bilo ispravljanjem gre\u0161aka.<\/p>\n\n\n\n<p>Raspola\u017eete li bilo kakvom informacijom, \u017eelite li nadopuniti podatke, molimo vas da nam se javite na jedan od na\u0161ih kontakata. Va\u0161 \u0107e identitet biti za\u0161ti\u0107en.<\/p>\n\n\n\n<p><strong>Broj telefona:<\/strong>&nbsp;+385 1 457 2398<br><strong>Mail:<\/strong>&nbsp;kontakt@documenta.hr<\/p>\n\n\n\n<p><a href=\"https:\/\/documenta.hr\/wp-content\/uploads\/2025\/07\/documenta_oluja_2025.pdf\" target=\"_blank\" rel=\"noreferrer noopener\">PDF documenta_oluja_2025<\/a><\/p>\n\n\n\n<p><a href=\"https:\/\/documenta.hr\/wp-content\/uploads\/2025\/07\/prezentacija_oluja_2025.pdf\" target=\"_blank\" rel=\"noreferrer noopener\">PDF prezentacija_oluja_2025<\/a><\/p>\n\n\n\n<hr class=\"wp-block-separator has-alpha-channel-opacity\"\/>\n\n\n\n<p>Izvor i dodatne obavijesti o metodologiji istra\u017eivanja:<\/p>\n\n\n\n<figure class=\"wp-block-embed is-type-wp-embed is-provider-documenta wp-block-embed-documenta\"><div class=\"wp-block-embed__wrapper\">\n<blockquote class=\"wp-embedded-content\" data-secret=\"9qcnLLyPU6\"><a href=\"https:\/\/documenta.hr\/novosti\/sazetak-objave-podataka-istrazivanja-vojna-operacija-oluja-i-poslije\/\">Sa\u017eetak objave podataka istra\u017eivanja \u201eVojna operacija Oluja i poslije\u201c<\/a><\/blockquote><iframe loading=\"lazy\" class=\"wp-embedded-content\" sandbox=\"allow-scripts\" security=\"restricted\" style=\"position: absolute; visibility: hidden;\" title=\"&#8220;Sa\u017eetak objave podataka istra\u017eivanja \u201eVojna operacija Oluja i poslije\u201c&#8221; &#8212; Documenta\" src=\"https:\/\/documenta.hr\/novosti\/sazetak-objave-podataka-istrazivanja-vojna-operacija-oluja-i-poslije\/embed\/#?secret=9qcnLLyPU6\" data-secret=\"9qcnLLyPU6\" width=\"600\" height=\"338\" frameborder=\"0\" marginwidth=\"0\" marginheight=\"0\" scrolling=\"no\"><\/iframe>\n<\/div><\/figure>\n\n\n\n<figure class=\"wp-block-embed is-type-wp-embed is-provider-documenta wp-block-embed-documenta\"><div class=\"wp-block-embed__wrapper\">\n<blockquote class=\"wp-embedded-content\" data-secret=\"5lusA41AUe\"><a href=\"https:\/\/documenta.hr\/novosti\/objavljeni-rezultati-istrazivanja-ljudski-gubici-1991-1995-u-hrvatskoj-vojno-redarstvena-operacija-oluja-i-poslije\/\">Objavljeni rezultati istra\u017eivanja \u201eLjudski gubici 1991.\u20131995. u Hrvatskoj\u201d \u2013 Vojno-redarstvena operacija \u201eOluja\u201d i poslije<\/a><\/blockquote><iframe loading=\"lazy\" class=\"wp-embedded-content\" sandbox=\"allow-scripts\" security=\"restricted\" style=\"position: absolute; visibility: hidden;\" title=\"&#8220;Objavljeni rezultati istra\u017eivanja \u201eLjudski gubici 1991.\u20131995. u Hrvatskoj\u201d \u2013 Vojno-redarstvena operacija \u201eOluja\u201d i poslije&#8221; &#8212; Documenta\" src=\"https:\/\/documenta.hr\/novosti\/objavljeni-rezultati-istrazivanja-ljudski-gubici-1991-1995-u-hrvatskoj-vojno-redarstvena-operacija-oluja-i-poslije\/embed\/#?secret=5lusA41AUe\" data-secret=\"5lusA41AUe\" width=\"600\" height=\"338\" frameborder=\"0\" marginwidth=\"0\" marginheight=\"0\" scrolling=\"no\"><\/iframe>\n<\/div><\/figure>\n\n\n\n<hr class=\"wp-block-separator has-alpha-channel-opacity\"\/>\n\n\n\n<p>Iz medija:<\/p>\n\n\n\n<p><a href=\"https:\/\/www.hina.hr\/vijest\/12016238\">https:\/\/www.hina.hr\/vijest\/12016238<\/a><\/p>\n\n\n\n<p><a href=\"https:\/\/vijesti.hrt.hr\/hrvatska\/oluja-4-12266096\">https:\/\/vijesti.hrt.hr\/hrvatska\/oluja-4-12266096<\/a><\/p>\n\n\n\n<p><a href=\"https:\/\/n1info.hr\/vijesti\/documenta-predstavila-istrazivanja-ratnih-zlocina-tijekom-i-nakon-oluje\">https:\/\/n1info.hr\/vijesti\/documenta-predstavila-istrazivanja-ratnih-zlocina-tijekom-i-nakon-oluje<\/a><\/p>\n\n\n\n<p><a href=\"https:\/\/www.index.hr\/vijesti\/clanak\/documenta-predstavila-istrazivanja-ljudskih-gubitaka-tijekom-i-nakon-oluje\/2694453.aspx\">https:\/\/www.index.hr\/vijesti\/clanak\/documenta-predstavila-istrazivanja-ljudskih-gubitaka-tijekom-i-nakon-oluje\/2694453.aspx<\/a><\/p>\n\n\n\n<p><a href=\"https:\/\/www.portalnovosti.com\/operacija-s-vise-civilnih-nego-vojnih-zrtava\">https:\/\/www.portalnovosti.com\/operacija-s-vise-civilnih-nego-vojnih-zrtava<\/a><\/p>\n\n\n\n<figure class=\"wp-block-embed is-type-wp-embed is-provider-dnevni-list-danas wp-block-embed-dnevni-list-danas\"><div class=\"wp-block-embed__wrapper\">\n<blockquote class=\"wp-embedded-content\" data-secret=\"eCr8e6mhQy\"><a href=\"https:\/\/www.danas.rs\/svet\/region\/dokumenta-identifikovala-2-353-zrtve-rata-za-vreme-i-posle-oluje-vecina-srbi-i-civili\/\">Dokumenta identifikovala 2.353 \u017ertve rata za vreme i posle Oluje, ve\u0107ina Srbi i civili<\/a><\/blockquote><iframe loading=\"lazy\" class=\"wp-embedded-content\" sandbox=\"allow-scripts\" security=\"restricted\" style=\"position: absolute; visibility: hidden;\" title=\"&#132;Dokumenta identifikovala 2.353 \u017ertve rata za vreme i posle Oluje, ve\u0107ina Srbi i civili&#147; &#8212; Dnevni list Danas\" src=\"https:\/\/www.danas.rs\/svet\/region\/dokumenta-identifikovala-2-353-zrtve-rata-za-vreme-i-posle-oluje-vecina-srbi-i-civili\/embed\/#?secret=4l1XGtRY2A#?secret=eCr8e6mhQy\" data-secret=\"eCr8e6mhQy\" width=\"600\" height=\"338\" frameborder=\"0\" marginwidth=\"0\" marginheight=\"0\" scrolling=\"no\"><\/iframe>\n<\/div><\/figure>\n\n\n\n<p><a href=\"https:\/\/www.slobodnaevropa.org\/a\/hrvatska-oluja-zrtve-documenta\/33486176.html\">https:\/\/www.slobodnaevropa.org\/a\/hrvatska-oluja-zrtve-documenta\/33486176.html<\/a><\/p>\n\n\n\n<figure class=\"wp-block-embed is-type-wp-embed is-provider-nacional-hr wp-block-embed-nacional-hr\"><div class=\"wp-block-embed__wrapper\">\n<blockquote class=\"wp-embedded-content\" data-secret=\"zFG1MFvRRf\"><a href=\"https:\/\/www.nacional.hr\/popis-stradalih-documenta-predstavila-istrazivanja-ljudskih-gubitaka-tijekom-i-nakon-oluje\/\">POPIS STRADALIH Documenta predstavila istra\u017eivanja ljudskih gubitaka tijekom i nakon Oluje<\/a><\/blockquote><iframe loading=\"lazy\" class=\"wp-embedded-content\" sandbox=\"allow-scripts\" security=\"restricted\" style=\"position: absolute; visibility: hidden;\" title=\"&#8220;POPIS STRADALIH Documenta predstavila istra\u017eivanja ljudskih gubitaka tijekom i nakon Oluje&#8221; &#8212; NACIONAL.HR\" src=\"https:\/\/www.nacional.hr\/popis-stradalih-documenta-predstavila-istrazivanja-ljudskih-gubitaka-tijekom-i-nakon-oluje\/embed\/#?secret=xrFMCRmxVj#?secret=zFG1MFvRRf\" data-secret=\"zFG1MFvRRf\" width=\"600\" height=\"338\" frameborder=\"0\" marginwidth=\"0\" marginheight=\"0\" scrolling=\"no\"><\/iframe>\n<\/div><\/figure>\n\n\n\n<p><a href=\"https:\/\/www.tportal.hr\/vijesti\/clanak\/predstavljena-istrazivanja-ljudskih-gubitaka-tijekom-i-nakon-oluje-zlocini-su-se-zasigurno-dogodili-20250728\">https:\/\/www.tportal.hr\/vijesti\/clanak\/predstavljena-istrazivanja-ljudskih-gubitaka-tijekom-i-nakon-oluje-zlocini-su-se-zasigurno-dogodili-20250728<\/a><\/p>\n\n\n\n<p><a href=\"https:\/\/final.sibenik.in\/hrvatska\/objavljeno-istrazivanje-o-zrtvama-oluje-slavi-se-mimohodom-a-vezana-je-za-egzodus-i-ubijanje\">https:\/\/final.sibenik.in\/hrvatska\/objavljeno-istrazivanje-o-zrtvama-oluje-slavi-se-mimohodom-a-vezana-je-za-egzodus-i-ubijanje<\/a><\/p>\n\n\n\n<figure class=\"wp-block-embed is-type-wp-embed is-provider-tris-portal-ibenik wp-block-embed-tris-portal-ibenik\"><div class=\"wp-block-embed__wrapper\">\n<blockquote class=\"wp-embedded-content\" data-secret=\"1rZVSkodur\"><a href=\"https:\/\/tris.com.hr\/2025\/07\/documenta-predstavila-rezultate-istrazivanja-ljudskih-stradanja-tijekom-i-nakon-oluje-identificirano-2353-zrtve-rata-najvise-je-civila-srpske-nacionalnosti-uglavnom-u-dobi-od-36-64-godine\/\">Documenta predstavila rezultate istra\u017eivanja ljudskih stradanja tijekom i nakon Oluje: Identificirano 2353 \u017ertve rata, najvi\u0161e je civila, srpske nacionalnosti, uglavnom u dobi od 36- 64 godine<\/a><\/blockquote><iframe loading=\"lazy\" class=\"wp-embedded-content\" sandbox=\"allow-scripts\" security=\"restricted\" style=\"position: absolute; visibility: hidden;\" title=\"&#8220;Documenta predstavila rezultate istra\u017eivanja ljudskih stradanja tijekom i nakon Oluje: Identificirano 2353 \u017ertve rata, najvi\u0161e je civila, srpske nacionalnosti, uglavnom u dobi od 36- 64 godine&#8221; &#8212; TRIS portal - \u0160ibenik\" src=\"https:\/\/tris.com.hr\/2025\/07\/documenta-predstavila-rezultate-istrazivanja-ljudskih-stradanja-tijekom-i-nakon-oluje-identificirano-2353-zrtve-rata-najvise-je-civila-srpske-nacionalnosti-uglavnom-u-dobi-od-36-64-godine\/embed\/#?secret=uE42k0uYH8#?secret=1rZVSkodur\" data-secret=\"1rZVSkodur\" width=\"600\" height=\"338\" frameborder=\"0\" marginwidth=\"0\" marginheight=\"0\" scrolling=\"no\"><\/iframe>\n<\/div><\/figure>\n\n\n\n<figure class=\"wp-block-embed is-type-wp-embed is-provider-misao-hr wp-block-embed-misao-hr\"><div class=\"wp-block-embed__wrapper\">\n<blockquote class=\"wp-embedded-content\" data-secret=\"y55Dgzcy2U\"><a href=\"https:\/\/misao.hr\/2025\/07\/29\/u-odnosu-na-hrvatske-sluzbene-podatke-documenta-utrostrucila-podatke-o-zrtvama-u-oluji-pa-sve-do-2001\/\">Documenta gotovo utrostru\u010dila podatke o srpskim \u017ertvama u Oluji protegnuv\u0161i ih do 2001.<\/a><\/blockquote><iframe loading=\"lazy\" class=\"wp-embedded-content\" sandbox=\"allow-scripts\" security=\"restricted\" style=\"position: absolute; visibility: hidden;\" title=\"&#8220;Documenta gotovo utrostru\u010dila podatke o srpskim \u017ertvama u Oluji protegnuv\u0161i ih do 2001.&#8221; &#8212; Misao.hr\" src=\"https:\/\/misao.hr\/2025\/07\/29\/u-odnosu-na-hrvatske-sluzbene-podatke-documenta-utrostrucila-podatke-o-zrtvama-u-oluji-pa-sve-do-2001\/embed\/#?secret=ZA4NAfxgWC#?secret=y55Dgzcy2U\" data-secret=\"y55Dgzcy2U\" width=\"600\" height=\"338\" frameborder=\"0\" marginwidth=\"0\" marginheight=\"0\" scrolling=\"no\"><\/iframe>\n<\/div><\/figure>\n\n\n\n<figure class=\"wp-block-embed is-type-wp-embed is-provider-hrvatski-glasnik wp-block-embed-hrvatski-glasnik\"><div class=\"wp-block-embed__wrapper\">\n<blockquote class=\"wp-embedded-content\" data-secret=\"MDvqmHDHAe\"><a href=\"https:\/\/hrvatski-glasnik.com\/izdvojeno\/manipulira-li-documenta-podacima-o-stradalima-u-vro-oluja-evo-sto-kazu-sluzbeni-podaci\/2025\/07\/28\/134242\/\">Manipulira li Documenta podacima o stradalima u VRO Oluja. Evo \u0161to ka\u017eu slu\u017ebeni podaci<\/a><\/blockquote><iframe loading=\"lazy\" class=\"wp-embedded-content\" sandbox=\"allow-scripts\" security=\"restricted\" style=\"position: absolute; visibility: hidden;\" title=\"&#8220;Manipulira li Documenta podacima o stradalima u VRO Oluja. Evo \u0161to ka\u017eu slu\u017ebeni podaci&#8221; &#8212; Hrvatski Glasnik\" src=\"https:\/\/hrvatski-glasnik.com\/izdvojeno\/manipulira-li-documenta-podacima-o-stradalima-u-vro-oluja-evo-sto-kazu-sluzbeni-podaci\/2025\/07\/28\/134242\/embed\/#?secret=mwq6ftA4pg#?secret=MDvqmHDHAe\" data-secret=\"MDvqmHDHAe\" width=\"600\" height=\"338\" frameborder=\"0\" marginwidth=\"0\" marginheight=\"0\" scrolling=\"no\"><\/iframe>\n<\/div><\/figure>\n\n\n\n<figure class=\"wp-block-embed is-type-wp-embed is-provider-nacionalnoplus-hr wp-block-embed-nacionalnoplus-hr\"><div class=\"wp-block-embed__wrapper\">\n<blockquote class=\"wp-embedded-content\" data-secret=\"hVYbDgxfSk\"><a href=\"https:\/\/nacionalnoplus.hr\/istrazivanje-documente-o-oluji-neutemeljen-pristup-koji-iskrivljuje-istinu-o-domovinskom-ratu\/\">Istra\u017eivanje Documente o Oluji: Neutemeljen pristup koji iskrivljuje istinu o Domovinskom ratu<\/a><\/blockquote><iframe loading=\"lazy\" class=\"wp-embedded-content\" sandbox=\"allow-scripts\" security=\"restricted\" style=\"position: absolute; visibility: hidden;\" title=\"&#8220;Istra\u017eivanje Documente o Oluji: Neutemeljen pristup koji iskrivljuje istinu o Domovinskom ratu&#8221; &#8212; NacionalnoPlus.hr\" src=\"https:\/\/nacionalnoplus.hr\/istrazivanje-documente-o-oluji-neutemeljen-pristup-koji-iskrivljuje-istinu-o-domovinskom-ratu\/embed\/#?secret=QOpdAnj3MJ#?secret=hVYbDgxfSk\" data-secret=\"hVYbDgxfSk\" width=\"600\" height=\"338\" frameborder=\"0\" marginwidth=\"0\" marginheight=\"0\" scrolling=\"no\"><\/iframe>\n<\/div><\/figure>\n\n\n\n<p><a href=\"https:\/\/narod.hr\/hrvatska\/documenta-opet-provocira-pred-oluju-zbraja-zrtve-nekog-rata-do-2001-godine\">https:\/\/narod.hr\/hrvatska\/documenta-opet-provocira-pred-oluju-zbraja-zrtve-nekog-rata-do-2001-godine<\/a><\/p>\n\n\n\n<p><a href=\"https:\/\/direktno.hr\/domovina\/gotovinin-odvjetnik-reagirao-kontroverznu-izjavu-savjetovala-mu-da-se-pokaje-376806\">https:\/\/direktno.hr\/domovina\/gotovinin-odvjetnik-reagirao-kontroverznu-izjavu-savjetovala-mu-da-se-pokaje-376806<\/a><\/p>\n\n\n\n<p><a href=\"https:\/\/narod.hr\/hrvatska\/prof-vukelic-documenta-radi-povrsno-selektivno-i-neeticno-mimo-znanstvenog-aparata\">https:\/\/narod.hr\/hrvatska\/prof-vukelic-documenta-radi-povrsno-selektivno-i-neeticno-mimo-znanstvenog-aparata<\/a><\/p>\n\n\n\n<hr class=\"wp-block-separator has-alpha-channel-opacity\"\/>\n\n\n\n<p><\/p>\n","protected":false},"excerpt":{"rendered":"","protected":false},"author":2,"featured_media":47603,"comment_status":"open","ping_status":"open","sticky":false,"template":"","format":"standard","meta":{"_acf_changed":false,"jetpack_post_was_ever_published":false,"_jetpack_newsletter_access":"","_jetpack_dont_email_post_to_subs":false,"_jetpack_newsletter_tier_id":0,"_jetpack_memberships_contains_paywalled_content":false,"_jetpack_memberships_contains_paid_content":false,"footnotes":"","jetpack_publicize_message":"","jetpack_publicize_feature_enabled":true,"jetpack_social_post_already_shared":true,"jetpack_social_options":{"image_generator_settings":{"template":"highway","default_image_id":0,"font":"","enabled":false},"version":2}},"categories":[3],"tags":[],"class_list":["post-47602","post","type-post","status-publish","format-standard","has-post-thumbnail","hentry","category-novosti"],"acf":{"facebook_opis":""},"jetpack_publicize_connections":[],"jetpack_featured_media_url":"https:\/\/i0.wp.com\/historiografija.hr\/wp-content\/uploads\/2025\/07\/Babica-trgovina-zadruga-mjesto-zlocina.jpg?fit=937%2C601&ssl=1","jetpack_sharing_enabled":true,"jetpack-related-posts":[],"_links":{"self":[{"href":"https:\/\/historiografija.hr\/index.php?rest_route=\/wp\/v2\/posts\/47602","targetHints":{"allow":["GET"]}}],"collection":[{"href":"https:\/\/historiografija.hr\/index.php?rest_route=\/wp\/v2\/posts"}],"about":[{"href":"https:\/\/historiografija.hr\/index.php?rest_route=\/wp\/v2\/types\/post"}],"author":[{"embeddable":true,"href":"https:\/\/historiografija.hr\/index.php?rest_route=\/wp\/v2\/users\/2"}],"replies":[{"embeddable":true,"href":"https:\/\/historiografija.hr\/index.php?rest_route=%2Fwp%2Fv2%2Fcomments&post=47602"}],"version-history":[{"count":10,"href":"https:\/\/historiografija.hr\/index.php?rest_route=\/wp\/v2\/posts\/47602\/revisions"}],"predecessor-version":[{"id":47630,"href":"https:\/\/historiografija.hr\/index.php?rest_route=\/wp\/v2\/posts\/47602\/revisions\/47630"}],"wp:featuredmedia":[{"embeddable":true,"href":"https:\/\/historiografija.hr\/index.php?rest_route=\/wp\/v2\/media\/47603"}],"wp:attachment":[{"href":"https:\/\/historiografija.hr\/index.php?rest_route=%2Fwp%2Fv2%2Fmedia&parent=47602"}],"wp:term":[{"taxonomy":"category","embeddable":true,"href":"https:\/\/historiografija.hr\/index.php?rest_route=%2Fwp%2Fv2%2Fcategories&post=47602"},{"taxonomy":"post_tag","embeddable":true,"href":"https:\/\/historiografija.hr\/index.php?rest_route=%2Fwp%2Fv2%2Ftags&post=47602"}],"curies":[{"name":"wp","href":"https:\/\/api.w.org\/{rel}","templated":true}]}}