{"id":47589,"date":"2025-07-25T09:35:00","date_gmt":"2025-07-25T09:35:00","guid":{"rendered":"https:\/\/historiografija.hr\/?p=47589"},"modified":"2025-07-25T09:35:00","modified_gmt":"2025-07-25T09:35:00","slug":"umro-csaba-gyorgy-kiss","status":"publish","type":"post","link":"https:\/\/historiografija.hr\/?p=47589","title":{"rendered":"Umro Csaba Gy\u00f6rgy Kiss"},"content":{"rendered":"\n<p>U srijedu 23. srpnja 2025. u Budimpe\u0161ti je u 81. godini \u017eivota umro ma\u0111arski knji\u017eevni povjesni\u010dar <strong>Csaba Gy\u00f6rgy Kiss<\/strong>, dopisni \u010dlan Hrvatske akademije znanosti i umjetnosti. Rodio se u Budimpe\u0161ti 2. travnja 1945. Studirao je na Filozofskom fakultetu Sveu\u010dili\u0161ta L\u00f3r\u00e1nd E\u00f6tv\u00f6s u Budimpe\u0161ti od 1963. do 1968. te stekao diplomu srednjo\u0161kolskog profesora ma\u0111arskog i njema\u010dkog jezika. Doktorirao je 1986. na podru\u010dju &nbsp;komparatistike. &nbsp;Nakon zavr\u0161etka studija radio je kao novinar, a od 1970-ih godina su objavljeni njegovi radovi o poljskim knji\u017eevnim temama. Od 1975. do 1980. bio je odgovorni urednik za zapadnoslavenske knji\u017eevnosti u \u010dasopisu <em>Nagyvil\u00e1g<\/em> (\u010dasopis za svjetsku knji\u017eevnost). Od 1980. do 1986. bio je znanstveni suradnik Instituta za knji\u017eevnost Ma\u0111arske akademije znanosti. Godine 1987. bio je jedan od sedam osniva\u010da Ma\u0111arskog demokratskog foruma, a od 1988. bio je \u010dlan uredni\u0161tva prvog nezavisnog ma\u0111arskog \u010dasopisa <em>Hitel. <\/em>Kasnije je bio prvi glasnogovornik Ma\u0111arskog demokratskog foruma, a zatim i potpredsjednik te stranke.&nbsp; Godine 1990. napustio je politi\u010dko djelovanje i po\u010deo se baviti s istra\u017eivanjima o \u200b\u200bsrednjoeuropskom nacionalizmu i nacionalnim mitovima. U razdoblju izme\u0111u 1992. i 1995. bio je ravnatelj Instituta za srednju Europu u Budimpe\u0161ti. Producirao je informativni serijal o srednjoeuropskim zemljama za Ma\u0111arsku televiziju. Od 1995. bio je izvanredni profesor na Odsjeku za kulturnu povijest Sveu\u010dili\u0161ta L\u00f3r\u00e1nd E\u00f6tv\u00f6s, a 2008. redoviti profesor.&nbsp;Djelovao je kao gostuju\u0107i profesor na vi\u0161e sveu\u010dili\u0161ta u inozemstvu, a od 1999. do 2004. i na&nbsp;Sveu\u010dili\u0161tu u Zagrebu na studiju hungarologije kojem je bio jedan od osniva\u010da.<\/p>\n\n\n\n<p>Od 2008. do 2016. bio je predsjednik znanstvenog vije\u0107a me\u0111unarodne radne zajednice European Network Remembrance et Solidarity sa sjedi\u0161tem u Var\u0161avi te \u010dlan programskog vije\u0107a International Cultural Centre u Krakovu od 2013. do 2023.<\/p>\n\n\n\n<p>Objavio je 17 samostalnih svezaka (znanstvenih radova i eseja) i bio urednik 23 izdanja. Godine 2014. u Zagrebu je objavio knjigu <em>Budimpe\u0161ta \u2013 Zagreb s povratnom kartom<\/em>,&nbsp;zbirku \u010detrdesetak eseja i putopisnih crtica u kojima govori o raznim aspektima hrvatsko-ma\u0111arskih kulturnih odnosa, povijesti svakodnevice, kao i odnosima me\u0111u pojedinim akterima hrvatsko-ma\u0111arske suradnje u pro\u0161losti i danas.<\/p>\n\n\n\n<p>Povezuju\u0107i kulture Srednje Europe, radio je na njihovoj zajedni\u010dkoj prepoznatljivosti, istodobno otkrivaju\u0107i i afirmiraju\u0107i njihove posebnosti. Unato\u010d povijesno-politi\u010dkim, \u010desto i antagonisti\u010dnim odnosima, Kiss je nastojao izgraditi nove mre\u017ee me\u0111usobne povezanosti, temeljene na uzajamnom poznavanju i uva\u017eavanju. U brojnim je radovima osvijetlio primjere hrvatsko-ma\u0111arskih odnosa kroz dugu i politi\u010dki povezanu povijest te plodonosan dijalog izme\u0111u dviju knji\u017eevnosti, potaknut kulturnom razmjenom, dvojezi\u010dnim autorima i prijevodima klju\u010dnih djela. Svojim je radom zna\u010dajno pridonio razumijevanju i valorizaciji tih me\u0111usobnih utjecaja, isti\u010du\u0107i knji\u017eevnost kao va\u017ean most izme\u0111u naroda.<\/p>\n\n\n\n<p>Odlikovan je 2021. Redom hrvatskog pletera. Za dopisnog \u010dlana HAZU, u Razredu za knji\u017eevnost, izabran je 2024.<\/p>\n\n\n\n<hr class=\"wp-block-separator has-alpha-channel-opacity\"\/>\n\n\n\n<p>Izvor:<\/p>\n\n\n\n<figure class=\"wp-block-embed is-type-wp-embed is-provider-hazu wp-block-embed-hazu\"><div class=\"wp-block-embed__wrapper\">\n<blockquote class=\"wp-embedded-content\" data-secret=\"cEerPmwExp\"><a href=\"https:\/\/www.info.hazu.hr\/2025\/07\/umro-csaba-gyorgy-kiss-dopisni-clan-hrvatske-akademije-znanosti-i-umjetnosti\/\">Umro Csaba Gy\u00f6rgy Kiss, dopisni \u010dlan Hrvatske akademije znanosti i umjetnosti<\/a><\/blockquote><iframe loading=\"lazy\" class=\"wp-embedded-content\" sandbox=\"allow-scripts\" security=\"restricted\" style=\"position: absolute; visibility: hidden;\" title=\"&#8220;Umro Csaba Gy\u00f6rgy Kiss, dopisni \u010dlan Hrvatske akademije znanosti i umjetnosti&#8221; &#8212; HAZU\" src=\"https:\/\/www.info.hazu.hr\/2025\/07\/umro-csaba-gyorgy-kiss-dopisni-clan-hrvatske-akademije-znanosti-i-umjetnosti\/embed\/#?secret=cEerPmwExp\" data-secret=\"cEerPmwExp\" width=\"600\" height=\"338\" frameborder=\"0\" marginwidth=\"0\" marginheight=\"0\" scrolling=\"no\"><\/iframe>\n<\/div><\/figure>\n\n\n\n<hr class=\"wp-block-separator has-alpha-channel-opacity\"\/>\n","protected":false},"excerpt":{"rendered":"","protected":false},"author":2,"featured_media":47590,"comment_status":"open","ping_status":"open","sticky":false,"template":"","format":"standard","meta":{"_acf_changed":false,"jetpack_post_was_ever_published":false,"_jetpack_newsletter_access":"","_jetpack_dont_email_post_to_subs":false,"_jetpack_newsletter_tier_id":0,"_jetpack_memberships_contains_paywalled_content":false,"_jetpack_memberships_contains_paid_content":false,"footnotes":"","jetpack_publicize_message":"","jetpack_publicize_feature_enabled":true,"jetpack_social_post_already_shared":true,"jetpack_social_options":{"image_generator_settings":{"template":"highway","default_image_id":0,"font":"","enabled":false},"version":2}},"categories":[3,20],"tags":[],"class_list":["post-47589","post","type-post","status-publish","format-standard","has-post-thumbnail","hentry","category-novosti","category-obavijesti-o-smrti-i-nekrolozi"],"acf":{"facebook_opis":""},"jetpack_publicize_connections":[],"jetpack_featured_media_url":"https:\/\/i0.wp.com\/historiografija.hr\/wp-content\/uploads\/2025\/07\/kiss-scaled.jpg?fit=2560%2C1992&ssl=1","jetpack_sharing_enabled":true,"jetpack-related-posts":[],"_links":{"self":[{"href":"https:\/\/historiografija.hr\/index.php?rest_route=\/wp\/v2\/posts\/47589","targetHints":{"allow":["GET"]}}],"collection":[{"href":"https:\/\/historiografija.hr\/index.php?rest_route=\/wp\/v2\/posts"}],"about":[{"href":"https:\/\/historiografija.hr\/index.php?rest_route=\/wp\/v2\/types\/post"}],"author":[{"embeddable":true,"href":"https:\/\/historiografija.hr\/index.php?rest_route=\/wp\/v2\/users\/2"}],"replies":[{"embeddable":true,"href":"https:\/\/historiografija.hr\/index.php?rest_route=%2Fwp%2Fv2%2Fcomments&post=47589"}],"version-history":[{"count":1,"href":"https:\/\/historiografija.hr\/index.php?rest_route=\/wp\/v2\/posts\/47589\/revisions"}],"predecessor-version":[{"id":47591,"href":"https:\/\/historiografija.hr\/index.php?rest_route=\/wp\/v2\/posts\/47589\/revisions\/47591"}],"wp:featuredmedia":[{"embeddable":true,"href":"https:\/\/historiografija.hr\/index.php?rest_route=\/wp\/v2\/media\/47590"}],"wp:attachment":[{"href":"https:\/\/historiografija.hr\/index.php?rest_route=%2Fwp%2Fv2%2Fmedia&parent=47589"}],"wp:term":[{"taxonomy":"category","embeddable":true,"href":"https:\/\/historiografija.hr\/index.php?rest_route=%2Fwp%2Fv2%2Fcategories&post=47589"},{"taxonomy":"post_tag","embeddable":true,"href":"https:\/\/historiografija.hr\/index.php?rest_route=%2Fwp%2Fv2%2Ftags&post=47589"}],"curies":[{"name":"wp","href":"https:\/\/api.w.org\/{rel}","templated":true}]}}