{"id":47582,"date":"2025-07-24T21:36:04","date_gmt":"2025-07-24T21:36:04","guid":{"rendered":"https:\/\/historiografija.hr\/?p=47582"},"modified":"2025-07-24T21:36:04","modified_gmt":"2025-07-24T21:36:04","slug":"nove-avanture-marija-saletta-dnevnik-1959-1963","status":"publish","type":"post","link":"https:\/\/historiografija.hr\/?p=47582","title":{"rendered":"NOVE AVANTURE MARIJA SALETTA, Dnevnik 1959. -1963."},"content":{"rendered":"\n<p><strong>Urednici: Tatjana \u0160ari\u0107, Hrvoje Bari\u010devi\u0107<\/strong><br><strong>Zagreb, 2024.<\/strong><\/p>\n\n\n\n<p>Pridru\u017eite se Mariju Salettu i njegovim prijateljima na nezaboravnom putovanju kroz Europu u vrijeme socijalizma. Nastavak je ovo prvog dnevnika, koji obuhva\u0107a razdoblje od kraja 1959. do sredine 1963. godine te pru\u017ea jedinstven uvid u na\u010din \u017eivota i putovanja mladih ljudi u to vrijeme. U svijetu ograni\u010denih mogu\u0107nosti, Saletto i njegovi prijatelji su pokazali zavidan avanturisti\u010dki duh, putuju\u0107i kroz Jugoslaviju i Europu.<\/p>\n\n\n\n<p>Zamislite putovanje automobilom bez navigacije, spavanje pod \u0161atorom u neistra\u017eenim krajevima i upoznavanje ljudi razli\u010ditih kultura. Saletto i njegova ekipa su se suo\u010davali s brojnim izazovima, od birokratskih prepreka do lo\u0161ih cesta, ali su ih svi ti izazovi \u010dinili jo\u0161 odva\u017enijima.<\/p>\n\n\n\n<p>Ovaj dnevnik je vi\u0161e od putopisa \u2013 to je svojevrsna vremenska kapsula koja nas vra\u0107a u pro\u0161lo stolje\u0107e.&nbsp;Kroz Salettove o\u010di vidimo kako su se mladi ljudi tada opu\u0161tali, \u0161to ih je zanimalo i kako su do\u017eivljavali svijet oko sebe. Svako putovanje je bilo nova avantura koja ih je izvla\u010dila iz zone komfora i tjerala da se suo\u010de s novim izazovima, \u0161ire\u0107i svoje vidike i oblikuju\u0107i svoje poglede na svijet.<\/p>\n\n\n\n<p>Vremenska kapsula iz vremena u kojem su skije bile drvene, a prijateljstva \u010deli\u010dna!<\/p>\n\n\n\n<p>Izvor: <a href=\"http:\/\/www.arhiv.hr\/Na%C5%A1a-izdanja\/Nova-izdanja\">http:\/\/www.arhiv.hr\/Na%C5%A1a-izdanja\/Nova-izdanja<\/a><\/p>\n\n\n\n<hr class=\"wp-block-separator has-alpha-channel-opacity\"\/>\n\n\n\n<p><strong>PRVA PUTOVANJA MARIJA SALETTA: DNEVNIK 1957.-1959.<\/strong><\/p>\n\n\n\n<p>Autori: Tatjana \u0160ari\u0107 i Hrvoje Bari\u010devi\u0107<\/p>\n\n\n\n<p>Broj stranica: 258<\/p>\n\n\n\n<p>Godina izdanja: 2023.<\/p>\n\n\n\n<p>Ostav\u0161tina Marija Saletta \u2013 velikog hrvatskog putnika, pustolova, istra\u017eiva\u010da, putopisaca, moreplovca, fotografa i snimatelja pohranjena je u Hrvatskom dr\u017eavnom arhivu u formi osobnog arhivskog fonda. U njemu se nalaze rukom pisani i bogato ilustrirani dnevnici s brojnih putovanja i ekspedicija diljem svijeta, a za potrebe ove edicije donosimo njegova prva dva dnevnika koji obuhva\u0107aju razdoblje od 1957. \u2013 1959. Zbog prakti\u010dnih razloga objavljeni su u jednoj knjizi, formata istovjetnog izvornicima. O vrijednosti tih materijala, koji su svjedok jednog vremena, najbolje govore oni sami. Saletto je dnevnike pisao svojim osebujnim stilom, sam ih ilustrirav\u0161i i obogativ\u0161i fotografijama, razglednicama, ulaznicama i drugim popratnim materijalima s putovanja. Dijelove svojih kasnijih putovanja dokumentirao je u knjigama i TV serijalima od kojih je najpoznatiji Beskrajem svijeta, a ovaj dio ranih putovanja djelomi\u010dno je objavljen u \u010dasopisu Hrvatskog planinarskog saveza Na\u0161e planine. Ova edicija stoga predstavlja dopunu njegovim ve\u0107 poznatim avanturama, tj. bolje re\u0107i \u2013 njihov po\u010detak.<\/p>\n\n\n\n<p>Izvor: <a href=\"https:\/\/www.lzmk.hr\/knjizara\/product\/view\/24\/298\">https:\/\/www.lzmk.hr\/knjizara\/product\/view\/24\/298<\/a><\/p>\n\n\n\n<hr class=\"wp-block-separator has-alpha-channel-opacity\"\/>\n","protected":false},"excerpt":{"rendered":"","protected":false},"author":2,"featured_media":47583,"comment_status":"open","ping_status":"open","sticky":false,"template":"","format":"standard","meta":{"_acf_changed":false,"jetpack_post_was_ever_published":false,"_jetpack_newsletter_access":"","_jetpack_dont_email_post_to_subs":false,"_jetpack_newsletter_tier_id":0,"_jetpack_memberships_contains_paywalled_content":false,"_jetpack_memberships_contains_paid_content":false,"footnotes":"","jetpack_publicize_message":"","jetpack_publicize_feature_enabled":true,"jetpack_social_post_already_shared":true,"jetpack_social_options":{"image_generator_settings":{"template":"highway","default_image_id":0,"font":"","enabled":false},"version":2}},"categories":[8,3],"tags":[],"class_list":["post-47582","post","type-post","status-publish","format-standard","has-post-thumbnail","hentry","category-knjige","category-novosti"],"acf":{"facebook_opis":""},"jetpack_publicize_connections":[],"jetpack_featured_media_url":"https:\/\/i0.wp.com\/historiografija.hr\/wp-content\/uploads\/2025\/07\/Naslovnica-Saletto.jpg?fit=1346%2C2000&ssl=1","jetpack_sharing_enabled":true,"jetpack-related-posts":[],"_links":{"self":[{"href":"https:\/\/historiografija.hr\/index.php?rest_route=\/wp\/v2\/posts\/47582","targetHints":{"allow":["GET"]}}],"collection":[{"href":"https:\/\/historiografija.hr\/index.php?rest_route=\/wp\/v2\/posts"}],"about":[{"href":"https:\/\/historiografija.hr\/index.php?rest_route=\/wp\/v2\/types\/post"}],"author":[{"embeddable":true,"href":"https:\/\/historiografija.hr\/index.php?rest_route=\/wp\/v2\/users\/2"}],"replies":[{"embeddable":true,"href":"https:\/\/historiografija.hr\/index.php?rest_route=%2Fwp%2Fv2%2Fcomments&post=47582"}],"version-history":[{"count":1,"href":"https:\/\/historiografija.hr\/index.php?rest_route=\/wp\/v2\/posts\/47582\/revisions"}],"predecessor-version":[{"id":47584,"href":"https:\/\/historiografija.hr\/index.php?rest_route=\/wp\/v2\/posts\/47582\/revisions\/47584"}],"wp:featuredmedia":[{"embeddable":true,"href":"https:\/\/historiografija.hr\/index.php?rest_route=\/wp\/v2\/media\/47583"}],"wp:attachment":[{"href":"https:\/\/historiografija.hr\/index.php?rest_route=%2Fwp%2Fv2%2Fmedia&parent=47582"}],"wp:term":[{"taxonomy":"category","embeddable":true,"href":"https:\/\/historiografija.hr\/index.php?rest_route=%2Fwp%2Fv2%2Fcategories&post=47582"},{"taxonomy":"post_tag","embeddable":true,"href":"https:\/\/historiografija.hr\/index.php?rest_route=%2Fwp%2Fv2%2Ftags&post=47582"}],"curies":[{"name":"wp","href":"https:\/\/api.w.org\/{rel}","templated":true}]}}