{"id":47568,"date":"2025-07-23T17:35:00","date_gmt":"2025-07-23T17:35:00","guid":{"rendered":"https:\/\/historiografija.hr\/?p=47568"},"modified":"2025-07-23T19:37:26","modified_gmt":"2025-07-23T19:37:26","slug":"godisnjica-smrti-povjesnicara-alona-confina-1959-2024","status":"publish","type":"post","link":"https:\/\/historiografija.hr\/?p=47568","title":{"rendered":"Godi\u0161njica smrti povjesni\u010dara Alona Confina (1959-2024)"},"content":{"rendered":"\n<p>Utjecajni povjesni\u010dar Alon Confino &#8211; specijalist za kulturnu povijest i povijest sje\u0107anja i pam\u0107enja &#8211; umro je prije godinu dana, 27. lipnja 2024. godine. O njegovoj knjizi \u201cFoundational Pasts: The Holocaust as Historical Understanding\u201d pisala je na portalu <em>Historiografija.hr<\/em> Dora Kosor\u010di\u0107, a na portalu <em>Pe\u0161\u010danik<\/em> Amos Goldberg pi\u0161e o Confinovoj historiografskoj ostav\u0161tini u kontekstu problematike genocida u Gazi.<\/p>\n\n\n\n<hr class=\"wp-block-separator has-alpha-channel-opacity\"\/>\n\n\n\n<p><strong>Dora Kosor\u010di\u0107 \u2013 Prikaz knjige \u2013 Alon Confino, \u201cFoundational Pasts: The Holocaust as Historical Understanding\u201d, Cambridge University Press, 2012, 180 str.<\/strong><\/p>\n\n\n\n<figure class=\"wp-block-embed is-type-wp-embed is-provider-historiografija-hr wp-block-embed-historiografija-hr\"><div class=\"wp-block-embed__wrapper\">\n<blockquote class=\"wp-embedded-content\" data-secret=\"Nvbd0GrUBK\"><a href=\"https:\/\/historiografija.hr\/?p=2067\">Dora Kosor\u010di\u0107 &#8211; Prikaz knjige &#8211; Alon Confino, &#8220;Foundational Pasts: The Holocaust as Historical Understanding&#8221;, Cambridge University Press, 2012, 180 str.<\/a><\/blockquote><iframe loading=\"lazy\" class=\"wp-embedded-content\" sandbox=\"allow-scripts\" security=\"restricted\" style=\"position: absolute; visibility: hidden;\" title=\"&#8220;Dora Kosor\u010di\u0107 &#8211; Prikaz knjige &#8211; Alon Confino, &#8220;Foundational Pasts: The Holocaust as Historical Understanding&#8221;, Cambridge University Press, 2012, 180 str.&#8221; &#8212; Historiografija.hr\" src=\"https:\/\/historiografija.hr\/?p=2067&#038;embed=true#?secret=zxZm7I4wfO#?secret=Nvbd0GrUBK\" data-secret=\"Nvbd0GrUBK\" width=\"600\" height=\"338\" frameborder=\"0\" marginwidth=\"0\" marginheight=\"0\" scrolling=\"no\"><\/iframe>\n<\/div><\/figure>\n\n\n\n<hr class=\"wp-block-separator has-alpha-channel-opacity\"\/>\n\n\n\n<p><strong>Amos Goldberg \u2013 Kao vazduh koji udi\u0161emo<\/strong><\/p>\n\n\n\n<figure class=\"wp-block-embed is-type-wp-embed is-provider-pe-anik wp-block-embed-pe-anik\"><div class=\"wp-block-embed__wrapper\">\n<blockquote class=\"wp-embedded-content\" data-secret=\"84fJE09WIP\"><a href=\"https:\/\/pescanik.net\/kao-vazduh-koji-udisemo\/\">Kao vazduh koji udi\u0161emo<\/a><\/blockquote><iframe loading=\"lazy\" class=\"wp-embedded-content\" sandbox=\"allow-scripts\" security=\"restricted\" style=\"position: absolute; visibility: hidden;\" title=\"&#8220;Kao vazduh koji udi\u0161emo&#8221; &#8212; Pe\u0161\u010danik\" src=\"https:\/\/pescanik.net\/kao-vazduh-koji-udisemo\/embed\/#?secret=lIY71RR9gU#?secret=84fJE09WIP\" data-secret=\"84fJE09WIP\" width=\"600\" height=\"338\" frameborder=\"0\" marginwidth=\"0\" marginheight=\"0\" scrolling=\"no\"><\/iframe>\n<\/div><\/figure>\n\n\n\n<hr class=\"wp-block-separator has-alpha-channel-opacity\"\/>\n\n\n\n<p><strong>Nekrolozi<\/strong><\/p>\n\n\n\n<p><a href=\"https:\/\/www.umass.edu\/news\/article\/memoriam-alon-confino\">https:\/\/www.umass.edu\/news\/article\/memoriam-alon-confino<\/a><\/p>\n\n\n\n<p><a href=\"https:\/\/muse.jhu.edu\/pub\/8\/article\/945784\">https:\/\/muse.jhu.edu\/pub\/8\/article\/945784<\/a><\/p>\n\n\n\n<p><a href=\"https:\/\/academic.oup.com\/gh\/article\/42\/4\/595\/7888972\">https:\/\/academic.oup.com\/gh\/article\/42\/4\/595\/7888972<\/a><\/p>\n\n\n\n<p><a href=\"https:\/\/www.historians.org\/perspectives-article\/alon-confino-1959-2024\">https:\/\/www.historians.org\/perspectives-article\/alon-confino-1959-2024<\/a><\/p>\n\n\n\n<hr class=\"wp-block-separator has-alpha-channel-opacity\"\/>\n","protected":false},"excerpt":{"rendered":"","protected":false},"author":2,"featured_media":47569,"comment_status":"open","ping_status":"open","sticky":false,"template":"","format":"standard","meta":{"_acf_changed":false,"jetpack_post_was_ever_published":false,"_jetpack_newsletter_access":"","_jetpack_dont_email_post_to_subs":false,"_jetpack_newsletter_tier_id":0,"_jetpack_memberships_contains_paywalled_content":false,"_jetpack_memberships_contains_paid_content":false,"footnotes":"","jetpack_publicize_message":"","jetpack_publicize_feature_enabled":true,"jetpack_social_post_already_shared":true,"jetpack_social_options":{"image_generator_settings":{"template":"highway","default_image_id":0,"font":"","enabled":false},"version":2}},"categories":[3,20],"tags":[],"class_list":["post-47568","post","type-post","status-publish","format-standard","has-post-thumbnail","hentry","category-novosti","category-obavijesti-o-smrti-i-nekrolozi"],"acf":{"facebook_opis":""},"jetpack_publicize_connections":[],"jetpack_featured_media_url":"https:\/\/i0.wp.com\/historiografija.hr\/wp-content\/uploads\/2025\/07\/alon_confino.jpg?fit=2557%2C2473&ssl=1","jetpack_sharing_enabled":true,"jetpack-related-posts":[],"_links":{"self":[{"href":"https:\/\/historiografija.hr\/index.php?rest_route=\/wp\/v2\/posts\/47568","targetHints":{"allow":["GET"]}}],"collection":[{"href":"https:\/\/historiografija.hr\/index.php?rest_route=\/wp\/v2\/posts"}],"about":[{"href":"https:\/\/historiografija.hr\/index.php?rest_route=\/wp\/v2\/types\/post"}],"author":[{"embeddable":true,"href":"https:\/\/historiografija.hr\/index.php?rest_route=\/wp\/v2\/users\/2"}],"replies":[{"embeddable":true,"href":"https:\/\/historiografija.hr\/index.php?rest_route=%2Fwp%2Fv2%2Fcomments&post=47568"}],"version-history":[{"count":3,"href":"https:\/\/historiografija.hr\/index.php?rest_route=\/wp\/v2\/posts\/47568\/revisions"}],"predecessor-version":[{"id":47572,"href":"https:\/\/historiografija.hr\/index.php?rest_route=\/wp\/v2\/posts\/47568\/revisions\/47572"}],"wp:featuredmedia":[{"embeddable":true,"href":"https:\/\/historiografija.hr\/index.php?rest_route=\/wp\/v2\/media\/47569"}],"wp:attachment":[{"href":"https:\/\/historiografija.hr\/index.php?rest_route=%2Fwp%2Fv2%2Fmedia&parent=47568"}],"wp:term":[{"taxonomy":"category","embeddable":true,"href":"https:\/\/historiografija.hr\/index.php?rest_route=%2Fwp%2Fv2%2Fcategories&post=47568"},{"taxonomy":"post_tag","embeddable":true,"href":"https:\/\/historiografija.hr\/index.php?rest_route=%2Fwp%2Fv2%2Ftags&post=47568"}],"curies":[{"name":"wp","href":"https:\/\/api.w.org\/{rel}","templated":true}]}}