{"id":47554,"date":"2025-07-22T19:39:41","date_gmt":"2025-07-22T19:39:41","guid":{"rendered":"https:\/\/historiografija.hr\/?p=47554"},"modified":"2025-07-22T19:39:41","modified_gmt":"2025-07-22T19:39:41","slug":"miroslav-feller-hitler-i-buducnost-antisemitizam","status":"publish","type":"post","link":"https:\/\/historiografija.hr\/?p=47554","title":{"rendered":"Miroslav Feller, \u201eHitler i budu\u0107nost \/ Antisemitizam\u201c"},"content":{"rendered":"\n<p>Ova knjiga objedinjuje prijevode dvaju tekstova svestranoga stvaraoca Miroslava Fellera (Donja\u00a0Stubica, 5. 3. 1901 \u2013 Silba, 30. 5. 1961), vrlo\u00a0va\u017enoga, ali i vrlo\u00a0zanemarenoga\u00a0hrvatskog\u00a0autora, koji tematiziraju, na\u017ealost, i dan-danas vrlo aktualne probleme na\u0161e zapadnja\u010dke civilizacije: Hitlera i njegovu ulogu u na\u0161oj povijesti te s njim, i ne jedino s njim, neraskidivo povezanu pojavu antisemitizma.\u00a0U spisu\u00a0<em>Hitler i budu\u0107nost<\/em>\u00a0(1933) Feller, izme\u0111u ostaloga, analizira uspon te predvi\u0111a neminovni pad Hitlera u ratu koji \u0107e povesti, \u0161to se, kao \u0161to znamo i obistinilo u Drugom svjetskom ratu, a u djelu\u00a0<em>Antisemitizam\u00a0<\/em>(1931) poku\u0161ava odgonetnuti mo\u017eebitne razloge tog negativnog\u00a0 stava spram jednoga cijelog naroda \u2013 \u017eidovskoga, koji, ako \u0107emo ruku na srce, nikako ne mogu biti racionalni, koliko god se neki trudili oko njihova (kvazi) racionalnog utemeljenja.<\/p>\n\n\n\n<p>Rije\u010d je o vrlo poticajnim tekstovima za razumijevanje kako onoga doba kada su pisani tako i dana\u0161njega, jer neprestance svjedo\u010dimo antisemitizmu, a ni totalitarizam, \u010dini se, nije samo stvar&nbsp;pro\u0161losti.<\/p>\n\n\n\n<hr class=\"wp-block-separator has-alpha-channel-opacity\"\/>\n\n\n\n<p><strong>Godina izdanja<\/strong>: 2025<\/p>\n\n\n\n<p><strong>Broj stranica<\/strong>: 156<\/p>\n\n\n\n<p><strong>Izvor<\/strong>: <a href=\"https:\/\/naklada-breza.hr\/povijest\/hitler-i-buducnost-antisemitizam\/?cn-reloaded=1\">https:\/\/naklada-breza.hr\/povijest\/hitler-i-buducnost-antisemitizam\/<\/a><\/p>\n\n\n\n<hr class=\"wp-block-separator has-alpha-channel-opacity\"\/>\n","protected":false},"excerpt":{"rendered":"","protected":false},"author":2,"featured_media":47555,"comment_status":"open","ping_status":"open","sticky":false,"template":"","format":"standard","meta":{"_acf_changed":false,"jetpack_post_was_ever_published":false,"_jetpack_newsletter_access":"","_jetpack_dont_email_post_to_subs":false,"_jetpack_newsletter_tier_id":0,"_jetpack_memberships_contains_paywalled_content":false,"_jetpack_memberships_contains_paid_content":false,"footnotes":"","jetpack_publicize_message":"","jetpack_publicize_feature_enabled":true,"jetpack_social_post_already_shared":true,"jetpack_social_options":{"image_generator_settings":{"template":"highway","default_image_id":0,"font":"","enabled":false},"version":2}},"categories":[8,3],"tags":[],"class_list":["post-47554","post","type-post","status-publish","format-standard","has-post-thumbnail","hentry","category-knjige","category-novosti"],"acf":{"facebook_opis":""},"jetpack_publicize_connections":[],"jetpack_featured_media_url":"https:\/\/i0.wp.com\/historiografija.hr\/wp-content\/uploads\/2025\/07\/hitler-i-buducnost_naslovnica.jpg?fit=840%2C1301&ssl=1","jetpack_sharing_enabled":true,"jetpack-related-posts":[],"_links":{"self":[{"href":"https:\/\/historiografija.hr\/index.php?rest_route=\/wp\/v2\/posts\/47554","targetHints":{"allow":["GET"]}}],"collection":[{"href":"https:\/\/historiografija.hr\/index.php?rest_route=\/wp\/v2\/posts"}],"about":[{"href":"https:\/\/historiografija.hr\/index.php?rest_route=\/wp\/v2\/types\/post"}],"author":[{"embeddable":true,"href":"https:\/\/historiografija.hr\/index.php?rest_route=\/wp\/v2\/users\/2"}],"replies":[{"embeddable":true,"href":"https:\/\/historiografija.hr\/index.php?rest_route=%2Fwp%2Fv2%2Fcomments&post=47554"}],"version-history":[{"count":1,"href":"https:\/\/historiografija.hr\/index.php?rest_route=\/wp\/v2\/posts\/47554\/revisions"}],"predecessor-version":[{"id":47556,"href":"https:\/\/historiografija.hr\/index.php?rest_route=\/wp\/v2\/posts\/47554\/revisions\/47556"}],"wp:featuredmedia":[{"embeddable":true,"href":"https:\/\/historiografija.hr\/index.php?rest_route=\/wp\/v2\/media\/47555"}],"wp:attachment":[{"href":"https:\/\/historiografija.hr\/index.php?rest_route=%2Fwp%2Fv2%2Fmedia&parent=47554"}],"wp:term":[{"taxonomy":"category","embeddable":true,"href":"https:\/\/historiografija.hr\/index.php?rest_route=%2Fwp%2Fv2%2Fcategories&post=47554"},{"taxonomy":"post_tag","embeddable":true,"href":"https:\/\/historiografija.hr\/index.php?rest_route=%2Fwp%2Fv2%2Ftags&post=47554"}],"curies":[{"name":"wp","href":"https:\/\/api.w.org\/{rel}","templated":true}]}}