{"id":47549,"date":"2025-07-22T19:35:37","date_gmt":"2025-07-22T19:35:37","guid":{"rendered":"https:\/\/historiografija.hr\/?p=47549"},"modified":"2025-07-22T19:36:10","modified_gmt":"2025-07-22T19:36:10","slug":"maja-vasiljevic-zidovi-u-kinokulturi-hrvatske-1896-1945","status":"publish","type":"post","link":"https:\/\/historiografija.hr\/?p=47549","title":{"rendered":"Maja Vasiljevi\u0107, \u201e\u017didovi u kinokulturi Hrvatske 1896.-1945.\u201c"},"content":{"rendered":"\n<p>Tematski se kre\u0107u\u0107i od po\u010detka povijesti filma 1896. i prvih projekcija u Hrvatskoj pa do Holokausta, ova knjiga prikazuje \u017didove kao putuju\u0107e prikaziva\u010de i vlasnike kinematografa, producente, glumce, crta\u010de i animatore, distributere i uvoznike stranih filmova, filmske publiciste i kriti\u010dare. Autorica je u ovom pionirskom istra\u017eivanju \u017eidovske filmske djelatnosti istaknula njezin izuzetan povijesni zna\u010daj te je usporedila sa svjetskim, ameri\u010dkim tr\u017ei\u0161tem filma.<\/p>\n\n\n\n<p>Da bi se razumio i interpretirao uspon hrvatske filmske industrije i razvoj kinokulture, istra\u017eena je arhivska gra\u0111a i periodika u Arhivu Jugoslavije, Hrvatskom dr\u017eavnom arhivu, Dr\u017eavnom arhivu Zagreba, Jevrejskom istorijskom muzeju u Beogradu te u nizu nacionalnih biblioteka i lokalnih arhiva (npr. Osijeka i Me\u0111imurja) te su u ovoj knjizi prikupljeni podatci iz triju relativno autonomnih povijesti: filma, dru\u0161tva i \u017didova.<\/p>\n\n\n\n<hr class=\"wp-block-separator has-alpha-channel-opacity\"\/>\n\n\n\n<p>\u201eKnjiga Maje Vasiljevi\u0107 \u017didovi u kinokulturi Hrvatske 1896. \u2013 1945. pojavljuje se kao svojevrstan \u0161ok u hrvatskoj filmskoj i kulturnoj historiografiji. Razlozi su tomu u \u010dinjenici da su rana i me\u0111uratna kinematografija ostale golema tamna mrlja u historiografiji hrvatske i jugoslavenske kinematografije\u2026 Dosad je ostala neprimije\u0107ena \u010dinjenica da su vlasnici najve\u0107eg broja kinodvorana, odnosno prikaziva\u010dkih i distributerskih firmi u Hrvatskoj u doba kasne Banske Hrvatske, a potom i u me\u0111uratnoj Kraljevini Srba, Hrvata i Slovenaca, odnosno Kraljevini Jugoslaviji, pripadali \u017eidovskoj zajednici\u2026 U cjelini knjige tako se otkriva jedna u kona\u010dnici potresna, nepoznata verzija na\u0161e filmske povijesti, odnosno \u010dinjenica da je tama zaborava dublja nego \u0161to smo mogli i pomisliti i da je ona dio jedne mnogo \u0161ire i dublje tame zaborava koju je prouzro\u010dio Holokaust.\u201c \u2013 doc. dr. sc. Tomislav \u0160aki\u0107, filmolog, Akademija dramske umjetnosti u Zagrebu<\/p>\n\n\n\n<p>\u201eRije\u010d je o prvoj studiji u regionalnim okvirima koja na tako temeljit na\u010din mapira i analizira elemente \u017eidovske kinokulture, s naglaskom na prikaziva\u010dkoj i produktivnoj filmskoj djelatnosti na teritoriju Hrvatske. Autorica prati slo\u017een povijesno-ideolo\u0161ki kontekst od prvih filmskih projekcija do Holokausta i zalazi u samu sr\u017e filmske djelatnosti uop\u0107e. Poseban je zna\u010daj ove studije u tome \u0161to osvjetljava relacije lokalnih hrvatskih filma\u0161a i filmskih tvrtki s jednom od najzna\u010dajnijih kinematografija \u2013 Hollywoodom. Naime, u studiji se spajaju povijest \u017didova, filma i hrvatskog dru\u0161tva i povezuju s o\u010duvanim i zaboravljenim naslje\u0111em. Iako je studija u osnovi historiografska, njezini rezultati uspostavljaju relacije s konceptima vode\u0107ih suvremenih teoreti\u010dara filma i medija o identitetu i kulturi sje\u0107anja. Autorica promatra film kao mjesto sje\u0107anja (<em>lieu de m\u00e9moire<\/em>), kako je taj koncept definirao Pierre Nora, i sje\u0107anje kao <em>locus <\/em>artikulacije identiteta (Paul Grainge). Budu\u0107i da su osnovni polovi pro\u0161losti sje\u0107anje i zaboravljanje, koje antropologinja Aleida Assmann smatra neodvojivim od pam\u0107enja, autorica Maja Vasiljevi\u0107 daje elemente za reviziju kulture sje\u0107anja i pam\u0107enja \u017didova filma\u0161a u Hrvatskoj.\u201c \u2013 Vesna Peri\u0107, dramaturginja i teoreti\u010darka filma<\/p>\n\n\n\n<hr class=\"wp-block-separator has-alpha-channel-opacity\"\/>\n\n\n\n<p><strong>O autorici<\/strong><\/p>\n\n\n\n<p>Ro\u0111ena u Beogradu, 1980. Sociologinja je, muzikologinja i povjesni\u010darka. Od 2011. godine zaposlena je na Odsjeku za povijest Filozofskog fakulteta u Beogradu gdje je trenuta\u010dno u zvanju znanstvene suradnice u podru\u010dju povijesti. Od 2003. godine bavila se glazbenom kritikom na Drugom programu Radija Beograd a bila je i stru\u010dna savjetnica za povijesna pitanja u Kulturno-prosvetnom programu RTS-a. Stekla je diplomu magistrice muzikologije i teoreti\u010darke umjetnosti na Fakultetu muzi\u010dke umjetnosti u Beogradu 2007. i doktorirala sociologiju na Filozofskom fakultetu u Beogradu 2020. godine. Bavi se kulturnom i politi\u010dkom povije\u0161\u0107u XIX. \u2013 XXI. stolje\u0107a. Autorica je dviju knjiga: Filmska muzika u SFRJ: izme\u0111u politike i poetike (2016.) i Jevrejski muzi\u010dari u Beogradu: od Balfurove deklaracije do Holokausta na srpskom (2021.) i engleskom jeziku (2023.). Interdisciplinarno je usmjerena i objavljuje radove u nacionalnim i me\u0111unarodnim publikacijama.<\/p>\n\n\n\n<hr class=\"wp-block-separator has-alpha-channel-opacity\"\/>\n\n\n\n<p>Izvor:<\/p>\n\n\n\n<figure class=\"wp-block-embed is-type-wp-embed is-provider-profil-knjiga wp-block-embed-profil-knjiga\"><div class=\"wp-block-embed__wrapper\">\n<blockquote class=\"wp-embedded-content\" data-secret=\"kJiP2sZ7QQ\"><a href=\"https:\/\/www.profil.hr\/proizvod\/zidovi-u-kinokulturi-hrvatske-1896-1945\/\">\u017didovi u kinokulturi Hrvatske 1896.-1945.<\/a><\/blockquote><iframe loading=\"lazy\" class=\"wp-embedded-content\" sandbox=\"allow-scripts\" security=\"restricted\" style=\"position: absolute; visibility: hidden;\" title=\"&#8220;\u017didovi u kinokulturi Hrvatske 1896.-1945.&#8221; &#8212; Profil knjiga\" src=\"https:\/\/www.profil.hr\/proizvod\/zidovi-u-kinokulturi-hrvatske-1896-1945\/embed\/#?secret=Qsjyt0uhYC#?secret=kJiP2sZ7QQ\" data-secret=\"kJiP2sZ7QQ\" width=\"600\" height=\"338\" frameborder=\"0\" marginwidth=\"0\" marginheight=\"0\" scrolling=\"no\"><\/iframe>\n<\/div><\/figure>\n\n\n\n<hr class=\"wp-block-separator has-alpha-channel-opacity\"\/>\n","protected":false},"excerpt":{"rendered":"","protected":false},"author":2,"featured_media":47550,"comment_status":"open","ping_status":"open","sticky":false,"template":"","format":"standard","meta":{"_acf_changed":false,"jetpack_post_was_ever_published":false,"_jetpack_newsletter_access":"","_jetpack_dont_email_post_to_subs":false,"_jetpack_newsletter_tier_id":0,"_jetpack_memberships_contains_paywalled_content":false,"_jetpack_memberships_contains_paid_content":false,"footnotes":"","jetpack_publicize_message":"","jetpack_publicize_feature_enabled":true,"jetpack_social_post_already_shared":true,"jetpack_social_options":{"image_generator_settings":{"template":"highway","default_image_id":0,"font":"","enabled":false},"version":2}},"categories":[8,3],"tags":[],"class_list":["post-47549","post","type-post","status-publish","format-standard","has-post-thumbnail","hentry","category-knjige","category-novosti"],"acf":{"facebook_opis":""},"jetpack_publicize_connections":[],"jetpack_featured_media_url":"https:\/\/i0.wp.com\/historiografija.hr\/wp-content\/uploads\/2025\/07\/Zidovi-u-Kinokulturi.jpg?fit=800%2C1116&ssl=1","jetpack_sharing_enabled":true,"jetpack-related-posts":[],"_links":{"self":[{"href":"https:\/\/historiografija.hr\/index.php?rest_route=\/wp\/v2\/posts\/47549","targetHints":{"allow":["GET"]}}],"collection":[{"href":"https:\/\/historiografija.hr\/index.php?rest_route=\/wp\/v2\/posts"}],"about":[{"href":"https:\/\/historiografija.hr\/index.php?rest_route=\/wp\/v2\/types\/post"}],"author":[{"embeddable":true,"href":"https:\/\/historiografija.hr\/index.php?rest_route=\/wp\/v2\/users\/2"}],"replies":[{"embeddable":true,"href":"https:\/\/historiografija.hr\/index.php?rest_route=%2Fwp%2Fv2%2Fcomments&post=47549"}],"version-history":[{"count":3,"href":"https:\/\/historiografija.hr\/index.php?rest_route=\/wp\/v2\/posts\/47549\/revisions"}],"predecessor-version":[{"id":47553,"href":"https:\/\/historiografija.hr\/index.php?rest_route=\/wp\/v2\/posts\/47549\/revisions\/47553"}],"wp:featuredmedia":[{"embeddable":true,"href":"https:\/\/historiografija.hr\/index.php?rest_route=\/wp\/v2\/media\/47550"}],"wp:attachment":[{"href":"https:\/\/historiografija.hr\/index.php?rest_route=%2Fwp%2Fv2%2Fmedia&parent=47549"}],"wp:term":[{"taxonomy":"category","embeddable":true,"href":"https:\/\/historiografija.hr\/index.php?rest_route=%2Fwp%2Fv2%2Fcategories&post=47549"},{"taxonomy":"post_tag","embeddable":true,"href":"https:\/\/historiografija.hr\/index.php?rest_route=%2Fwp%2Fv2%2Ftags&post=47549"}],"curies":[{"name":"wp","href":"https:\/\/api.w.org\/{rel}","templated":true}]}}