{"id":4754,"date":"2017-06-07T14:45:35","date_gmt":"2017-06-07T14:45:35","guid":{"rendered":"http:\/\/historiografija.hr\/?p=4754"},"modified":"2017-06-07T14:45:35","modified_gmt":"2017-06-07T14:45:35","slug":"fond-mjeseca-hr-dazg-948-skupstina-grada-zagreba","status":"publish","type":"post","link":"https:\/\/historiografija.hr\/?p=4754","title":{"rendered":"\u201eFond mjeseca\u201c: HR-DAZG-948 Skup\u0161tina grada Zagreba"},"content":{"rendered":"<p><strong>\u201cFond mjeseca\u201d (lipanj 2017) Dr\u017eavnog arhiva u Zagrebu je fond HR-DAZG-948 Skup\u0161tina grada Zagreba.<\/strong><\/p>\n<p><strong>\u00a0<\/strong><\/p>\n<p><strong>&#8212;<\/strong><\/p>\n<p><strong>\u00a0<\/strong><\/p>\n<p><strong>Dr\u017eavni arhiv u Zagrebu<\/strong><\/p>\n<p><a href=\"http:\/\/daz.hr\/\">http:\/\/daz.hr\/<\/a><\/p>\n<p><strong>\u00a0<\/strong><\/p>\n<p><strong>Fond mjeseca<\/strong><\/p>\n<p><a href=\"http:\/\/daz.hr\/fond-mjeseca\/\">http:\/\/daz.hr\/fond-mjeseca\/<\/a><\/p>\n<p><strong>\u00a0<\/strong><\/p>\n<p>Lipanj 2017.<\/p>\n<p><strong>\u00a0<\/strong><\/p>\n<p><strong>HR-DAZG-948 Skup\u0161tina grada Zagreba<\/strong><\/p>\n<p><strong>\u00a0<\/strong><\/p>\n<p><strong>Skup\u0161tina grada Zagreba<\/strong> sljednik je Narodnog odbora grada Zagreba. Osnovana je temeljem ustavnih promjena 1963. godine. Izbori za Gradsku skup\u0161tinu odr\u017eani su 3. lipnja 1963. godine, a konstituiraju\u0107a sjednica odr\u017eana je 12. lipnja 1963. Saveznim i republi\u010dkim ustavima iz 1963. godine dovr\u0161en je proces stvaranja komunalnog i samoupravnog sustava, koji je zapo\u010det sredinom 50-ih godina 20. stolje\u0107a. Ovi temeljni dr\u017eavno-pravni akti uvode u skladu s tada\u0161njim ideolo\u0161kim poimanjima novu terminologiju, koja \u0107e se u politi\u010dkoj praksi zadr\u017eati du\u017ee vrijeme, pa je tako i pojam administrativno-teritorijalne jedinice zamijenjen pojmom dru\u0161tveno-politi\u010dke zajednice. Temeljna dru\u0161tveno-politi\u010dka zajednica je op\u0107ina, a slo\u017eenije su kotar, republika i federacija. Saveznim Ustavom je postojanje kotara u republikama ostavljeno na dispoziciju republikama. Ustav SRH je propisao postojanje kotara. Gradovi su u pravilu op\u0107ine, ali Grad Zagreb zadr\u017eava nadle\u017enosti kotara. Kada su kotari 1967. ukinuti, a kako su ukinute i op\u0107ine u sastavu Zagreba, Grad Zagreb je postao op\u0107ina. Od velja\u010de 1974. godine kada su na gradskom podru\u010dju ponovo osnovane op\u0107ine Zagreb djeluje kao gradska zajednica op\u0107ina. Kao gradska zajednica op\u0107ina djelovao je do 1990. godine i dono\u0161enja Zakona o spajanju op\u0107ina s podru\u010dja Gradske zajednice Zagreb i prestanku postojanja Gradske zajednice Zagreb.<\/p>\n<p>Grad Zagreb imao je 1963. godine u svom sastavu 20 op\u0107ina (Donja Stubica, Dugo Selo, Jastrebarsko, Klanjec, Krapina, Samobor, Velika Gorica, Zabok, Zapre\u0161i\u0107, Zelina, Zlatar-Bistrica, Centar, \u010crnomerec, Maksimir, Medve\u0161\u010dak, Pe\u0161\u0107enica, Remetinec, Sesvete, Tre\u0161njevka i Trnje, pri \u010demu su posljednjih devet \u010dinile u\u017ee podru\u010dje grada Zagreba). Godine 1967. izdvojena su podru\u010dja op\u0107ina Donja Stubica, Dugo Selo, Jastrebarsko, Klanjec, Krapina, Samobor, Sesvete, Velika Gorica, Zabok, Zapre\u0161i\u0107, Zelina i Zlatar\u2010Bistrica, a op\u0107ine na u\u017eem podru\u010dju grada su ukinute. Na podru\u010dju grada Zagreba op\u0107ine su ponovno osnovane 1974. godine. Zagreb te godine obuhva\u0107a 10 op\u0107ina (Centar, \u010crnomerec, Dubrava, Maksimir, Medve\u0161\u010dak, Pe\u0161\u0107enica, Novi Zagreb, Susedgrad, Tre\u0161njevka i Trnje). Godine 1975. u sastav grada u\u0161le su op\u0107ine Velika Gorica i Zapre\u0161i\u0107, a 1981. godine jo\u0161 i op\u0107ine Samobor i Sesvete. Kada je 1990. godine ukinuta Gradska zajednica op\u0107ina Zagreb, ukinuto je i 14 op\u0107ina u njenom sastavu.<\/p>\n<p>Gradivo arhivskog fonda Skup\u0161tina grada Zagreba (HR-DAZG-948) nije u cijelosti preuzeto u Arhiv. Preuzeto gradivo grupirano je u dvije velike cjeline. Prvu cjelinu \u010dine zapisnici zasjedanja Skup\u0161tine, njezinih vije\u0107a i radnih tijela, te zapisnici sjednica savjeta i Izvr\u0161nog vije\u0107a kao izvr\u0161nih tijela Skup\u0161tine. Zapisnici sjednica obuhva\u0107aju cjelokupno razdoblje djelovanja stvaratelja, dakle od 1963. do 1990. godine. Drugu cjelinu \u010dini op\u0107a dokumentacija evidentirana u urud\u017ebenom zapisniku, koja je u Arhiv preuzeta zaklju\u010dno do 1967. godine. Radi se o urud\u017ebenim zapisnicima i kazalima, te spisima, koji su odlagani sustavom arhivskih znakova, koji su formirani prema sadr\u017eaju.<\/p>\n<p>S obzirom na svoje djelatnosti i funkcije, Skup\u0161tina grada Zagreba kao predstavni\u010dko tijelo i njena izvr\u0161na i upravna tijela predstavljaju stvaratelje od najve\u0107eg zna\u010denja za grad Zagreb. Arhivsko gradivo nastalo njihovim radom omogu\u0107ava uvid u \u0161iroki spektar djelatnosti karakteristi\u010dnih za najve\u0107i i glavni grad jedne dr\u017eave, odnosno federalne jedinice u sastavu biv\u0161e dr\u017eave. Evidencijska vrijednost gradiva sadr\u017eana je u dokumentima, kojima se utvr\u0111uje politika, ciljevi i na\u010din obavljanja niza djelatnosti od urbanog planiranja, svih gospodarskih aktivnosti (industrija, poljoprivreda, zanatstvo, trgovina, turizam, ugostiteljstvo itd.), komunalnih djelatnosti, prometa, izgradnje infrastrukturnih i svih drugih vi\u0161e ili manje zna\u010dajnih objekata, pa do dru\u0161tvenih djelatnosti kao \u0161to su zdravstvo, socijalna skrb, obrazovanje, kultura, umjetnost i sport. Ova ocjena vrijedi za preuzeto gradivo, ali dok se ne preuzme i ostalo gradivo nastalo djelovanjem ovog stvaratelja do 1990. godine, uvid u ostvarivanje njegovih funkcija ostaje nepotpun.<\/p>\n<p>\u0160iroku djelatnost stvaratelja gradiva ilustriraju snimci nekoliko dokumenata, prvenstveno priloga uz zapisnike sjednica predstavni\u010dkih i izvr\u0161nih tijela, kao i neki upravni spisi iz nadle\u017enosti upravnih tijela.<\/p>\n<p>&nbsp;<\/p>\n<p>&nbsp;<\/p>\n<p>&nbsp;<\/p>\n","protected":false},"excerpt":{"rendered":"","protected":false},"author":2,"featured_media":4755,"comment_status":"open","ping_status":"open","sticky":false,"template":"","format":"standard","meta":{"_acf_changed":false,"jetpack_post_was_ever_published":false,"_jetpack_newsletter_access":"","_jetpack_dont_email_post_to_subs":false,"_jetpack_newsletter_tier_id":0,"_jetpack_memberships_contains_paywalled_content":false,"_jetpack_memberships_contains_paid_content":false,"footnotes":"","jetpack_publicize_message":"","jetpack_publicize_feature_enabled":true,"jetpack_social_post_already_shared":true,"jetpack_social_options":{"image_generator_settings":{"template":"highway","default_image_id":0,"font":"","enabled":false},"version":2}},"categories":[3],"tags":[],"class_list":["post-4754","post","type-post","status-publish","format-standard","has-post-thumbnail","hentry","category-novosti"],"acf":{"facebook_opis":""},"jetpack_publicize_connections":[],"jetpack_featured_media_url":"https:\/\/i0.wp.com\/historiografija.hr\/wp-content\/uploads\/2017\/06\/9.jpg?fit=4737%2C2489&ssl=1","jetpack_sharing_enabled":true,"jetpack-related-posts":[{"id":52633,"url":"https:\/\/historiografija.hr\/?p=52633","url_meta":{"origin":4754,"position":0},"title":"POVIJEST TRE\u0160NJEVA\u010cKE GLAZBE: prikupljanje virtualnog fundusa Muzeja susjedstva Tre\u0161njevka","author":"Branimir Jankovi\u0107","date":"23. travnja 2026.","format":false,"excerpt":"utorak 28. 4. 2026. 14 - 18 h Nova BAZA, Nova cesta 66, Zagreb Prvi su dani ljeta 1957. godine. Bo\u017eica Kalafati\u0107 poha\u0111a drugi razred Osnovne \u0161kole Bratstvo i jedinstvo, danas kralja Tomislava, a ide i na muzi\u010dke satove u Mo\u0161\u0107eni\u010dkoj ulici. Na fotografiji s harmonikom u rukama stoji u\u2026","rel":"","context":"U &quot;Novosti&quot;","block_context":{"text":"Novosti","link":"https:\/\/historiografija.hr\/?cat=3"},"img":{"alt_text":"","src":"https:\/\/i0.wp.com\/historiografija.hr\/wp-content\/uploads\/2026\/04\/MST_prikupljanje.jpg?fit=380%2C475&ssl=1&resize=350%2C200","width":350,"height":200},"classes":[]},{"id":52666,"url":"https:\/\/historiografija.hr\/?p=52666","url_meta":{"origin":4754,"position":1},"title":"Najava programa Festivala povijesti Kliofest (5-8. V. 2026)","author":"Branimir Jankovi\u0107","date":"24. travnja 2026.","format":false,"excerpt":"Po trinaesti put odr\u017eava se Festival povijesti Kliofest! Do petka \u0107emo odr\u017eati osam okruglih stolova i dva kolokvija te niz predstavljanja knjiga i projekata razli\u010dite tematike, od antike do suvremenosti. Bit \u0107e predstavljeno i nekoliko izlo\u017ebi te odr\u017ean jedan povijesni kviz. Prikazat \u0107emo i jedan film \u2013 o generalu Boroevi\u0107u.\u2026","rel":"","context":"U &quot;Novosti&quot;","block_context":{"text":"Novosti","link":"https:\/\/historiografija.hr\/?cat=3"},"img":{"alt_text":"","src":"https:\/\/i0.wp.com\/historiografija.hr\/wp-content\/uploads\/2026\/04\/Kliofest-2026.jpg?fit=526%2C526&ssl=1&resize=350%2C200","width":350,"height":200,"srcset":"https:\/\/i0.wp.com\/historiografija.hr\/wp-content\/uploads\/2026\/04\/Kliofest-2026.jpg?fit=526%2C526&ssl=1&resize=350%2C200 1x, https:\/\/i0.wp.com\/historiografija.hr\/wp-content\/uploads\/2026\/04\/Kliofest-2026.jpg?fit=526%2C526&ssl=1&resize=525%2C300 1.5x"},"classes":[]},{"id":52575,"url":"https:\/\/historiografija.hr\/?p=52575","url_meta":{"origin":4754,"position":2},"title":"Izlo\u017eba dje\u010djih radova \u201cU po\u010detku bija\u0161e crte\u017e\u2026\u201d","author":"Branimir Jankovi\u0107","date":"21. travnja 2026.","format":false,"excerpt":"U subotu, 25. travnja 2026. u 11 sati u Galeriji Klovi\u0107evi dvori sve\u010dano otvaramo izlo\u017ebu dje\u010djih radova pod nazivom U po\u010detku bija\u0161e crte\u017e\u2026 Radovi su nastali u sklopu likovnih radionica uz izlo\u017ebu U po\u010detku bija\u0161e kraljevstvo \u2013 izlo\u017eba povodom 1100 godina Hrvatskoga Kraljevstva. Na brojnim likovnim radionicama, uz \u0161kolsku djecu,\u2026","rel":"","context":"U &quot;Izlo\u017ebe&quot;","block_context":{"text":"Izlo\u017ebe","link":"https:\/\/historiografija.hr\/?cat=10"},"img":{"alt_text":"","src":"https:\/\/i0.wp.com\/historiografija.hr\/wp-content\/uploads\/2025\/10\/Klovicevi_sluzbeni-plakat.png?fit=840%2C1200&ssl=1&resize=350%2C200","width":350,"height":200,"srcset":"https:\/\/i0.wp.com\/historiografija.hr\/wp-content\/uploads\/2025\/10\/Klovicevi_sluzbeni-plakat.png?fit=840%2C1200&ssl=1&resize=350%2C200 1x, https:\/\/i0.wp.com\/historiografija.hr\/wp-content\/uploads\/2025\/10\/Klovicevi_sluzbeni-plakat.png?fit=840%2C1200&ssl=1&resize=525%2C300 1.5x, https:\/\/i0.wp.com\/historiografija.hr\/wp-content\/uploads\/2025\/10\/Klovicevi_sluzbeni-plakat.png?fit=840%2C1200&ssl=1&resize=700%2C400 2x"},"classes":[]},{"id":52439,"url":"https:\/\/historiografija.hr\/?p=52439","url_meta":{"origin":4754,"position":3},"title":"Tribina &#8220;Ahmi\u0107i 33 godine kasnije: Ne u na\u0161e ime&#8221;","author":"Branimir Jankovi\u0107","date":"16. travnja 2026.","format":false,"excerpt":"U \u010detvrtak, 16. travnja 2026. u 17 sati u Knji\u017enici i \u010ditaonici Bogdana Ogrizovi\u0107a u Zagrebu odr\u017eat \u0107e se tribina pod nazivom Ahmi\u0107i 33 godine kasnije: Ne u na\u0161e ime. Na tribini \u0107e govoriti Ivica \u0110iki\u0107, novinar, Mubera Masli\u0107 \u2013 \u017ddralovi\u0107, aktivistikinja, prevoditeljica za arapski, Domagoj Fuk, student politologije, \u010dlan\u2026","rel":"","context":"U &quot;Novosti&quot;","block_context":{"text":"Novosti","link":"https:\/\/historiografija.hr\/?cat=3"},"img":{"alt_text":"","src":"https:\/\/i0.wp.com\/historiografija.hr\/wp-content\/uploads\/2026\/04\/Zagreb_2026.jpeg?fit=1200%2C900&ssl=1&resize=350%2C200","width":350,"height":200,"srcset":"https:\/\/i0.wp.com\/historiografija.hr\/wp-content\/uploads\/2026\/04\/Zagreb_2026.jpeg?fit=1200%2C900&ssl=1&resize=350%2C200 1x, https:\/\/i0.wp.com\/historiografija.hr\/wp-content\/uploads\/2026\/04\/Zagreb_2026.jpeg?fit=1200%2C900&ssl=1&resize=525%2C300 1.5x, https:\/\/i0.wp.com\/historiografija.hr\/wp-content\/uploads\/2026\/04\/Zagreb_2026.jpeg?fit=1200%2C900&ssl=1&resize=700%2C400 2x, https:\/\/i0.wp.com\/historiografija.hr\/wp-content\/uploads\/2026\/04\/Zagreb_2026.jpeg?fit=1200%2C900&ssl=1&resize=1050%2C600 3x"},"classes":[]},{"id":52578,"url":"https:\/\/historiografija.hr\/?p=52578","url_meta":{"origin":4754,"position":4},"title":"Poziv za sudjelovanje: XXII. Dani Julija Bene\u0161i\u0107a u Iloku","author":"Branimir Jankovi\u0107","date":"21. travnja 2026.","format":false,"excerpt":"Zavod za lingvisti\u010dka istra\u017eivanja Hrvatske akademije znanosti i umjetnosti, zajedno s Muzejom grada Iloka, organizira XXII. Dane Julija Bene\u0161i\u0107a, koji \u0107e se odr\u017eati od 28. do 30. listopada 2026. u Iloku.\u00a0Teme ovogodi\u0161njih Dana podijeljene su u dvije cjeline: Knji\u017eevno-jezikoslovni d\u00ecv\u0101n s Bene\u0161i\u0107em te Ilok i Srijem u povijesnim stalnicama i\u2026","rel":"","context":"U &quot;Novosti&quot;","block_context":{"text":"Novosti","link":"https:\/\/historiografija.hr\/?cat=3"},"img":{"alt_text":"","src":"https:\/\/i0.wp.com\/historiografija.hr\/wp-content\/uploads\/2019\/10\/HE2_Benesic.jpg?fit=413%2C591&ssl=1&resize=350%2C200","width":350,"height":200},"classes":[]},{"id":52543,"url":"https:\/\/historiografija.hr\/?p=52543","url_meta":{"origin":4754,"position":5},"title":"Znanstveno-stru\u010dni skup \u201eOto\u010dne pu\u010dke pobo\u017enosti: kontinuiteti i transformacije\u201c","author":"Branimir Jankovi\u0107","date":"20. travnja 2026.","format":false,"excerpt":"Najavljujemo\u00a0znanstveno-stru\u010dni skup \u201eOto\u010dne pu\u010dke pobo\u017enosti: kontinuiteti i transformacije\u201c,\u00a0koji \u0107e se odr\u017eati\u00a0u Rabu od 24. do 26. travnja 2026.,\u00a0u organizaciji i uz potporu\u00a0Instituta za etnologiju i folkloristiku, Zagreb, \u00a0Grada Raba, Pu\u010dkog otvorenog u\u010dili\u0161ta Rab i Centra za istra\u017eivanje srednjovjekovne ba\u0161tine Jadrana RIMAH. Skup okuplja vode\u0107e doma\u0107e stru\u010dnjake koji \u0107e kroz niz\u2026","rel":"","context":"U &quot;Novosti&quot;","block_context":{"text":"Novosti","link":"https:\/\/historiografija.hr\/?cat=3"},"img":{"alt_text":"","src":"https:\/\/i0.wp.com\/historiografija.hr\/wp-content\/uploads\/2026\/04\/Skup_Rab.jpg?fit=848%2C1200&ssl=1&resize=350%2C200","width":350,"height":200,"srcset":"https:\/\/i0.wp.com\/historiografija.hr\/wp-content\/uploads\/2026\/04\/Skup_Rab.jpg?fit=848%2C1200&ssl=1&resize=350%2C200 1x, https:\/\/i0.wp.com\/historiografija.hr\/wp-content\/uploads\/2026\/04\/Skup_Rab.jpg?fit=848%2C1200&ssl=1&resize=525%2C300 1.5x, https:\/\/i0.wp.com\/historiografija.hr\/wp-content\/uploads\/2026\/04\/Skup_Rab.jpg?fit=848%2C1200&ssl=1&resize=700%2C400 2x"},"classes":[]}],"_links":{"self":[{"href":"https:\/\/historiografija.hr\/index.php?rest_route=\/wp\/v2\/posts\/4754","targetHints":{"allow":["GET"]}}],"collection":[{"href":"https:\/\/historiografija.hr\/index.php?rest_route=\/wp\/v2\/posts"}],"about":[{"href":"https:\/\/historiografija.hr\/index.php?rest_route=\/wp\/v2\/types\/post"}],"author":[{"embeddable":true,"href":"https:\/\/historiografija.hr\/index.php?rest_route=\/wp\/v2\/users\/2"}],"replies":[{"embeddable":true,"href":"https:\/\/historiografija.hr\/index.php?rest_route=%2Fwp%2Fv2%2Fcomments&post=4754"}],"version-history":[{"count":1,"href":"https:\/\/historiografija.hr\/index.php?rest_route=\/wp\/v2\/posts\/4754\/revisions"}],"predecessor-version":[{"id":4756,"href":"https:\/\/historiografija.hr\/index.php?rest_route=\/wp\/v2\/posts\/4754\/revisions\/4756"}],"wp:featuredmedia":[{"embeddable":true,"href":"https:\/\/historiografija.hr\/index.php?rest_route=\/wp\/v2\/media\/4755"}],"wp:attachment":[{"href":"https:\/\/historiografija.hr\/index.php?rest_route=%2Fwp%2Fv2%2Fmedia&parent=4754"}],"wp:term":[{"taxonomy":"category","embeddable":true,"href":"https:\/\/historiografija.hr\/index.php?rest_route=%2Fwp%2Fv2%2Fcategories&post=4754"},{"taxonomy":"post_tag","embeddable":true,"href":"https:\/\/historiografija.hr\/index.php?rest_route=%2Fwp%2Fv2%2Ftags&post=4754"}],"curies":[{"name":"wp","href":"https:\/\/api.w.org\/{rel}","templated":true}]}}