{"id":47533,"date":"2025-07-21T22:18:06","date_gmt":"2025-07-21T22:18:06","guid":{"rendered":"https:\/\/historiografija.hr\/?p=47533"},"modified":"2025-07-21T22:18:06","modified_gmt":"2025-07-21T22:18:06","slug":"vlado-kapicic-od-dinare-do-sutjeske","status":"publish","type":"post","link":"https:\/\/historiografija.hr\/?p=47533","title":{"rendered":"Vlado Kapi\u010di\u0107, &#8220;Od Dinare do Sutjeske&#8221;"},"content":{"rendered":"\n<p>U izdanju NVO Antifa\u0161isti Cetinja objavljena je knjiga ratnih sje\u0107anja Vlada Kapi\u010di\u0107a \u201eOd Dinare do Sutjeske\u201c, u kojima pi\u0161e o ratnom putu Druge dalmatinske proleterske brigade od njezina osnutka 1942. do bitke na Sutjesci 1943. godine.<\/p>\n\n\n\n<hr class=\"wp-block-separator has-alpha-channel-opacity\"\/>\n\n\n\n<p>Op\u0161irnije:<\/p>\n\n\n\n<p><a href=\"https:\/\/historiografija.ba\/knjige\/jugoistocna-evropa\/od-dinare-do-sutjeske\">https:\/\/historiografija.ba\/knjige\/jugoistocna-evropa\/od-dinare-do-sutjeske<\/a><\/p>\n\n\n\n<p><a href=\"https:\/\/www.antenam.net\/istorija\/367046-ratna-sjecanja-vlada-kapicica-od-dinare-do-sutjeske\">https:\/\/www.antenam.net\/istorija\/367046-ratna-sjecanja-vlada-kapicica-od-dinare-do-sutjeske<\/a><\/p>\n\n\n\n<figure class=\"wp-block-embed is-type-wp-embed is-provider-gradski-portal wp-block-embed-gradski-portal\"><div class=\"wp-block-embed__wrapper\">\n<blockquote class=\"wp-embedded-content\" data-secret=\"q6IyhHK9L6\"><a href=\"https:\/\/gradski.me\/od-dinare-do-sutjeske-podsjetnik-na-ideju-borbe-za-slobodu-covjeka-pravdu-i-jednakost\/\">&#8222;Od Dinare do Sutjeske&#8220;: Podsjetnik na ideju borbe za slobodu, \u010dovjeka, pravdu i jednakost<\/a><\/blockquote><iframe loading=\"lazy\" class=\"wp-embedded-content\" sandbox=\"allow-scripts\" security=\"restricted\" style=\"position: absolute; visibility: hidden;\" title=\"&#132;&#8222;Od Dinare do Sutjeske&#8220;: Podsjetnik na ideju borbe za slobodu, \u010dovjeka, pravdu i jednakost&#147; &#8212; Gradski portal\" src=\"https:\/\/gradski.me\/od-dinare-do-sutjeske-podsjetnik-na-ideju-borbe-za-slobodu-covjeka-pravdu-i-jednakost\/embed\/#?secret=Dc2jMa5rpu#?secret=q6IyhHK9L6\" data-secret=\"q6IyhHK9L6\" width=\"600\" height=\"338\" frameborder=\"0\" marginwidth=\"0\" marginheight=\"0\" scrolling=\"no\"><\/iframe>\n<\/div><\/figure>\n\n\n\n<hr class=\"wp-block-separator has-alpha-channel-opacity\"\/>\n","protected":false},"excerpt":{"rendered":"","protected":false},"author":2,"featured_media":47534,"comment_status":"open","ping_status":"open","sticky":false,"template":"","format":"standard","meta":{"_acf_changed":false,"jetpack_post_was_ever_published":false,"_jetpack_newsletter_access":"","_jetpack_dont_email_post_to_subs":false,"_jetpack_newsletter_tier_id":0,"_jetpack_memberships_contains_paywalled_content":false,"_jetpack_memberships_contains_paid_content":false,"footnotes":"","jetpack_publicize_message":"","jetpack_publicize_feature_enabled":true,"jetpack_social_post_already_shared":true,"jetpack_social_options":{"image_generator_settings":{"template":"highway","default_image_id":0,"font":"","enabled":false},"version":2}},"categories":[8,3],"tags":[],"class_list":["post-47533","post","type-post","status-publish","format-standard","has-post-thumbnail","hentry","category-knjige","category-novosti"],"acf":{"facebook_opis":""},"jetpack_publicize_connections":[],"jetpack_featured_media_url":"https:\/\/i0.wp.com\/historiografija.hr\/wp-content\/uploads\/2025\/07\/Vlado-Kapicic-Od-Dinare-do-Sutjeske.jpg?fit=450%2C618&ssl=1","jetpack_sharing_enabled":true,"jetpack-related-posts":[],"_links":{"self":[{"href":"https:\/\/historiografija.hr\/index.php?rest_route=\/wp\/v2\/posts\/47533","targetHints":{"allow":["GET"]}}],"collection":[{"href":"https:\/\/historiografija.hr\/index.php?rest_route=\/wp\/v2\/posts"}],"about":[{"href":"https:\/\/historiografija.hr\/index.php?rest_route=\/wp\/v2\/types\/post"}],"author":[{"embeddable":true,"href":"https:\/\/historiografija.hr\/index.php?rest_route=\/wp\/v2\/users\/2"}],"replies":[{"embeddable":true,"href":"https:\/\/historiografija.hr\/index.php?rest_route=%2Fwp%2Fv2%2Fcomments&post=47533"}],"version-history":[{"count":1,"href":"https:\/\/historiografija.hr\/index.php?rest_route=\/wp\/v2\/posts\/47533\/revisions"}],"predecessor-version":[{"id":47535,"href":"https:\/\/historiografija.hr\/index.php?rest_route=\/wp\/v2\/posts\/47533\/revisions\/47535"}],"wp:featuredmedia":[{"embeddable":true,"href":"https:\/\/historiografija.hr\/index.php?rest_route=\/wp\/v2\/media\/47534"}],"wp:attachment":[{"href":"https:\/\/historiografija.hr\/index.php?rest_route=%2Fwp%2Fv2%2Fmedia&parent=47533"}],"wp:term":[{"taxonomy":"category","embeddable":true,"href":"https:\/\/historiografija.hr\/index.php?rest_route=%2Fwp%2Fv2%2Fcategories&post=47533"},{"taxonomy":"post_tag","embeddable":true,"href":"https:\/\/historiografija.hr\/index.php?rest_route=%2Fwp%2Fv2%2Ftags&post=47533"}],"curies":[{"name":"wp","href":"https:\/\/api.w.org\/{rel}","templated":true}]}}