{"id":47527,"date":"2025-07-21T21:54:50","date_gmt":"2025-07-21T21:54:50","guid":{"rendered":"https:\/\/historiografija.hr\/?p=47527"},"modified":"2025-07-21T21:54:50","modified_gmt":"2025-07-21T21:54:50","slug":"istina-o-e%d0%baonoms%d0%baoj-podlozi-hrvats%d0%baog-pitanja-rudolfa-bicanica-odgovor-g-dr-bicanicu-priredio-i-predgovor-napisao-bosko-mijatovic","status":"publish","type":"post","link":"https:\/\/historiografija.hr\/?p=47527","title":{"rendered":"\u201eISTINA O E\u041aONOMS\u041aOJ PODLOZI HRVATS\u041aOG PITANJA RUDOLFA BI\u0106ANI\u0106A. Odgovor g. dr Bi\u0107ani\u0107u\u201c, Priredio i predgovor napisao: Bo\u0161ko Mijatovi\u0107"},"content":{"rendered":"\n<p>\u041anjiga <em>Istina o ekonomskoj podlozi hrvatskog pitanja<\/em> (1940), predstavlja odgovor grupe beogradskih ekonomista i pravnika na tvrdnje iznete u knjizi hrvatskog autora Rudolfa Bi\u0107ani\u0107a <em>Ekonomska podloga hrvatskog pitanja <\/em>(1938), u kojoj je autor poku\u0161ao da doka\u017ee da su beogradske vlade od stvaranja \u041araljevine SHS\/Jugoslavije preduzimale mere kojima, kako je ponavljao da se bolje upamti, izrabljuju, odnosno eksploati\u0161u hrvatske i pre\u010danske krajeve.<\/p>\n\n\n\n<p>Nema sumnje da je knjiga <em>Ekonomska podloga hrvatskog pitanja<\/em> ostvarila svoj propagandni cilj u Hrvatskoj: ljudi su poverovali da je Srbija plja\u010dkala Hrvatsku sve vreme postojanja Jugoslavije na sve zamislive i nezamislive na\u010dine. Taj glas bio je samo jedan u sveop\u0161tem politi\u010dkom napadu na Beograd, koji ne da slobodu hrvatskom narodu, ali svakako ne presudan. Po\u0161to jugoslovenska vlada nije odgovorila na Bi\u0107ani\u0107evu knjigu, grupa autora okupljena oko Srpskog kulturnog kluba preuzela je na sebe odbranu srpske pozicije, odnosno kritiku Bi\u0107ani\u0107eve knjige.<\/p>\n\n\n\n<p>Postavlja se pitanje ima li smisla danas objavljivati ovu knjigu, odnosno, da li je potrebno i danas, vi\u0161e od osamdeset godina kasnije, vra\u0107ati se na jednu staru polemiku odavno pokojnih autora. Mislim da je odgovor potvrdan, jer teme koje su ovde pokrenute nisu do dana dana\u0161njeg ra\u0161\u010di\u0161\u0107ene i predate zaboravu. Naprotiv, one se i sada povla\u010de po istoriografskoj literaturi i, \u0161to je najgore, Srbi i Srbija jo\u0161 uvek nose breme optu\u017ebe da su bili hegemon u Jugoslaviji izme\u0111u dva svetska rata i kao takvi ekonomski iskori\u0161\u0107avali hrvatske i pre\u010danske krajeve.<\/p>\n\n\n\n<p><em>Bo\u0161ko Mijatovi\u0107<\/em><\/p>\n\n\n\n<hr class=\"wp-block-separator has-alpha-channel-opacity\"\/>\n\n\n\n<p>Godina izdanja: 2022<\/p>\n\n\n\n<p>Pismo: \u0107irilica<\/p>\n\n\n\n<p>Broj stranica: 232<\/p>\n\n\n\n<hr class=\"wp-block-separator has-alpha-channel-opacity\"\/>\n\n\n\n<p>Izvor: <\/p>\n\n\n\n<p><a href=\"https:\/\/akademskaknjiga.com\/katalog\/istina-o-ekonomskoj-podlozi-hrvatskog-pitanja\">https:\/\/akademskaknjiga.com\/katalog\/istina-o-ekonomskoj-podlozi-hrvatskog-pitanja<\/a><\/p>\n\n\n\n<hr class=\"wp-block-separator has-alpha-channel-opacity\"\/>\n","protected":false},"excerpt":{"rendered":"","protected":false},"author":2,"featured_media":47528,"comment_status":"open","ping_status":"open","sticky":false,"template":"","format":"standard","meta":{"_acf_changed":false,"jetpack_post_was_ever_published":false,"_jetpack_newsletter_access":"","_jetpack_dont_email_post_to_subs":false,"_jetpack_newsletter_tier_id":0,"_jetpack_memberships_contains_paywalled_content":false,"_jetpack_memberships_contains_paid_content":false,"footnotes":"","jetpack_publicize_message":"","jetpack_publicize_feature_enabled":true,"jetpack_social_post_already_shared":true,"jetpack_social_options":{"image_generator_settings":{"template":"highway","default_image_id":0,"font":"","enabled":false},"version":2}},"categories":[8,3],"tags":[],"class_list":["post-47527","post","type-post","status-publish","format-standard","has-post-thumbnail","hentry","category-knjige","category-novosti"],"acf":{"facebook_opis":""},"jetpack_publicize_connections":[],"jetpack_featured_media_url":"https:\/\/i0.wp.com\/historiografija.hr\/wp-content\/uploads\/2025\/07\/Istina-o-ekonomskoj-podlozi-hrvatskog-pitanja.png?fit=600%2C900&ssl=1","jetpack_sharing_enabled":true,"jetpack-related-posts":[],"_links":{"self":[{"href":"https:\/\/historiografija.hr\/index.php?rest_route=\/wp\/v2\/posts\/47527","targetHints":{"allow":["GET"]}}],"collection":[{"href":"https:\/\/historiografija.hr\/index.php?rest_route=\/wp\/v2\/posts"}],"about":[{"href":"https:\/\/historiografija.hr\/index.php?rest_route=\/wp\/v2\/types\/post"}],"author":[{"embeddable":true,"href":"https:\/\/historiografija.hr\/index.php?rest_route=\/wp\/v2\/users\/2"}],"replies":[{"embeddable":true,"href":"https:\/\/historiografija.hr\/index.php?rest_route=%2Fwp%2Fv2%2Fcomments&post=47527"}],"version-history":[{"count":1,"href":"https:\/\/historiografija.hr\/index.php?rest_route=\/wp\/v2\/posts\/47527\/revisions"}],"predecessor-version":[{"id":47529,"href":"https:\/\/historiografija.hr\/index.php?rest_route=\/wp\/v2\/posts\/47527\/revisions\/47529"}],"wp:featuredmedia":[{"embeddable":true,"href":"https:\/\/historiografija.hr\/index.php?rest_route=\/wp\/v2\/media\/47528"}],"wp:attachment":[{"href":"https:\/\/historiografija.hr\/index.php?rest_route=%2Fwp%2Fv2%2Fmedia&parent=47527"}],"wp:term":[{"taxonomy":"category","embeddable":true,"href":"https:\/\/historiografija.hr\/index.php?rest_route=%2Fwp%2Fv2%2Fcategories&post=47527"},{"taxonomy":"post_tag","embeddable":true,"href":"https:\/\/historiografija.hr\/index.php?rest_route=%2Fwp%2Fv2%2Ftags&post=47527"}],"curies":[{"name":"wp","href":"https:\/\/api.w.org\/{rel}","templated":true}]}}