{"id":47499,"date":"2025-07-17T21:30:53","date_gmt":"2025-07-17T21:30:53","guid":{"rendered":"https:\/\/historiografija.hr\/?p=47499"},"modified":"2025-07-17T21:30:53","modified_gmt":"2025-07-17T21:30:53","slug":"dubravka-botica-urbem-zagrabiensem-adventus-svecanosti-povodom-posjeta-cara-franje-i-zagrebu-1818-godine","status":"publish","type":"post","link":"https:\/\/historiografija.hr\/?p=47499","title":{"rendered":"Dubravka Botica, \u201eUrbem Zagrabiensem Adventus. Sve\u010danosti povodom posjeta cara Franje I. Zagrebu 1818. godine\u201c"},"content":{"rendered":"\n<p>Kraj vi\u0161emjese\u010dnog putovanja cara Franje I. i carice Karoline Auguste Primorjem, Dalmacijom i banskom Hrvatskom obilje\u017een je vi\u0161ednevnim sve\u010danostima odr\u017eanima od 27. lipnja do 1. srpnja 1818. godine u Zagrebu. Uprili\u010dena je ceremonija carskog ulaska u grad, adventusa, \u010ditav grad bio je sve\u010dano ukra\u0161en, rasko\u0161na rasvjeta u ve\u010dernjim satima 28. lipnja 1818. preobrazila ga je u more svjetla, objavljivale su se pjesme prigodnice, odr\u017eavali koncerti i predstave.<\/p>\n\n\n\n<p>Na temelju brojnih izvora i dokumenata iz doma\u0107ih i stranih arhiva i knji\u017enica te novinskih izvje\u0161taja u novinama Weiner Zeitung, rekonstruirane su sve\u010danosti ali i izgled grada 1818. godine kao i najva\u017enijih struktura postavljenih u javnom prostoru, na trgu Harmica te na Gornjem gradu.<\/p>\n\n\n\n<p>Sve\u010danosti pru\u017eaju uvid u tada\u0161nju kulturnu i umjetni\u010dku produkciju, likovne umjetnosti i arhitekturu, pjesni\u0161tvo na latinskom i njema\u010dkom te izvedbene umjetnosti. Slo\u017eeni program realiziran je u vi\u0161e medija i posreduje aktualnu politi\u010dku poruku slave\u0107i cara kao donositelja mira, uz jasne iskaze \u017eelja za ujedinjenjem hrvatskih zemalja te svjedo\u010di o po\u010decima bu\u0111enja narodnog preporoda. Zagreba\u010dke sve\u010danosti razmotrene su i u \u0161irem kontekstu vladarskih putovanja tog vremena.<\/p>\n\n\n\n<p>Dubravka Botica je redovita profesorica na Odsjeku za povijest umjetnosti Filozofskog fakulteta u Zagrebu. Ovo je njezina tre\u0107a autorska knjiga, koautorica je vi\u0161e izlo\u017eaba.<\/p>\n\n\n\n<hr class=\"wp-block-separator has-alpha-channel-opacity\"\/>\n\n\n\n<p>Izvor:<\/p>\n\n\n\n<figure class=\"wp-block-embed is-type-wp-embed is-provider-srednja-europa wp-block-embed-srednja-europa\"><div class=\"wp-block-embed__wrapper\">\n<blockquote class=\"wp-embedded-content\" data-secret=\"0Ssed6GkoZ\"><a href=\"https:\/\/srednja-europa.hr\/proizvod\/urbem-zagrabiensem-adventus-svecanosti-povodom-posjeta-cara-franje-i-zagrebu-1818-godine\/\">Urbem Zagrabiensem Adventus. Sve\u010danosti povodom posjeta cara Franje I. Zagrebu 1818. godine<\/a><\/blockquote><iframe loading=\"lazy\" class=\"wp-embedded-content\" sandbox=\"allow-scripts\" security=\"restricted\" style=\"position: absolute; visibility: hidden;\" title=\"&#8220;Urbem Zagrabiensem Adventus. Sve\u010danosti povodom posjeta cara Franje I. Zagrebu 1818. godine&#8221; &#8212; Srednja Europa\" src=\"https:\/\/srednja-europa.hr\/proizvod\/urbem-zagrabiensem-adventus-svecanosti-povodom-posjeta-cara-franje-i-zagrebu-1818-godine\/embed\/#?secret=UmSGPF1Bi8#?secret=0Ssed6GkoZ\" data-secret=\"0Ssed6GkoZ\" width=\"600\" height=\"338\" frameborder=\"0\" marginwidth=\"0\" marginheight=\"0\" scrolling=\"no\"><\/iframe>\n<\/div><\/figure>\n\n\n\n<hr class=\"wp-block-separator has-alpha-channel-opacity\"\/>\n","protected":false},"excerpt":{"rendered":"","protected":false},"author":2,"featured_media":47500,"comment_status":"open","ping_status":"open","sticky":false,"template":"","format":"standard","meta":{"_acf_changed":false,"jetpack_post_was_ever_published":false,"_jetpack_newsletter_access":"","_jetpack_dont_email_post_to_subs":false,"_jetpack_newsletter_tier_id":0,"_jetpack_memberships_contains_paywalled_content":false,"_jetpack_memberships_contains_paid_content":false,"footnotes":"","jetpack_publicize_message":"","jetpack_publicize_feature_enabled":true,"jetpack_social_post_already_shared":true,"jetpack_social_options":{"image_generator_settings":{"template":"highway","default_image_id":0,"font":"","enabled":false},"version":2}},"categories":[8,3],"tags":[],"class_list":["post-47499","post","type-post","status-publish","format-standard","has-post-thumbnail","hentry","category-knjige","category-novosti"],"acf":{"facebook_opis":""},"jetpack_publicize_connections":[],"jetpack_featured_media_url":"https:\/\/i0.wp.com\/historiografija.hr\/wp-content\/uploads\/2025\/07\/Botica.jpg?fit=361%2C451&ssl=1","jetpack_sharing_enabled":true,"jetpack-related-posts":[],"_links":{"self":[{"href":"https:\/\/historiografija.hr\/index.php?rest_route=\/wp\/v2\/posts\/47499","targetHints":{"allow":["GET"]}}],"collection":[{"href":"https:\/\/historiografija.hr\/index.php?rest_route=\/wp\/v2\/posts"}],"about":[{"href":"https:\/\/historiografija.hr\/index.php?rest_route=\/wp\/v2\/types\/post"}],"author":[{"embeddable":true,"href":"https:\/\/historiografija.hr\/index.php?rest_route=\/wp\/v2\/users\/2"}],"replies":[{"embeddable":true,"href":"https:\/\/historiografija.hr\/index.php?rest_route=%2Fwp%2Fv2%2Fcomments&post=47499"}],"version-history":[{"count":1,"href":"https:\/\/historiografija.hr\/index.php?rest_route=\/wp\/v2\/posts\/47499\/revisions"}],"predecessor-version":[{"id":47501,"href":"https:\/\/historiografija.hr\/index.php?rest_route=\/wp\/v2\/posts\/47499\/revisions\/47501"}],"wp:featuredmedia":[{"embeddable":true,"href":"https:\/\/historiografija.hr\/index.php?rest_route=\/wp\/v2\/media\/47500"}],"wp:attachment":[{"href":"https:\/\/historiografija.hr\/index.php?rest_route=%2Fwp%2Fv2%2Fmedia&parent=47499"}],"wp:term":[{"taxonomy":"category","embeddable":true,"href":"https:\/\/historiografija.hr\/index.php?rest_route=%2Fwp%2Fv2%2Fcategories&post=47499"},{"taxonomy":"post_tag","embeddable":true,"href":"https:\/\/historiografija.hr\/index.php?rest_route=%2Fwp%2Fv2%2Ftags&post=47499"}],"curies":[{"name":"wp","href":"https:\/\/api.w.org\/{rel}","templated":true}]}}